{"id":1035,"date":"2025-06-11T20:41:04","date_gmt":"2025-06-12T01:41:04","guid":{"rendered":"https:\/\/academiacatolica.com\/?p=1035"},"modified":"2025-06-11T20:54:59","modified_gmt":"2025-06-12T01:54:59","slug":"domingo-de-pentecostes-homilia","status":"publish","type":"post","link":"https:\/\/academiacatolica.com\/index.php\/2025\/06\/11\/domingo-de-pentecostes-homilia\/","title":{"rendered":"Domingo de Pentecost\u00e9s &#8211; Homil\u00eda"},"content":{"rendered":"\n<p><a href=\"https:\/\/x.com\/PadreTomasB\"><\/a><\/p>\n\n\n\n<p><a href=\"https:\/\/x.com\/PadreTomasB\"><\/a>Hace 53 d\u00edas los ap\u00f3stoles estaban reunidos en el cen\u00e1culo. Jesucristo les lav\u00f3 los pies (que era lo que hac\u00edan los esclavos con los se\u00f1ores) y les ense\u00f1\u00f3 que si el maestro ven\u00eda a servir y no a ser servido, lo mismo deb\u00edan hacer ellos. El Se\u00f1or tambi\u00e9n rez\u00f3 al Padre por cada uno de sus disc\u00edpulos, pidiendo que sean uno como el Padre y \u00c9l son Uno. Adem\u00e1s de pedirle al Padre por la unidad, tambi\u00e9n rez\u00f3 para que sean protegidos del maligno y consagrados en la verdad. Finalmente pidi\u00f3 por todos aquellos a los cuales los ap\u00f3stoles les iban a predicar el Evangelio. <\/p>\n\n\n\n<p>En esa misma cena de jueves santo, los ap\u00f3stoles recibieron la ordenaci\u00f3n sacerdotal y recibieron el Cuerpo y la Sangre de Dios hecho hombre. Sin embargo, \u00bfQu\u00e9 sucedi\u00f3 cuando se fueron del cen\u00e1culo? Todos, absolutamente todos abandonaron a Jes\u00fas. \u00a1Ni bien salieron de la primera Misa! Hab\u00edan sido consagrados sacerdotes, hab\u00edan recibido el Cuerpo y la Sangre de Cristo por primera vez, el Se\u00f1or hab\u00eda rezado por ellos, y sin embargo\u2026 Judas vende a Jes\u00fas por 30 monedas de plata, Pedro lo niega tres veces delante de una sirvienta, y en el momento de la pasi\u00f3n todos los ap\u00f3stoles huyen y abandonan al divino maestro en las manos de sus verdugos. Al pie de la cruz, estaban la virgen Mar\u00eda, las santas mujeres, y san Juan ap\u00f3stol. Los otros 11 ap\u00f3stoles lo abandonaron.<\/p>\n\n\n\n<p>El Se\u00f1or hab\u00eda estado tres a\u00f1os con ellos, hab\u00edan visto sus obras, sus milagros, vieron inclusive la resurrecci\u00f3n de muertos. Tambi\u00e9n fueron imbuidos con la predicaci\u00f3n de Jesucristo en todo momento y circunstancia. Sin embargo, parecer\u00eda que nada de esto hubiese sido suficiente, ni la ordenaci\u00f3n sacerdotal, ni la oraci\u00f3n de Jesucristo, ni su Cuerpo y su Sangre, ni todo lo que los ap\u00f3stoles hab\u00edan vivido hasta ese momento. Los disc\u00edpulos necesitaban ALGO M\u00c1S para ser fieles a la misi\u00f3n que el Se\u00f1or les hab\u00eda encomendado. <\/p>\n\n\n\n<p>Hoy, en el d\u00eda de Pentecost\u00e9s, los ap\u00f3stoles estaban reunidos en el cen\u00e1culo. Hab\u00edan visto la resurrecci\u00f3n de Jesucristo, su ascensi\u00f3n al cielo, pero no se animaban a salir a predicar en su nombre. Estaban atemorizados, tem\u00edan que les sucediera lo mismo que a su maestro, ten\u00edan miedo del dolor y sufrimiento que pod\u00edan causarles los enemigos de Dios. Pero luego del d\u00eda de Pentecost\u00e9s, los ap\u00f3stoles salieron del cen\u00e1culo y predicaron valientemente el nombre de Jesucristo, con grandes frutos. De hecho, el primer d\u00eda de predicaci\u00f3n se hicieron cristianos unas 3000 personas.<\/p>\n\n\n\n<p> Los mismos ap\u00f3stoles que estaban encerrados, acobardados y atemorizados, salieron valientemente y sin titubear a decirle a todas las personas (inclusive a los mismos sumos sacerdotes jud\u00edos que hab\u00edan crucificado al Se\u00f1or) que Jesucristo era el \u00fanico salvador del g\u00e9nero humano. El mism\u00edsimo Pedro, quien lo hab\u00eda negado tres veces, no dud\u00f3 en confesar el nombre del Se\u00f1or delante de los m\u00e1s ac\u00e9rrimos enemigos del Evangelio. <\/p>\n\n\n\n<p>Los ap\u00f3stoles, quienes hab\u00edan abandonado a Jesucristo en el momento de su pasi\u00f3n y muerte en la cruz, predicaron el Evangelio al punto que ellos mismos murieron m\u00e1rtires, derramando su sangre por Jesucristo. El poderos\u00edsimo imperio romano se convirti\u00f3 al cristianismo por la predicaci\u00f3n de estos pobres pescadores, quienes eran hombres sin instrucci\u00f3n (ellos no lo vieron porque ocurri\u00f3 luego de tres siglos, pero sembraron la semilla). Nosotros podemos por un lado admirarnos y decir \u00a1wow! \u00a1qu\u00e9 diferencia! Es verdad, hubo un cambio.<\/p>\n\n\n\n<p> Pero no fue producido por arte de magia, sino por una persona: el Esp\u00edritu Santo, la tercera persona de la Sant\u00edsima Trinidad. El Esp\u00edritu Santo en nuestras vidas est\u00e1 bastante olvidado, pero tiene una importancia esencial para todos aquellos que buscan la verdadera santidad. En el d\u00eda de Pentecost\u00e9s, los ap\u00f3stoles junto a la sant\u00edsima Virgen Mar\u00eda estaban reunidos en el cen\u00e1culo. En ese momento recibieron el Esp\u00edritu Santo. Ah\u00ed est\u00e1 la gran diferencia y la respuesta al cambio de los ap\u00f3stoles. El Esp\u00edritu de Dios baj\u00f3 a ellos bajo la forma de lenguas de fuego, ya que es un don que es recibido para hablar. \u00bfHablar de qui\u00e9n? De Jesucristo y el Evangelio.<\/p>\n\n\n\n<p> El fuego significa que los ap\u00f3stoles deb\u00edan predicar el nombre de Jesucristo con PASI\u00d3N Y AMOR ARDIENTE. Ahora bien, hay que decir que los ap\u00f3stoles no solamente recibieron el don del Esp\u00edritu Santo, sino que adem\u00e1s fueron fieles a la gracia de Dios. El Esp\u00edritu les hizo perder todo miedo y todo temor, pero ellos decidieron salir a predicar el Evangelio libremente. Es decir, si la tercera persona de la Sant\u00edsima Trinidad hubiese bajado hacia ellos, pero los ap\u00f3stoles no hubiesen querido libremente predicar el nombre de Jesucristo, el imperio romano no se hubiese convertido al cristianismo. <\/p>\n\n\n\n<p>El Esp\u00edritu Santo es el primer misionero, si \u00c9l no act\u00faa nuestra misi\u00f3n es vana. Pero Dios quiere que nosotros colaboremos con la misi\u00f3n que \u00c9l realiza. Los ap\u00f3stoles recibieron el Esp\u00edritu de Dios y FUERON FIELES A LA GRACIA RECIBIDA. Podemos preguntarnos si el Esp\u00edritu Santo sigue actuando hoy en d\u00eda. La respuesta es positiva. Nosotros lo recibimos cuando recibimos el sacramento de la confirmaci\u00f3n, los esposos lo reciben en el momento que se acercan al sacramento del matrimonio, los sacerdotes lo recibimos en el momento de la ordenaci\u00f3n sacerdotal. <\/p>\n\n\n\n<p>El imperio romano se convirti\u00f3 al cristianismo, no por la predicaci\u00f3n de los ap\u00f3stoles sino por su gracia. Los ap\u00f3stoles fueron fieles a la gracia del Esp\u00edritu, pero si \u00c9ste no actuaba, el imperio romano a\u00fan hoy en d\u00eda ser\u00eda pagano. Cada vez que alguien se convierte al cristianismo, es obra del Esp\u00edritu Santo. <\/p>\n\n\n\n<p>Si un m\u00e1rtir muere por el nombre de Jesucristo, es el esp\u00edritu de Dios quien le da la gracia de no apostatar y sufrir pacientemente todo tipo de tormentos y torturas por la causa del Evangelio. La tercera persona de la Sant\u00edsima Trinidad act\u00faa permanentemente, siempre y cuando nosotros seamos fieles a su gracia. <\/p>\n\n\n\n<p>Nosotros a Dios le pedimos tantas gracias, pero \u00bfnos acordamos de pedir el don del Esp\u00edritu Santo? Podemos decir que la tercera persona de la Sant\u00edsima Trinidad est\u00e1 bastante abandonada por much\u00edsimos cristianos que no se dan cuenta que sin Ella no pueden hacer absolutamente nada. Si no, veamos el ejemplo de los ap\u00f3stoles: hasta que no recibieron el don del esp\u00edritu de Dios, estaban como pichones encerrados en su casa. <\/p>\n\n\n\n<p>Nosotros, al igual que los ap\u00f3stoles, debemos implorar d\u00eda a d\u00eda el Esp\u00edritu Santo para poder cumplir la misi\u00f3n que Dios nos ha encomendado a cada uno de nosotros. Si Dios nos pidi\u00f3 que formemos una familia, hay que pedirle al Se\u00f1or el don del Esp\u00edritu Divino para superar las dificultades matrimoniales y ser fieles al esposo\/esposa hasta la muerte. Tambi\u00e9n los esposos deben pedir el Esp\u00edritu Santo para tener la fuerza de educar cristianamente a sus hijos en un mundo cristof\u00f3bico. <\/p>\n\n\n\n<p>Si tenemos hijos o familiares alejados de Dios, debemos pedirle a la tercera persona de la Sant\u00edsima Trinidad por su conversi\u00f3n. Si nosotros mismos necesitamos conversi\u00f3n, sea porque somos perezosos para ir a Misa o confesarnos, sea porque no rezamos ni nos acordamos de Dios aunque sea un poquito todos los d\u00edas, debemos pedirle al Se\u00f1or que el Esp\u00edritu Santo nos de la gracia de superar la pereza espiritual (que dicho sea de paso, la pereza espiritual es veneno para nuestra alma, debemos luchar contra ella). <\/p>\n\n\n\n<p>Un cristiano est\u00e1 obligado a defender la fe cat\u00f3lica y dar testimonio de ella delante de quienes no creen. Si somos cristianos tibios y no defendemos la fe cat\u00f3lica contra los ataques de los enemigos de la fe, debemos pedir al Se\u00f1or el don del Esp\u00edritu Divino, para perder el miedo y predicar el Evangelio aunque eso nos cueste la misma vida. Por \u00faltimo, si queremos salvarnos e ir al cielo, debemos pedirle a Jesucristo el don del Esp\u00edritu Santo, ya que nadie puede salvarse si \u00c9ste no le da gracia de perseverar hasta la muerte. <\/p>\n\n\n\n<p>Si queremos salvarnos e ir al cielo, debemos pedir que la tercera persona de la Sant\u00edsima Trinidad act\u00fae en nosotros. No solamente debemos pedir el don del esp\u00edritu de Dios , sino que adem\u00e1s debemos esforzarnos para ser fieles a las gracias que \u00c9ste nos da. Dios no niega el don del Esp\u00edritu Santo a quien lo pide con verdadera fe, pero a su vez, el Se\u00f1or nos pide que nos esforcemos en ser fieles a las gracias recibidas y no entristecer con nuestros pecados a la tercera persona de la Sant\u00edsima Trinidad que vive en nosotros. A la virgen Mar\u00eda, hija de Dios Padre, madre de Dios Hijo y esposa del Esp\u00edritu Santo, le pedimos la gracia de que nuestra alma sea siempre templo del Esp\u00edritu Santo y templo de la Sant\u00edsima Trinidad.<\/p>\n","protected":false},"excerpt":{"rendered":"<p>Hace 53 d\u00edas los ap\u00f3stoles estaban reunidos en el cen\u00e1culo. Jesucristo les lav\u00f3 los pies (que era lo que hac\u00edan los esclavos con los se\u00f1ores) y les ense\u00f1\u00f3 que si el maestro ven\u00eda a servir y no a ser servido, lo mismo deb\u00edan hacer ellos. El Se\u00f1or tambi\u00e9n rez\u00f3 al Padre por cada uno de [&hellip;]<\/p>\n","protected":false},"author":3,"featured_media":1040,"comment_status":"open","ping_status":"open","sticky":false,"template":"","format":"standard","meta":{"_et_pb_use_builder":"off","_et_pb_old_content":"","_et_gb_content_width":"","footnotes":""},"categories":[6],"tags":[],"class_list":["post-1035","post","type-post","status-publish","format-standard","has-post-thumbnail","hentry","category-homilias"],"yoast_head":"<!-- This site is optimized with the Yoast SEO plugin v27.5 - https:\/\/yoast.com\/product\/yoast-seo-wordpress\/ -->\n<title>Domingo de Pentecost\u00e9s - Homil\u00eda - academiacatolica.com | Hacia la contemplaci\u00f3n de la verdad<\/title>\n<meta name=\"robots\" content=\"index, follow, max-snippet:-1, max-image-preview:large, max-video-preview:-1\" \/>\n<link rel=\"canonical\" href=\"https:\/\/academiacatolica.com\/index.php\/2025\/06\/11\/domingo-de-pentecostes-homilia\/\" \/>\n<meta property=\"og:locale\" content=\"es_ES\" \/>\n<meta property=\"og:type\" content=\"article\" \/>\n<meta property=\"og:title\" content=\"Domingo de Pentecost\u00e9s - Homil\u00eda - academiacatolica.com | Hacia la contemplaci\u00f3n de la verdad\" \/>\n<meta property=\"og:description\" content=\"Hace 53 d\u00edas los ap\u00f3stoles estaban reunidos en el cen\u00e1culo. Jesucristo les lav\u00f3 los pies (que era lo que hac\u00edan los esclavos con los se\u00f1ores) y les ense\u00f1\u00f3 que si el maestro ven\u00eda a servir y no a ser servido, lo mismo deb\u00edan hacer ellos. El Se\u00f1or tambi\u00e9n rez\u00f3 al Padre por cada uno de [&hellip;]\" \/>\n<meta property=\"og:url\" content=\"https:\/\/academiacatolica.com\/index.php\/2025\/06\/11\/domingo-de-pentecostes-homilia\/\" \/>\n<meta property=\"og:site_name\" content=\"academiacatolica.com | Hacia la contemplaci\u00f3n de la verdad\" \/>\n<meta property=\"article:published_time\" content=\"2025-06-12T01:41:04+00:00\" \/>\n<meta property=\"article:modified_time\" content=\"2025-06-12T01:54:59+00:00\" \/>\n<meta property=\"og:image\" content=\"https:\/\/academiacatolica.com\/wp-content\/uploads\/2025\/06\/20250611_2050_Dia-de-Pentecostes_simple_compose_01jxgx79n7f56t3pr18h47pqny-1-1.png\" \/>\n\t<meta property=\"og:image:width\" content=\"1536\" \/>\n\t<meta property=\"og:image:height\" content=\"1024\" \/>\n\t<meta property=\"og:image:type\" content=\"image\/png\" \/>\n<meta name=\"author\" content=\"Padre Tomas\" \/>\n<meta name=\"twitter:card\" content=\"summary_large_image\" \/>\n<meta name=\"twitter:label1\" content=\"Escrito por\" \/>\n\t<meta name=\"twitter:data1\" content=\"Padre Tomas\" \/>\n\t<meta name=\"twitter:label2\" content=\"Tiempo de lectura\" \/>\n\t<meta name=\"twitter:data2\" content=\"7 minutos\" \/>\n<script type=\"application\/ld+json\" class=\"yoast-schema-graph\">{\"@context\":\"https:\\\/\\\/schema.org\",\"@graph\":[{\"@type\":\"Article\",\"@id\":\"https:\\\/\\\/academiacatolica.com\\\/index.php\\\/2025\\\/06\\\/11\\\/domingo-de-pentecostes-homilia\\\/#article\",\"isPartOf\":{\"@id\":\"https:\\\/\\\/academiacatolica.com\\\/index.php\\\/2025\\\/06\\\/11\\\/domingo-de-pentecostes-homilia\\\/\"},\"author\":{\"name\":\"Padre Tomas\",\"@id\":\"https:\\\/\\\/academiacatolica.com\\\/#\\\/schema\\\/person\\\/1f3028bcc7fdbccc6999ea19a0c9fc36\"},\"headline\":\"Domingo de Pentecost\u00e9s &#8211; Homil\u00eda\",\"datePublished\":\"2025-06-12T01:41:04+00:00\",\"dateModified\":\"2025-06-12T01:54:59+00:00\",\"mainEntityOfPage\":{\"@id\":\"https:\\\/\\\/academiacatolica.com\\\/index.php\\\/2025\\\/06\\\/11\\\/domingo-de-pentecostes-homilia\\\/\"},\"wordCount\":1606,\"commentCount\":0,\"image\":{\"@id\":\"https:\\\/\\\/academiacatolica.com\\\/index.php\\\/2025\\\/06\\\/11\\\/domingo-de-pentecostes-homilia\\\/#primaryimage\"},\"thumbnailUrl\":\"https:\\\/\\\/academiacatolica.com\\\/wp-content\\\/uploads\\\/2025\\\/06\\\/20250611_2050_Dia-de-Pentecostes_simple_compose_01jxgx79n7f56t3pr18h47pqny-1-1.png\",\"articleSection\":[\"Homilias\"],\"inLanguage\":\"es\",\"potentialAction\":[{\"@type\":\"CommentAction\",\"name\":\"Comment\",\"target\":[\"https:\\\/\\\/academiacatolica.com\\\/index.php\\\/2025\\\/06\\\/11\\\/domingo-de-pentecostes-homilia\\\/#respond\"]}]},{\"@type\":\"WebPage\",\"@id\":\"https:\\\/\\\/academiacatolica.com\\\/index.php\\\/2025\\\/06\\\/11\\\/domingo-de-pentecostes-homilia\\\/\",\"url\":\"https:\\\/\\\/academiacatolica.com\\\/index.php\\\/2025\\\/06\\\/11\\\/domingo-de-pentecostes-homilia\\\/\",\"name\":\"Domingo de Pentecost\u00e9s - Homil\u00eda - academiacatolica.com | Hacia la contemplaci\u00f3n de la verdad\",\"isPartOf\":{\"@id\":\"https:\\\/\\\/academiacatolica.com\\\/#website\"},\"primaryImageOfPage\":{\"@id\":\"https:\\\/\\\/academiacatolica.com\\\/index.php\\\/2025\\\/06\\\/11\\\/domingo-de-pentecostes-homilia\\\/#primaryimage\"},\"image\":{\"@id\":\"https:\\\/\\\/academiacatolica.com\\\/index.php\\\/2025\\\/06\\\/11\\\/domingo-de-pentecostes-homilia\\\/#primaryimage\"},\"thumbnailUrl\":\"https:\\\/\\\/academiacatolica.com\\\/wp-content\\\/uploads\\\/2025\\\/06\\\/20250611_2050_Dia-de-Pentecostes_simple_compose_01jxgx79n7f56t3pr18h47pqny-1-1.png\",\"datePublished\":\"2025-06-12T01:41:04+00:00\",\"dateModified\":\"2025-06-12T01:54:59+00:00\",\"author\":{\"@id\":\"https:\\\/\\\/academiacatolica.com\\\/#\\\/schema\\\/person\\\/1f3028bcc7fdbccc6999ea19a0c9fc36\"},\"breadcrumb\":{\"@id\":\"https:\\\/\\\/academiacatolica.com\\\/index.php\\\/2025\\\/06\\\/11\\\/domingo-de-pentecostes-homilia\\\/#breadcrumb\"},\"inLanguage\":\"es\",\"potentialAction\":[{\"@type\":\"ReadAction\",\"target\":[\"https:\\\/\\\/academiacatolica.com\\\/index.php\\\/2025\\\/06\\\/11\\\/domingo-de-pentecostes-homilia\\\/\"]}]},{\"@type\":\"ImageObject\",\"inLanguage\":\"es\",\"@id\":\"https:\\\/\\\/academiacatolica.com\\\/index.php\\\/2025\\\/06\\\/11\\\/domingo-de-pentecostes-homilia\\\/#primaryimage\",\"url\":\"https:\\\/\\\/academiacatolica.com\\\/wp-content\\\/uploads\\\/2025\\\/06\\\/20250611_2050_Dia-de-Pentecostes_simple_compose_01jxgx79n7f56t3pr18h47pqny-1-1.png\",\"contentUrl\":\"https:\\\/\\\/academiacatolica.com\\\/wp-content\\\/uploads\\\/2025\\\/06\\\/20250611_2050_Dia-de-Pentecostes_simple_compose_01jxgx79n7f56t3pr18h47pqny-1-1.png\",\"width\":1536,\"height\":1024},{\"@type\":\"BreadcrumbList\",\"@id\":\"https:\\\/\\\/academiacatolica.com\\\/index.php\\\/2025\\\/06\\\/11\\\/domingo-de-pentecostes-homilia\\\/#breadcrumb\",\"itemListElement\":[{\"@type\":\"ListItem\",\"position\":1,\"name\":\"Home\",\"item\":\"https:\\\/\\\/academiacatolica.com\\\/\"},{\"@type\":\"ListItem\",\"position\":2,\"name\":\"Domingo de Pentecost\u00e9s &#8211; Homil\u00eda\"}]},{\"@type\":\"WebSite\",\"@id\":\"https:\\\/\\\/academiacatolica.com\\\/#website\",\"url\":\"https:\\\/\\\/academiacatolica.com\\\/\",\"name\":\"academiacatolica.com | Hacia la contemplaci\u00f3n de la verdad\",\"description\":\"P\u00e1gina Web Oficial del P. Tom\u00e1s Agust\u00edn Beroch - Catequesis digital\",\"potentialAction\":[{\"@type\":\"SearchAction\",\"target\":{\"@type\":\"EntryPoint\",\"urlTemplate\":\"https:\\\/\\\/academiacatolica.com\\\/?s={search_term_string}\"},\"query-input\":{\"@type\":\"PropertyValueSpecification\",\"valueRequired\":true,\"valueName\":\"search_term_string\"}}],\"inLanguage\":\"es\"},{\"@type\":\"Person\",\"@id\":\"https:\\\/\\\/academiacatolica.com\\\/#\\\/schema\\\/person\\\/1f3028bcc7fdbccc6999ea19a0c9fc36\",\"name\":\"Padre Tomas\",\"image\":{\"@type\":\"ImageObject\",\"inLanguage\":\"es\",\"@id\":\"https:\\\/\\\/secure.gravatar.com\\\/avatar\\\/debde11d0a08b0b82264c47a07e753310d506ab41f79e6193e661b3fd9a12ca9?s=96&d=mm&r=g\",\"url\":\"https:\\\/\\\/secure.gravatar.com\\\/avatar\\\/debde11d0a08b0b82264c47a07e753310d506ab41f79e6193e661b3fd9a12ca9?s=96&d=mm&r=g\",\"contentUrl\":\"https:\\\/\\\/secure.gravatar.com\\\/avatar\\\/debde11d0a08b0b82264c47a07e753310d506ab41f79e6193e661b3fd9a12ca9?s=96&d=mm&r=g\",\"caption\":\"Padre Tomas\"},\"url\":\"https:\\\/\\\/academiacatolica.com\\\/index.php\\\/author\\\/padretbtritten\\\/\"}]}<\/script>\n<!-- \/ Yoast SEO plugin. -->","yoast_head_json":{"title":"Domingo de Pentecost\u00e9s - Homil\u00eda - academiacatolica.com | Hacia la contemplaci\u00f3n de la verdad","robots":{"index":"index","follow":"follow","max-snippet":"max-snippet:-1","max-image-preview":"max-image-preview:large","max-video-preview":"max-video-preview:-1"},"canonical":"https:\/\/academiacatolica.com\/index.php\/2025\/06\/11\/domingo-de-pentecostes-homilia\/","og_locale":"es_ES","og_type":"article","og_title":"Domingo de Pentecost\u00e9s - Homil\u00eda - academiacatolica.com | Hacia la contemplaci\u00f3n de la verdad","og_description":"Hace 53 d\u00edas los ap\u00f3stoles estaban reunidos en el cen\u00e1culo. Jesucristo les lav\u00f3 los pies (que era lo que hac\u00edan los esclavos con los se\u00f1ores) y les ense\u00f1\u00f3 que si el maestro ven\u00eda a servir y no a ser servido, lo mismo deb\u00edan hacer ellos. El Se\u00f1or tambi\u00e9n rez\u00f3 al Padre por cada uno de [&hellip;]","og_url":"https:\/\/academiacatolica.com\/index.php\/2025\/06\/11\/domingo-de-pentecostes-homilia\/","og_site_name":"academiacatolica.com | Hacia la contemplaci\u00f3n de la verdad","article_published_time":"2025-06-12T01:41:04+00:00","article_modified_time":"2025-06-12T01:54:59+00:00","og_image":[{"width":1536,"height":1024,"url":"https:\/\/academiacatolica.com\/wp-content\/uploads\/2025\/06\/20250611_2050_Dia-de-Pentecostes_simple_compose_01jxgx79n7f56t3pr18h47pqny-1-1.png","type":"image\/png"}],"author":"Padre Tomas","twitter_card":"summary_large_image","twitter_misc":{"Escrito por":"Padre Tomas","Tiempo de lectura":"7 minutos"},"schema":{"@context":"https:\/\/schema.org","@graph":[{"@type":"Article","@id":"https:\/\/academiacatolica.com\/index.php\/2025\/06\/11\/domingo-de-pentecostes-homilia\/#article","isPartOf":{"@id":"https:\/\/academiacatolica.com\/index.php\/2025\/06\/11\/domingo-de-pentecostes-homilia\/"},"author":{"name":"Padre Tomas","@id":"https:\/\/academiacatolica.com\/#\/schema\/person\/1f3028bcc7fdbccc6999ea19a0c9fc36"},"headline":"Domingo de Pentecost\u00e9s &#8211; Homil\u00eda","datePublished":"2025-06-12T01:41:04+00:00","dateModified":"2025-06-12T01:54:59+00:00","mainEntityOfPage":{"@id":"https:\/\/academiacatolica.com\/index.php\/2025\/06\/11\/domingo-de-pentecostes-homilia\/"},"wordCount":1606,"commentCount":0,"image":{"@id":"https:\/\/academiacatolica.com\/index.php\/2025\/06\/11\/domingo-de-pentecostes-homilia\/#primaryimage"},"thumbnailUrl":"https:\/\/academiacatolica.com\/wp-content\/uploads\/2025\/06\/20250611_2050_Dia-de-Pentecostes_simple_compose_01jxgx79n7f56t3pr18h47pqny-1-1.png","articleSection":["Homilias"],"inLanguage":"es","potentialAction":[{"@type":"CommentAction","name":"Comment","target":["https:\/\/academiacatolica.com\/index.php\/2025\/06\/11\/domingo-de-pentecostes-homilia\/#respond"]}]},{"@type":"WebPage","@id":"https:\/\/academiacatolica.com\/index.php\/2025\/06\/11\/domingo-de-pentecostes-homilia\/","url":"https:\/\/academiacatolica.com\/index.php\/2025\/06\/11\/domingo-de-pentecostes-homilia\/","name":"Domingo de Pentecost\u00e9s - Homil\u00eda - academiacatolica.com | Hacia la contemplaci\u00f3n de la verdad","isPartOf":{"@id":"https:\/\/academiacatolica.com\/#website"},"primaryImageOfPage":{"@id":"https:\/\/academiacatolica.com\/index.php\/2025\/06\/11\/domingo-de-pentecostes-homilia\/#primaryimage"},"image":{"@id":"https:\/\/academiacatolica.com\/index.php\/2025\/06\/11\/domingo-de-pentecostes-homilia\/#primaryimage"},"thumbnailUrl":"https:\/\/academiacatolica.com\/wp-content\/uploads\/2025\/06\/20250611_2050_Dia-de-Pentecostes_simple_compose_01jxgx79n7f56t3pr18h47pqny-1-1.png","datePublished":"2025-06-12T01:41:04+00:00","dateModified":"2025-06-12T01:54:59+00:00","author":{"@id":"https:\/\/academiacatolica.com\/#\/schema\/person\/1f3028bcc7fdbccc6999ea19a0c9fc36"},"breadcrumb":{"@id":"https:\/\/academiacatolica.com\/index.php\/2025\/06\/11\/domingo-de-pentecostes-homilia\/#breadcrumb"},"inLanguage":"es","potentialAction":[{"@type":"ReadAction","target":["https:\/\/academiacatolica.com\/index.php\/2025\/06\/11\/domingo-de-pentecostes-homilia\/"]}]},{"@type":"ImageObject","inLanguage":"es","@id":"https:\/\/academiacatolica.com\/index.php\/2025\/06\/11\/domingo-de-pentecostes-homilia\/#primaryimage","url":"https:\/\/academiacatolica.com\/wp-content\/uploads\/2025\/06\/20250611_2050_Dia-de-Pentecostes_simple_compose_01jxgx79n7f56t3pr18h47pqny-1-1.png","contentUrl":"https:\/\/academiacatolica.com\/wp-content\/uploads\/2025\/06\/20250611_2050_Dia-de-Pentecostes_simple_compose_01jxgx79n7f56t3pr18h47pqny-1-1.png","width":1536,"height":1024},{"@type":"BreadcrumbList","@id":"https:\/\/academiacatolica.com\/index.php\/2025\/06\/11\/domingo-de-pentecostes-homilia\/#breadcrumb","itemListElement":[{"@type":"ListItem","position":1,"name":"Home","item":"https:\/\/academiacatolica.com\/"},{"@type":"ListItem","position":2,"name":"Domingo de Pentecost\u00e9s &#8211; Homil\u00eda"}]},{"@type":"WebSite","@id":"https:\/\/academiacatolica.com\/#website","url":"https:\/\/academiacatolica.com\/","name":"academiacatolica.com | Hacia la contemplaci\u00f3n de la verdad","description":"P\u00e1gina Web Oficial del P. Tom\u00e1s Agust\u00edn Beroch - Catequesis digital","potentialAction":[{"@type":"SearchAction","target":{"@type":"EntryPoint","urlTemplate":"https:\/\/academiacatolica.com\/?s={search_term_string}"},"query-input":{"@type":"PropertyValueSpecification","valueRequired":true,"valueName":"search_term_string"}}],"inLanguage":"es"},{"@type":"Person","@id":"https:\/\/academiacatolica.com\/#\/schema\/person\/1f3028bcc7fdbccc6999ea19a0c9fc36","name":"Padre Tomas","image":{"@type":"ImageObject","inLanguage":"es","@id":"https:\/\/secure.gravatar.com\/avatar\/debde11d0a08b0b82264c47a07e753310d506ab41f79e6193e661b3fd9a12ca9?s=96&d=mm&r=g","url":"https:\/\/secure.gravatar.com\/avatar\/debde11d0a08b0b82264c47a07e753310d506ab41f79e6193e661b3fd9a12ca9?s=96&d=mm&r=g","contentUrl":"https:\/\/secure.gravatar.com\/avatar\/debde11d0a08b0b82264c47a07e753310d506ab41f79e6193e661b3fd9a12ca9?s=96&d=mm&r=g","caption":"Padre Tomas"},"url":"https:\/\/academiacatolica.com\/index.php\/author\/padretbtritten\/"}]}},"_links":{"self":[{"href":"https:\/\/academiacatolica.com\/index.php\/wp-json\/wp\/v2\/posts\/1035","targetHints":{"allow":["GET"]}}],"collection":[{"href":"https:\/\/academiacatolica.com\/index.php\/wp-json\/wp\/v2\/posts"}],"about":[{"href":"https:\/\/academiacatolica.com\/index.php\/wp-json\/wp\/v2\/types\/post"}],"author":[{"embeddable":true,"href":"https:\/\/academiacatolica.com\/index.php\/wp-json\/wp\/v2\/users\/3"}],"replies":[{"embeddable":true,"href":"https:\/\/academiacatolica.com\/index.php\/wp-json\/wp\/v2\/comments?post=1035"}],"version-history":[{"count":1,"href":"https:\/\/academiacatolica.com\/index.php\/wp-json\/wp\/v2\/posts\/1035\/revisions"}],"predecessor-version":[{"id":1037,"href":"https:\/\/academiacatolica.com\/index.php\/wp-json\/wp\/v2\/posts\/1035\/revisions\/1037"}],"wp:featuredmedia":[{"embeddable":true,"href":"https:\/\/academiacatolica.com\/index.php\/wp-json\/wp\/v2\/media\/1040"}],"wp:attachment":[{"href":"https:\/\/academiacatolica.com\/index.php\/wp-json\/wp\/v2\/media?parent=1035"}],"wp:term":[{"taxonomy":"category","embeddable":true,"href":"https:\/\/academiacatolica.com\/index.php\/wp-json\/wp\/v2\/categories?post=1035"},{"taxonomy":"post_tag","embeddable":true,"href":"https:\/\/academiacatolica.com\/index.php\/wp-json\/wp\/v2\/tags?post=1035"}],"curies":[{"name":"wp","href":"https:\/\/api.w.org\/{rel}","templated":true}]}}