{"id":1069,"date":"2025-06-16T10:33:56","date_gmt":"2025-06-16T15:33:56","guid":{"rendered":"https:\/\/academiacatolica.com\/?p=1069"},"modified":"2025-07-23T16:11:54","modified_gmt":"2025-07-23T21:11:54","slug":"gracias-papa","status":"publish","type":"post","link":"https:\/\/academiacatolica.com\/index.php\/2025\/06\/16\/gracias-papa\/","title":{"rendered":"Gracias Pap\u00e1"},"content":{"rendered":"\n[et_pb_section admin_label=\u00bbsection\u00bb]\n\t\t\t[et_pb_row admin_label=\u00bbrow\u00bb]\n\t\t\t\t[et_pb_column type=\u00bb4_4&#8243;][et_pb_text admin_label=\u00bbText\u00bb]<!-- divi:paragraph -->\n<p>Querido pap\u00e1: En medio de este dolor que mi alma siente, solo puedo decirle a Dios GRACIAS. GRACIAS pap\u00e1 por haberme apoyado en mi vocaci\u00f3n sacerdotal. Yo no ser\u00eda un sacerdote de Cristo Jes\u00fas si no hubieses estado a mi lado en los momentos dif\u00edciles del seminario. GRACIAS porque no dejaste de repetirme la frase que siempre tuve necesidad de escuchar: \u00abcuando uno se lo propone, puede\u00bb. <\/p>\n<!-- \/divi:paragraph -->\n\n<!-- divi:paragraph -->\n<p>Cuando la vida me mostraba un obst\u00e1culo que hab\u00eda que saltar, esta frase ven\u00eda a mi mente de modo constante. En cada crisis, en cada dificultad y en cada desaf\u00edo se me hac\u00eda presente tu voz que sonaba como un eco en mi alma y me daba la fuerza para seguir adelante, a\u00fan peleando contra toda esperanza. <\/p>\n<!-- \/divi:paragraph -->\n\n<!-- divi:paragraph -->\n<p>GRACIAS por ense\u00f1arme a re\u00edrme de m\u00ed mismo; por tu frase c\u00e9lebre que tambi\u00e9n merece ser puesta en un portarretrato: \u00abTom\u00e1s, el mundo existe. Viv\u00ed la realidad\u00bb. Con esas palabras me diste la mejor vacuna contra toda ideolog\u00eda y me introdujiste en la filosof\u00eda \u00abrealista\u00bb. Aunque no eras peronista, te gustaba repetir las palabras de Per\u00f3n que dicen: \u00abla \u00fanica verdad es la realidad\u00bb. <\/p>\n<!-- \/divi:paragraph -->\n\n<!-- divi:paragraph -->\n<p>GRACIAS por tu paciencia heroica, ya que muchas veces (sobre todo en mi tiempo de adolescente) tuviste que contar hasta 100 para no explotar de bronca. Es ah\u00ed cuando te sal\u00eda otra famosa frase: \u00abmatarte es poco\u00bb. Ya sufriste tu purgatorio por el hecho de tener que soportarme en mi adolescencia. <\/p>\n<!-- \/divi:paragraph -->\n\n<!-- divi:paragraph -->\n<p>GRACIAS por ense\u00f1arme a amar a Dios por sobre todas las cosas, a tenerlo a Cristo como centro de mi vida; GRACIAS por ense\u00f1arme a amar a la Virgen Madre de Dios y Madre Nuestra. <\/p>\n<!-- \/divi:paragraph -->\n\n<!-- divi:paragraph -->\n<p>GRACIAS por inculcarme el amor al estudio, a la lectura, a los idiomas; GRACIAS por tu sentido com\u00fan y transparencia; GRACIAS por tu sentido del humor e iron\u00eda que nos bajaba de lo m\u00edtico y nos hac\u00eda chocar con el \u00abactus essendi\u00bb (la realidad).<\/p>\n<!-- \/divi:paragraph -->\n\n<!-- divi:paragraph -->\n<p> GRACIAS por ense\u00f1arnos que el odio es una bajeza humana; que el error es siempre tal, venga de quien venga; que hay valores que son irrenunciables y que no hay que entrar en di\u00e1logo con el demonio quien es el padre de la mentira. <\/p>\n<!-- \/divi:paragraph -->\n\n<!-- divi:paragraph -->\n<p>GRACIAS por tu amor incondicional de padre, por nunca cansarte de amar a tus hijos y a tu esposa; y jam\u00e1s dejar de buscar nuestro bien. En todo lo que hiciste yo he visto tu amor de padre, a\u00fan en aquello que podr\u00eda ser visto como un posible error o algo dudoso. Como padre y esposo, fuiste siempre movido por el amor a tu familia.<\/p>\n<!-- \/divi:paragraph -->\n\n<!-- divi:paragraph -->\n<p>Hoy en d\u00eda puedo decir que si volviese a nacer de nuevo, te volver\u00eda a elegir como padre una y mil veces; porque fuiste el mejor pap\u00e1 que jam\u00e1s yo hubiese podido imaginar. Viendo tu buen ejemplo, ahora puedo entender un poquito m\u00e1s (aunque no totalmente) el amor de Dios Padre hacia sus criaturas, pues en cierta manera lo reflejaste con tu vida. GRACIAS por haber sufrido con paciencia muchas acusaciones absurdas y calumnias; ya que Cristo te consider\u00f3 digno de compartir un pedacito de su cruz. El tambi\u00e9n fue acusado injustamente y fue contado entre los malhechores. <\/p>\n<!-- \/divi:paragraph -->\n\n<!-- divi:paragraph -->\n<p>Vos no sos Jesucristo y como todo mortal estuviste lejos de serlo, pero el Se\u00f1or te dio la gracia de imitarlo y de soportar calumnias y falsas acusaciones por defender causas justas. Como bien dijo el Divino Cordero: Bienaventurados los perseguidos a causa de la justicia, porque de ellos es el Reino de los Cielos\u00bb (Mt 5, 10-11) Pap\u00e1, estoy orgulloso de ser tu hijo. <\/p>\n<!-- \/divi:paragraph -->\n\n<!-- divi:paragraph -->\n<p>Estoy orgulloso de que mi padre se llame NESTOR FRANCISCO BEROCH, ya que tengo un padre que fue un verdadero ap\u00f3stol, un verdadero cristiano y un verdadero hombre con letras may\u00fasculas. Te voy a extra\u00f1ar, pero la esperanza de la vida eterna no la pierdo nunca. Si Dios en su misericordia nos lo permite, nos volveremos a encontrar en el Reino prometido para todos aquellos que aman a Dios. <\/p>\n<!-- \/divi:paragraph -->\n\n<!-- divi:paragraph -->\n<p>GRACIAS, GRACIAS, GRACIAS, MIL VECES GRACIAS querido VCH. <\/p>\n<!-- \/divi:paragraph -->\n\n<!-- divi:paragraph -->\n<p>Que en paz descanses.<\/p>\n<!-- \/divi:paragraph -->\n\n<!-- divi:paragraph -->\n<p>(25 de Mayo de 2022)<\/p>\n<!-- \/divi:paragraph -->[\/et_pb_text][\/et_pb_column]\n\t\t\t[\/et_pb_row]\n\t\t[\/et_pb_section]\n","protected":false},"excerpt":{"rendered":"<p>Querido pap\u00e1: En medio de este dolor que mi alma siente, solo puedo decirle a Dios GRACIAS. GRACIAS pap\u00e1 por haberme apoyado en mi vocaci\u00f3n sacerdotal. Yo no ser\u00eda un sacerdote de Cristo Jes\u00fas si no hubieses estado a mi lado en los momentos dif\u00edciles del seminario. GRACIAS porque no dejaste de repetirme la frase [&hellip;]<\/p>\n","protected":false},"author":3,"featured_media":1072,"comment_status":"open","ping_status":"open","sticky":false,"template":"","format":"standard","meta":{"_et_pb_use_builder":"on","_et_pb_old_content":"<!-- wp:paragraph -->\n<p>Querido pap\u00e1: En medio de este dolor que mi alma siente, solo puedo decirle a Dios GRACIAS. GRACIAS pap\u00e1 por haberme apoyado en mi vocaci\u00f3n sacerdotal. Yo no ser\u00eda un sacerdote de Cristo Jes\u00fas si no hubieses estado a mi lado en los momentos dif\u00edciles del seminario. GRACIAS porque no dejaste de repetirme la frase que siempre tuve necesidad de escuchar: \"cuando uno se lo propone, puede\". <\/p>\n<!-- \/wp:paragraph -->\n\n<!-- wp:paragraph -->\n<p>Cuando la vida me mostraba un obst\u00e1culo que hab\u00eda que saltar, esta frase ven\u00eda a mi mente de modo constante. En cada crisis, en cada dificultad y en cada desaf\u00edo se me hac\u00eda presente tu voz que sonaba como un eco en mi alma y me daba la fuerza para seguir adelante, a\u00fan peleando contra toda esperanza. <\/p>\n<!-- \/wp:paragraph -->\n\n<!-- wp:paragraph -->\n<p>GRACIAS por ense\u00f1arme a re\u00edrme de m\u00ed mismo; por tu frase c\u00e9lebre que tambi\u00e9n merece ser puesta en un portarretrato: \"Tom\u00e1s, el mundo existe. Viv\u00ed la realidad\". Con esas palabras me diste la mejor vacuna contra toda ideolog\u00eda y me introdujiste en la filosof\u00eda \"realista\". Aunque no eras peronista, te gustaba repetir las palabras de Per\u00f3n que dicen: \"la \u00fanica verdad es la realidad\". <\/p>\n<!-- \/wp:paragraph -->\n\n<!-- wp:paragraph -->\n<p>GRACIAS por tu paciencia heroica, ya que muchas veces (sobre todo en mi tiempo de adolescente) tuviste que contar hasta 100 para no explotar de bronca. Es ah\u00ed cuando te sal\u00eda otra famosa frase: \"matarte es poco\". Ya sufriste tu purgatorio por el hecho de tener que soportarme en mi adolescencia. <\/p>\n<!-- \/wp:paragraph -->\n\n<!-- wp:paragraph -->\n<p>GRACIAS por ense\u00f1arme a amar a Dios por sobre todas las cosas, a tenerlo a Cristo como centro de mi vida; GRACIAS por ense\u00f1arme a amar a la Virgen Madre de Dios y Madre Nuestra. <\/p>\n<!-- \/wp:paragraph -->\n\n<!-- wp:paragraph -->\n<p>GRACIAS por inculcarme el amor al estudio, a la lectura, a los idiomas; GRACIAS por tu sentido com\u00fan y transparencia; GRACIAS por tu sentido del humor e iron\u00eda que nos bajaba de lo m\u00edtico y nos hac\u00eda chocar con el \"actus essendi\" (la realidad).<\/p>\n<!-- \/wp:paragraph -->\n\n<!-- wp:paragraph -->\n<p> GRACIAS por ense\u00f1arnos que el odio es una bajeza humana; que el error es siempre tal, venga de quien venga; que hay valores que son irrenunciables y que no hay que entrar en di\u00e1logo con el demonio quien es el padre de la mentira. <\/p>\n<!-- \/wp:paragraph -->\n\n<!-- wp:paragraph -->\n<p>GRACIAS por tu amor incondicional de padre, por nunca cansarte de amar a tus hijos y a tu esposa; y jam\u00e1s dejar de buscar nuestro bien. En todo lo que hiciste yo he visto tu amor de padre, a\u00fan en aquello que podr\u00eda ser visto como un posible error o algo dudoso. Como padre y esposo, fuiste siempre movido por el amor a tu familia.<\/p>\n<!-- \/wp:paragraph -->\n\n<!-- wp:paragraph -->\n<p>Hoy en d\u00eda puedo decir que si volviese a nacer de nuevo, te volver\u00eda a elegir como padre una y mil veces; porque fuiste el mejor pap\u00e1 que jam\u00e1s yo hubiese podido imaginar. Viendo tu buen ejemplo, ahora puedo entender un poquito m\u00e1s (aunque no totalmente) el amor de Dios Padre hacia sus criaturas, pues en cierta manera lo reflejaste con tu vida. GRACIAS por haber sufrido con paciencia muchas acusaciones absurdas y calumnias; ya que Cristo te consider\u00f3 digno de compartir un pedacito de su cruz. El tambi\u00e9n fue acusado injustamente y fue contado entre los malhechores. <\/p>\n<!-- \/wp:paragraph -->\n\n<!-- wp:paragraph -->\n<p>Vos no sos Jesucristo y como todo mortal estuviste lejos de serlo, pero el Se\u00f1or te dio la gracia de imitarlo y de soportar calumnias y falsas acusaciones por defender causas justas. Como bien dijo el Divino Cordero: Bienaventurados los perseguidos a causa de la justicia, porque de ellos es el Reino de los Cielos\" (Mt 5, 10-11) Pap\u00e1, estoy orgulloso de ser tu hijo. <\/p>\n<!-- \/wp:paragraph -->\n\n<!-- wp:paragraph -->\n<p>Estoy orgulloso de que mi padre se llame NESTOR FRANCISCO BEROCH, ya que tengo un padre que fue un verdadero ap\u00f3stol, un verdadero cristiano y un verdadero hombre con letras may\u00fasculas. Te voy a extra\u00f1ar, pero la esperanza de la vida eterna no la pierdo nunca. Si Dios en su misericordia nos lo permite, nos volveremos a encontrar en el Reino prometido para todos aquellos que aman a Dios. <\/p>\n<!-- \/wp:paragraph -->\n\n<!-- wp:paragraph -->\n<p>GRACIAS, GRACIAS, GRACIAS, MIL VECES GRACIAS querido VCH. <\/p>\n<!-- \/wp:paragraph -->\n\n<!-- wp:paragraph -->\n<p>Que en paz descanses.<\/p>\n<!-- \/wp:paragraph -->\n\n<!-- wp:paragraph -->\n<p>(25 de Mayo de 2022)<\/p>\n<!-- \/wp:paragraph -->","_et_gb_content_width":"","footnotes":""},"categories":[10,1],"tags":[],"class_list":["post-1069","post","type-post","status-publish","format-standard","has-post-thumbnail","hentry","category-articulos","category-blog"],"yoast_head":"<!-- This site is optimized with the Yoast SEO plugin v27.5 - https:\/\/yoast.com\/product\/yoast-seo-wordpress\/ -->\n<title>Gracias Pap\u00e1 - academiacatolica.com | Hacia la contemplaci\u00f3n de la verdad<\/title>\n<meta name=\"robots\" content=\"index, follow, max-snippet:-1, max-image-preview:large, max-video-preview:-1\" \/>\n<link rel=\"canonical\" href=\"https:\/\/academiacatolica.com\/index.php\/2025\/06\/16\/gracias-papa\/\" \/>\n<meta property=\"og:locale\" content=\"es_ES\" \/>\n<meta property=\"og:type\" content=\"article\" \/>\n<meta property=\"og:title\" content=\"Gracias Pap\u00e1 - academiacatolica.com | Hacia la contemplaci\u00f3n de la verdad\" \/>\n<meta property=\"og:description\" content=\"Querido pap\u00e1: En medio de este dolor que mi alma siente, solo puedo decirle a Dios GRACIAS. GRACIAS pap\u00e1 por haberme apoyado en mi vocaci\u00f3n sacerdotal. Yo no ser\u00eda un sacerdote de Cristo Jes\u00fas si no hubieses estado a mi lado en los momentos dif\u00edciles del seminario. GRACIAS porque no dejaste de repetirme la frase [&hellip;]\" \/>\n<meta property=\"og:url\" content=\"https:\/\/academiacatolica.com\/index.php\/2025\/06\/16\/gracias-papa\/\" \/>\n<meta property=\"og:site_name\" content=\"academiacatolica.com | Hacia la contemplaci\u00f3n de la verdad\" \/>\n<meta property=\"article:published_time\" content=\"2025-06-16T15:33:56+00:00\" \/>\n<meta property=\"article:modified_time\" content=\"2025-07-23T21:11:54+00:00\" \/>\n<meta property=\"og:image\" content=\"https:\/\/academiacatolica.com\/wp-content\/uploads\/2025\/06\/Padre-tomas-beroch-nestor-francisco-beroch-1.jpg\" \/>\n\t<meta property=\"og:image:width\" content=\"1280\" \/>\n\t<meta property=\"og:image:height\" content=\"853\" \/>\n\t<meta property=\"og:image:type\" content=\"image\/jpeg\" \/>\n<meta name=\"author\" content=\"Padre Tomas\" \/>\n<meta name=\"twitter:card\" content=\"summary_large_image\" \/>\n<meta name=\"twitter:label1\" content=\"Escrito por\" \/>\n\t<meta name=\"twitter:data1\" content=\"Padre Tomas\" \/>\n\t<meta name=\"twitter:label2\" content=\"Tiempo de lectura\" \/>\n\t<meta name=\"twitter:data2\" content=\"4 minutos\" \/>\n<script type=\"application\/ld+json\" class=\"yoast-schema-graph\">{\"@context\":\"https:\\\/\\\/schema.org\",\"@graph\":[{\"@type\":\"Article\",\"@id\":\"https:\\\/\\\/academiacatolica.com\\\/index.php\\\/2025\\\/06\\\/16\\\/gracias-papa\\\/#article\",\"isPartOf\":{\"@id\":\"https:\\\/\\\/academiacatolica.com\\\/index.php\\\/2025\\\/06\\\/16\\\/gracias-papa\\\/\"},\"author\":{\"name\":\"Padre Tomas\",\"@id\":\"https:\\\/\\\/academiacatolica.com\\\/#\\\/schema\\\/person\\\/1f3028bcc7fdbccc6999ea19a0c9fc36\"},\"headline\":\"Gracias Pap\u00e1\",\"datePublished\":\"2025-06-16T15:33:56+00:00\",\"dateModified\":\"2025-07-23T21:11:54+00:00\",\"mainEntityOfPage\":{\"@id\":\"https:\\\/\\\/academiacatolica.com\\\/index.php\\\/2025\\\/06\\\/16\\\/gracias-papa\\\/\"},\"wordCount\":747,\"commentCount\":0,\"image\":{\"@id\":\"https:\\\/\\\/academiacatolica.com\\\/index.php\\\/2025\\\/06\\\/16\\\/gracias-papa\\\/#primaryimage\"},\"thumbnailUrl\":\"https:\\\/\\\/academiacatolica.com\\\/wp-content\\\/uploads\\\/2025\\\/06\\\/Padre-tomas-beroch-nestor-francisco-beroch-1.jpg\",\"articleSection\":[\"Art\u00edculos\",\"Blog\"],\"inLanguage\":\"es\",\"potentialAction\":[{\"@type\":\"CommentAction\",\"name\":\"Comment\",\"target\":[\"https:\\\/\\\/academiacatolica.com\\\/index.php\\\/2025\\\/06\\\/16\\\/gracias-papa\\\/#respond\"]}]},{\"@type\":\"WebPage\",\"@id\":\"https:\\\/\\\/academiacatolica.com\\\/index.php\\\/2025\\\/06\\\/16\\\/gracias-papa\\\/\",\"url\":\"https:\\\/\\\/academiacatolica.com\\\/index.php\\\/2025\\\/06\\\/16\\\/gracias-papa\\\/\",\"name\":\"Gracias Pap\u00e1 - academiacatolica.com | Hacia la contemplaci\u00f3n de la verdad\",\"isPartOf\":{\"@id\":\"https:\\\/\\\/academiacatolica.com\\\/#website\"},\"primaryImageOfPage\":{\"@id\":\"https:\\\/\\\/academiacatolica.com\\\/index.php\\\/2025\\\/06\\\/16\\\/gracias-papa\\\/#primaryimage\"},\"image\":{\"@id\":\"https:\\\/\\\/academiacatolica.com\\\/index.php\\\/2025\\\/06\\\/16\\\/gracias-papa\\\/#primaryimage\"},\"thumbnailUrl\":\"https:\\\/\\\/academiacatolica.com\\\/wp-content\\\/uploads\\\/2025\\\/06\\\/Padre-tomas-beroch-nestor-francisco-beroch-1.jpg\",\"datePublished\":\"2025-06-16T15:33:56+00:00\",\"dateModified\":\"2025-07-23T21:11:54+00:00\",\"author\":{\"@id\":\"https:\\\/\\\/academiacatolica.com\\\/#\\\/schema\\\/person\\\/1f3028bcc7fdbccc6999ea19a0c9fc36\"},\"breadcrumb\":{\"@id\":\"https:\\\/\\\/academiacatolica.com\\\/index.php\\\/2025\\\/06\\\/16\\\/gracias-papa\\\/#breadcrumb\"},\"inLanguage\":\"es\",\"potentialAction\":[{\"@type\":\"ReadAction\",\"target\":[\"https:\\\/\\\/academiacatolica.com\\\/index.php\\\/2025\\\/06\\\/16\\\/gracias-papa\\\/\"]}]},{\"@type\":\"ImageObject\",\"inLanguage\":\"es\",\"@id\":\"https:\\\/\\\/academiacatolica.com\\\/index.php\\\/2025\\\/06\\\/16\\\/gracias-papa\\\/#primaryimage\",\"url\":\"https:\\\/\\\/academiacatolica.com\\\/wp-content\\\/uploads\\\/2025\\\/06\\\/Padre-tomas-beroch-nestor-francisco-beroch-1.jpg\",\"contentUrl\":\"https:\\\/\\\/academiacatolica.com\\\/wp-content\\\/uploads\\\/2025\\\/06\\\/Padre-tomas-beroch-nestor-francisco-beroch-1.jpg\",\"width\":1280,\"height\":853},{\"@type\":\"BreadcrumbList\",\"@id\":\"https:\\\/\\\/academiacatolica.com\\\/index.php\\\/2025\\\/06\\\/16\\\/gracias-papa\\\/#breadcrumb\",\"itemListElement\":[{\"@type\":\"ListItem\",\"position\":1,\"name\":\"Home\",\"item\":\"https:\\\/\\\/academiacatolica.com\\\/\"},{\"@type\":\"ListItem\",\"position\":2,\"name\":\"Gracias Pap\u00e1\"}]},{\"@type\":\"WebSite\",\"@id\":\"https:\\\/\\\/academiacatolica.com\\\/#website\",\"url\":\"https:\\\/\\\/academiacatolica.com\\\/\",\"name\":\"academiacatolica.com | Hacia la contemplaci\u00f3n de la verdad\",\"description\":\"P\u00e1gina Web Oficial del P. Tom\u00e1s Agust\u00edn Beroch - Catequesis digital\",\"potentialAction\":[{\"@type\":\"SearchAction\",\"target\":{\"@type\":\"EntryPoint\",\"urlTemplate\":\"https:\\\/\\\/academiacatolica.com\\\/?s={search_term_string}\"},\"query-input\":{\"@type\":\"PropertyValueSpecification\",\"valueRequired\":true,\"valueName\":\"search_term_string\"}}],\"inLanguage\":\"es\"},{\"@type\":\"Person\",\"@id\":\"https:\\\/\\\/academiacatolica.com\\\/#\\\/schema\\\/person\\\/1f3028bcc7fdbccc6999ea19a0c9fc36\",\"name\":\"Padre Tomas\",\"image\":{\"@type\":\"ImageObject\",\"inLanguage\":\"es\",\"@id\":\"https:\\\/\\\/secure.gravatar.com\\\/avatar\\\/debde11d0a08b0b82264c47a07e753310d506ab41f79e6193e661b3fd9a12ca9?s=96&d=mm&r=g\",\"url\":\"https:\\\/\\\/secure.gravatar.com\\\/avatar\\\/debde11d0a08b0b82264c47a07e753310d506ab41f79e6193e661b3fd9a12ca9?s=96&d=mm&r=g\",\"contentUrl\":\"https:\\\/\\\/secure.gravatar.com\\\/avatar\\\/debde11d0a08b0b82264c47a07e753310d506ab41f79e6193e661b3fd9a12ca9?s=96&d=mm&r=g\",\"caption\":\"Padre Tomas\"},\"url\":\"https:\\\/\\\/academiacatolica.com\\\/index.php\\\/author\\\/padretbtritten\\\/\"}]}<\/script>\n<!-- \/ Yoast SEO plugin. -->","yoast_head_json":{"title":"Gracias Pap\u00e1 - academiacatolica.com | Hacia la contemplaci\u00f3n de la verdad","robots":{"index":"index","follow":"follow","max-snippet":"max-snippet:-1","max-image-preview":"max-image-preview:large","max-video-preview":"max-video-preview:-1"},"canonical":"https:\/\/academiacatolica.com\/index.php\/2025\/06\/16\/gracias-papa\/","og_locale":"es_ES","og_type":"article","og_title":"Gracias Pap\u00e1 - academiacatolica.com | Hacia la contemplaci\u00f3n de la verdad","og_description":"Querido pap\u00e1: En medio de este dolor que mi alma siente, solo puedo decirle a Dios GRACIAS. GRACIAS pap\u00e1 por haberme apoyado en mi vocaci\u00f3n sacerdotal. Yo no ser\u00eda un sacerdote de Cristo Jes\u00fas si no hubieses estado a mi lado en los momentos dif\u00edciles del seminario. GRACIAS porque no dejaste de repetirme la frase [&hellip;]","og_url":"https:\/\/academiacatolica.com\/index.php\/2025\/06\/16\/gracias-papa\/","og_site_name":"academiacatolica.com | Hacia la contemplaci\u00f3n de la verdad","article_published_time":"2025-06-16T15:33:56+00:00","article_modified_time":"2025-07-23T21:11:54+00:00","og_image":[{"width":1280,"height":853,"url":"https:\/\/academiacatolica.com\/wp-content\/uploads\/2025\/06\/Padre-tomas-beroch-nestor-francisco-beroch-1.jpg","type":"image\/jpeg"}],"author":"Padre Tomas","twitter_card":"summary_large_image","twitter_misc":{"Escrito por":"Padre Tomas","Tiempo de lectura":"4 minutos"},"schema":{"@context":"https:\/\/schema.org","@graph":[{"@type":"Article","@id":"https:\/\/academiacatolica.com\/index.php\/2025\/06\/16\/gracias-papa\/#article","isPartOf":{"@id":"https:\/\/academiacatolica.com\/index.php\/2025\/06\/16\/gracias-papa\/"},"author":{"name":"Padre Tomas","@id":"https:\/\/academiacatolica.com\/#\/schema\/person\/1f3028bcc7fdbccc6999ea19a0c9fc36"},"headline":"Gracias Pap\u00e1","datePublished":"2025-06-16T15:33:56+00:00","dateModified":"2025-07-23T21:11:54+00:00","mainEntityOfPage":{"@id":"https:\/\/academiacatolica.com\/index.php\/2025\/06\/16\/gracias-papa\/"},"wordCount":747,"commentCount":0,"image":{"@id":"https:\/\/academiacatolica.com\/index.php\/2025\/06\/16\/gracias-papa\/#primaryimage"},"thumbnailUrl":"https:\/\/academiacatolica.com\/wp-content\/uploads\/2025\/06\/Padre-tomas-beroch-nestor-francisco-beroch-1.jpg","articleSection":["Art\u00edculos","Blog"],"inLanguage":"es","potentialAction":[{"@type":"CommentAction","name":"Comment","target":["https:\/\/academiacatolica.com\/index.php\/2025\/06\/16\/gracias-papa\/#respond"]}]},{"@type":"WebPage","@id":"https:\/\/academiacatolica.com\/index.php\/2025\/06\/16\/gracias-papa\/","url":"https:\/\/academiacatolica.com\/index.php\/2025\/06\/16\/gracias-papa\/","name":"Gracias Pap\u00e1 - academiacatolica.com | Hacia la contemplaci\u00f3n de la verdad","isPartOf":{"@id":"https:\/\/academiacatolica.com\/#website"},"primaryImageOfPage":{"@id":"https:\/\/academiacatolica.com\/index.php\/2025\/06\/16\/gracias-papa\/#primaryimage"},"image":{"@id":"https:\/\/academiacatolica.com\/index.php\/2025\/06\/16\/gracias-papa\/#primaryimage"},"thumbnailUrl":"https:\/\/academiacatolica.com\/wp-content\/uploads\/2025\/06\/Padre-tomas-beroch-nestor-francisco-beroch-1.jpg","datePublished":"2025-06-16T15:33:56+00:00","dateModified":"2025-07-23T21:11:54+00:00","author":{"@id":"https:\/\/academiacatolica.com\/#\/schema\/person\/1f3028bcc7fdbccc6999ea19a0c9fc36"},"breadcrumb":{"@id":"https:\/\/academiacatolica.com\/index.php\/2025\/06\/16\/gracias-papa\/#breadcrumb"},"inLanguage":"es","potentialAction":[{"@type":"ReadAction","target":["https:\/\/academiacatolica.com\/index.php\/2025\/06\/16\/gracias-papa\/"]}]},{"@type":"ImageObject","inLanguage":"es","@id":"https:\/\/academiacatolica.com\/index.php\/2025\/06\/16\/gracias-papa\/#primaryimage","url":"https:\/\/academiacatolica.com\/wp-content\/uploads\/2025\/06\/Padre-tomas-beroch-nestor-francisco-beroch-1.jpg","contentUrl":"https:\/\/academiacatolica.com\/wp-content\/uploads\/2025\/06\/Padre-tomas-beroch-nestor-francisco-beroch-1.jpg","width":1280,"height":853},{"@type":"BreadcrumbList","@id":"https:\/\/academiacatolica.com\/index.php\/2025\/06\/16\/gracias-papa\/#breadcrumb","itemListElement":[{"@type":"ListItem","position":1,"name":"Home","item":"https:\/\/academiacatolica.com\/"},{"@type":"ListItem","position":2,"name":"Gracias Pap\u00e1"}]},{"@type":"WebSite","@id":"https:\/\/academiacatolica.com\/#website","url":"https:\/\/academiacatolica.com\/","name":"academiacatolica.com | Hacia la contemplaci\u00f3n de la verdad","description":"P\u00e1gina Web Oficial del P. Tom\u00e1s Agust\u00edn Beroch - Catequesis digital","potentialAction":[{"@type":"SearchAction","target":{"@type":"EntryPoint","urlTemplate":"https:\/\/academiacatolica.com\/?s={search_term_string}"},"query-input":{"@type":"PropertyValueSpecification","valueRequired":true,"valueName":"search_term_string"}}],"inLanguage":"es"},{"@type":"Person","@id":"https:\/\/academiacatolica.com\/#\/schema\/person\/1f3028bcc7fdbccc6999ea19a0c9fc36","name":"Padre Tomas","image":{"@type":"ImageObject","inLanguage":"es","@id":"https:\/\/secure.gravatar.com\/avatar\/debde11d0a08b0b82264c47a07e753310d506ab41f79e6193e661b3fd9a12ca9?s=96&d=mm&r=g","url":"https:\/\/secure.gravatar.com\/avatar\/debde11d0a08b0b82264c47a07e753310d506ab41f79e6193e661b3fd9a12ca9?s=96&d=mm&r=g","contentUrl":"https:\/\/secure.gravatar.com\/avatar\/debde11d0a08b0b82264c47a07e753310d506ab41f79e6193e661b3fd9a12ca9?s=96&d=mm&r=g","caption":"Padre Tomas"},"url":"https:\/\/academiacatolica.com\/index.php\/author\/padretbtritten\/"}]}},"_links":{"self":[{"href":"https:\/\/academiacatolica.com\/index.php\/wp-json\/wp\/v2\/posts\/1069","targetHints":{"allow":["GET"]}}],"collection":[{"href":"https:\/\/academiacatolica.com\/index.php\/wp-json\/wp\/v2\/posts"}],"about":[{"href":"https:\/\/academiacatolica.com\/index.php\/wp-json\/wp\/v2\/types\/post"}],"author":[{"embeddable":true,"href":"https:\/\/academiacatolica.com\/index.php\/wp-json\/wp\/v2\/users\/3"}],"replies":[{"embeddable":true,"href":"https:\/\/academiacatolica.com\/index.php\/wp-json\/wp\/v2\/comments?post=1069"}],"version-history":[{"count":4,"href":"https:\/\/academiacatolica.com\/index.php\/wp-json\/wp\/v2\/posts\/1069\/revisions"}],"predecessor-version":[{"id":1076,"href":"https:\/\/academiacatolica.com\/index.php\/wp-json\/wp\/v2\/posts\/1069\/revisions\/1076"}],"wp:featuredmedia":[{"embeddable":true,"href":"https:\/\/academiacatolica.com\/index.php\/wp-json\/wp\/v2\/media\/1072"}],"wp:attachment":[{"href":"https:\/\/academiacatolica.com\/index.php\/wp-json\/wp\/v2\/media?parent=1069"}],"wp:term":[{"taxonomy":"category","embeddable":true,"href":"https:\/\/academiacatolica.com\/index.php\/wp-json\/wp\/v2\/categories?post=1069"},{"taxonomy":"post_tag","embeddable":true,"href":"https:\/\/academiacatolica.com\/index.php\/wp-json\/wp\/v2\/tags?post=1069"}],"curies":[{"name":"wp","href":"https:\/\/api.w.org\/{rel}","templated":true}]}}