{"id":1104,"date":"2025-08-22T16:36:44","date_gmt":"2025-08-22T21:36:44","guid":{"rendered":"https:\/\/academiacatolica.com\/?p=1104"},"modified":"2025-08-22T17:34:12","modified_gmt":"2025-08-22T22:34:12","slug":"oracion-diaria-para-las-almas-del-purgatorio","status":"publish","type":"post","link":"https:\/\/academiacatolica.com\/index.php\/2025\/08\/22\/oracion-diaria-para-las-almas-del-purgatorio\/","title":{"rendered":"Oraci\u00f3n diaria para las almas del Purgatorio"},"content":{"rendered":"\n<p>Es santo y saludable pensamiento rogar por los difuntos. COnsiderando que a los que hab\u00edan muerto piedosamente les estaba reservado un magnifico premio, la idea era piadosa y santa. Por eso encarg\u00f3 un sacrificio de expiaci\u00f3n por los muertos, para que fueran liberados del pecado. 2 Macabeos, 12,45-46<\/p>\n\n\n\n<p><strong>BREVE EJERCICIO COTIDIANO EN SUFRAGIO DE LAS ALMAS DEL PURGATORIO<\/strong><\/p>\n\n\n\n<p><strong>EXHORTACI\u00d3N<\/strong>. Medita, cuantas almas padecen el Purgatorio, apartadas del sumo Bien a quien solamene suspiran, con indecibles ardores, infinitas almas hijas y esposas de Dios. Medita cu\u00e1ntas almas padecen en el purgatorio, apartadas del Sumo Bien, a quien solamente suspiran con indecibles ardores. Son infinitas almas, hijas y esposas de Dios, muy amadas por la caridad con que pasaron de esta vida a la otra, pero deudoras todav\u00eda a la divina justicia de la pena temporal debida a sus culpas y no satisfecha en este mundo.<\/p>\n\n\n\n<p>Incapaces de satisfacer por s\u00ed mismas m\u00e1s que con padecer, no pueden salir de all\u00ed si no han pagado toda su deuda.<\/p>\n\n\n\n<p>Dios, por el amor que tiene a ti y a ellas, ha querido \u2014para provecho de ellas y m\u00e9rito tuyo\u2014 que t\u00fa tengas aqu\u00ed, mientras vivas, el poder de ofrecer sufragios y la Sangre de Jesucristo en sufragio suyo, para liberarlas de tan grande pena.<\/p>\n\n\n\n<p>No quieras, pues, defraudar a ellas de tan gran ayuda ni a ti de tal m\u00e9rito. No pasar\u00eda que no aproveches, por su rescate, tan gran tesoro. Mu\u00e9vete el gusto que con esto dar\u00e1s a Dios, a quien tanto amas. Mu\u00e9vete la compasi\u00f3n de lo que padecen las almas de tus pr\u00f3jimos, y tal vez de tus parientes y amigos m\u00e1s amados. Compasi\u00f3n que alg\u00fan d\u00eda tal vez desear\u00e1s t\u00fa en vano para ti, si no la has tenido para ellas. Mu\u00e9vete lo mucho que rogar\u00e1n por ti, mayormente encontr\u00e1ndose por tu medio en la gloria, de lo que te provendr\u00e1n grand\u00edsimos bienes: as\u00ed temporales como espirituales y eternos.<\/p>\n\n\n\n<p>Sufr\u00e1galas todas, porque todas lo merecen; pero puedes tambi\u00e9n distinguir cada d\u00eda, entre todas ellas, aquella que se te se\u00f1ala por los motivos que brevemente encontrar\u00e1s anotados en cada d\u00eda de la semana.Te puedo decir que, practicando devotamente cada d\u00eda con fidelidad este breve ejercicio, ha producido a muchos \u2014aun en esta vida\u2014 gracias notabil\u00edsimas.Te deseo otro tanto y vive feliz.<\/p>\n\n\n\n<p><strong>PARA EL DOMINGO<\/strong><\/p>\n\n\n\n<p><strong>Pr\u00e1ctica:<\/strong><br>Rogar\u00e1s a Dios por las almas del purgatorio, principalmente por aquella que \u00c9l sabe que es, entre todas, la m\u00e1s abandonada de particular sufragio.Y si recibieres en este d\u00eda la Comuni\u00f3n, apl\u00edcala en su alivio.<\/p>\n\n\n\n<p><strong>Motivo:<\/strong><br>Cuanto mayor es su necesidad, tanto m\u00e1s te ser\u00e1 agradecido el beneficio, y te alcanzar\u00e1 que ni Dios te abandone a ti \u2014priv\u00e1ndote de su gracia\u2014 ni t\u00fa a \u00c9l por la culpa.<\/p>\n\n\n\n<p><strong>Oraci\u00f3n:<\/strong><br><em>\u201cOh Se\u00f1or, Dios omnipotente, yo os suplico por la Preciosa Sangre que vuestro divino Hijo Jes\u00fas derram\u00f3 en el huerto:<br>liberad y sacad a las almas del purgatorio, singularmente entre todas, a la m\u00e1s abandonada. Conducidla a vuestra gloria, donde Os alabe y bendiga por toda una eternidad.As\u00ed sea.<\/em><\/p>\n\n\n\n<p>PADRE NUESTRO, AVE MAR\u00cdA Y DE PROFUNDIS.<\/p>\n\n\n\n<p><strong>PARA EL LUNES<\/strong><\/p>\n\n\n\n<p>Rogar\u00e1s a DIos especialmente por el alma m\u00e1s cercana a salir del Purgatorio. <\/p>\n\n\n\n<p><strong>Motivo<\/strong>:<\/p>\n\n\n\n<p>Con tanto mayor ardor desea ella unirse a DIos, cuanto est\u00e1 m\u00e1s cercana al t\u00e9rmino de sus penas: qu\u00edtale tu todo impedimento, que ella te devolver\u00e1 tan grande beneficio con alcanzarte la gracia de romper aquellas faltas ligeras que te impiden darte todo a Dios, de que puede depender tu salvaci\u00f3n. <\/p>\n\n\n\n<p><strong>Oraci\u00f3n:<\/strong><\/p>\n\n\n\n<p>Oh se\u00f1or Dios omnipotente, yo os suplico, por la sangre preciosa que vuestro divino hijo Jes\u00fas derram\u00f3 cuando fue cruelmente azotado, libr\u00e9is las almas del Purgatorio, y singularmente entre todas la m\u00e1s vecina a la entrada en vuestra gloria, para que empiece luego a alabaros y bendeciros por toda una eternidad. As\u00ed sea.<br>Padre nuestro, Ave Mar\u00eda y De Profundis.<\/p>\n\n\n\n<h3 class=\"wp-block-heading\">PARA EL MARTES.<\/h3>\n\n\n\n<p>Rogar\u00e1s a Dios por aquella alma que seg\u00fan la presente Justicia deber\u00eda ser la \u00faltima a salir del Purgatorio.<\/p>\n\n\n\n<p><strong>Motivo.<\/strong> La desolaci\u00f3n, y juntamente la humildad grande con que ella est\u00e1 designada a tan larga pena, mu\u00e9vete a abreviarla su duraci\u00f3n. \u00a1Oh cu\u00e1nto le estar\u00e1 obligada! Dichoso de ti si te alcanza que entres con humildad en este mundo los \u00faltimos puestos, para ser exaltado de Dios en el otro.<\/p>\n\n\n\n<p><strong>ORACI\u00d3N.<\/strong> Oh Se\u00f1or, Dios omnipotente: yo os suplico por la sangre preciosa que vuestro divino hijo Jes\u00fas derram\u00f3 cuando fue coronado de espinas, libr\u00e9is las almas del Purgatorio, y en particular aquella que deber\u00eda ser la \u00faltima a salir de tantas penas, para que ella os torne a alabaros y bendeciros por toda una eternidad en vuestra gloria. As\u00ed sea.<br>Padre nuestro, Ave Mar\u00eda y De Profundis.<\/p>\n\n\n\n<h3 class=\"wp-block-heading\">PARA EL MI\u00c9RCOLES.<\/h3>\n\n\n\n<p>Rogar\u00e1s a Dios especialmente por el alma m\u00e1s rica de m\u00e9ritos.<\/p>\n\n\n\n<p><strong>Motivo.<\/strong> Ella es la m\u00e1s amante y de Dios la m\u00e1s amada de todas. Cuanto mayor sea en el cielo su gloria, tanto m\u00e1s eficazmente podr\u00e1 alcanzarte un verdadero amor de Dios sobre todas las cosas, sin el cual no se da verdadero m\u00e9rito, ni puedes esperar m\u00e1s que muerte eterna.<\/p>\n\n\n\n<p><strong>ORACI\u00d3N.<\/strong> Oh Se\u00f1or, Dios omnipotente: yo os suplico por la sangre preciosa que vuestro divino hijo Jes\u00fas derram\u00f3 por las calles de Jerusal\u00e9n, llevando la cruz sobre sus sagradas espaldas, libr\u00e9is las almas del Purgatorio, y singularmente aquella que es m\u00e1s rica de m\u00e9ritos delante de vos, para que en el sublime puesto de la gloria que la espera, os alabe y bendiga toda una eternidad. As\u00ed sea.<br>Padre nuestro, Ave Mar\u00eda y De Profundis.<\/p>\n\n\n\n<h3 class=\"wp-block-heading\">PARA EL JUEVES.<\/h3>\n\n\n\n<p>Rogar\u00e1s a Dios especialmente por aquella alma del Purgatorio que fue la m\u00e1s devota del sant\u00edsimo Sacramento.<\/p>\n\n\n\n<p><strong>Motivo.<\/strong> Ella es por esto muy amada de nuestro Se\u00f1or Jesucristo, y no dejar\u00e1 de suplicarte que te d\u00e9 gracia de recibirle dignamente en vida y en muerte, prenda segura de tu eterna salvaci\u00f3n.<\/p>\n\n\n\n<p><strong>ORACI\u00d3N.<\/strong> Oh Se\u00f1or, Dios omnipotente: yo os suplico por el precioso Cuerpo y Sangre de vuestro divino hijo Jes\u00fas, que \u00e9l mismo el d\u00eda antes de su pasi\u00f3n dio en comida y bebida a sus amados Ap\u00f3stoles, y dej\u00f3 a toda su Iglesia por sacrificio perpetuo y viv\u00edfico alimento de sus fieles, libr\u00e9is las almas del Purgatorio, y en particular la m\u00e1s devota de este misterio de infinito amor, para que os alabe por \u00e9l con el dicho vuestro divino Hijo y con el Esp\u00edritu Santo eternamente en la gloria. As\u00ed sea.<br>Padre nuestro, Ave Mar\u00eda y De Profundis.<\/p>\n\n\n\n<h3 class=\"wp-block-heading\">PARA EL VIERNES.<\/h3>\n\n\n\n<p>Rogar\u00e1s a Dios especialmente por aquella alma del Purgatorio que tienes m\u00e1s obligaci\u00f3n de rogar.<\/p>\n\n\n\n<p><strong>Motivo.<\/strong> Tu misma obligaci\u00f3n hacia ella, es una raz\u00f3n para hacerlo. Por tus lazos de familia, de amistad o como hijos de Dios, que piden por vivos y difuntos.<\/p>\n\n\n\n<p><strong>ORACI\u00d3N.<\/strong> Oh Se\u00f1or, Dios omnipotente: yo os suplico por la sangre preciosa que vuestro divino hijo Jes\u00fas derram\u00f3 en tal d\u00eda sobre la cruz, particularmente de sus sant\u00edsimos pies y manos, libr\u00e9is las almas del Purgatorio, y singularmente aquella por quien tengo yo m\u00e1s obligaci\u00f3n de rogaros, para que no quede por culpa m\u00eda que vos no lo conduzc\u00e1is presto a alabaros y bendeciros eternamente en vuestra gloria. As\u00ed sea.<br>Padre nuestro, Ave Mar\u00eda y De Profundis.<\/p>\n\n\n\n<h3 class=\"wp-block-heading\">PARA EL S\u00c1BADO.<\/h3>\n\n\n\n<p>Rogar\u00e1s a Dios especialmente por aquella alma del Purgatorio que fue m\u00e1s devota de la sant\u00edsima Virgen.<\/p>\n\n\n\n<p><strong>Motivo.<\/strong> Dar\u00e1s con esto un gran gusto a Mar\u00eda, que instada de las s\u00faplicas de esta alma su dilecta, te alcanzar\u00e1 gracia de ser verdadero devoto suyo, y por consiguiente de asegurar bajo su protecci\u00f3n tu salvaci\u00f3n eterna.<\/p>\n\n\n\n<p><strong>ORACI\u00d3N.<\/strong> Oh Se\u00f1or, Dios omnipotente: yo os suplico por la preciosa sangre que sali\u00f3 del costado de vuestro divino hijo Jes\u00fas a vista y con extremo dolor de su sant\u00edsima Madre, libr\u00e9is las almas del Purgatorio, y singularmente entre todas aquella que fue m\u00e1s devota de esta gran Se\u00f1ora, para que luego vaya a vuestra gloria a alabaros a vos en ella y a ella en vos por toda la eternidad. As\u00ed sea.<br>Padre nuestro, Ave Mar\u00eda y De Profundis.<\/p>\n\n\n\n<hr class=\"wp-block-separator has-alpha-channel-opacity\"\/>\n\n\n\n<p>Se rezar\u00e1 cada d\u00eda una Ave Mar\u00eda por todos aquellos que practican este santo ejercicio, y otra por la devota persona que en particular modo concurre con su caridad a la continua propagaci\u00f3n de esta santa obra.<\/p>\n\n\n\n<h3 class=\"wp-block-heading\">Salmo 129 \u00abDe profundis\u00bb<\/h3>\n\n\n\n<p>Desde lo hondo a ti grito, Se\u00f1or;<br>Se\u00f1or, escucha mi voz;<br>est\u00e9n tus o\u00eddos atentos<br>a la voz de mi s\u00faplica.<\/p>\n\n\n\n<p>Si llevas cuenta de los delitos, Se\u00f1or,<br>\u00bfqui\u00e9n podr\u00e1 resistir?<br>Pero de ti procede el perd\u00f3n,<br>y as\u00ed infundes respeto.<\/p>\n\n\n\n<p>Mi alma espera en el Se\u00f1or,<br>espera en su palabra;<br>mi alma aguarda al Se\u00f1or,<br>m\u00e1s que el centinela la aurora.<\/p>\n\n\n\n<p>Aguarde Israel al Se\u00f1or<br>como el centinela la aurora;<br>porque del Se\u00f1or viene la misericordia,<br>la redenci\u00f3n copiosa;<br>y \u00e9l redimir\u00e1 a Israel<br>de todos sus delitos.<\/p>\n\n\n\n<p>Dales, Se\u00f1or, el descanso eterno.<br>Y brille para ellos la luz perpetua.<br>Descansen en paz. Am\u00e9n.<br>Se\u00f1or; oid mi oraci\u00f3n y llegue hasta Vos mi clamor.<\/p>\n\n\n\n<hr class=\"wp-block-separator has-alpha-channel-opacity\"\/>\n\n\n\n<h3 class=\"wp-block-heading\">Oremos<\/h3>\n\n\n\n<p>Oh Dios, creador y redentor de todos los fieles: conceded a las almas de vuestros siervos y de vuestras siervas la remisi\u00f3n de todos sus pecados, a fin de que obtengan por nuestras humildes oraciones el perd\u00f3n que siempre han esperado de vuestra misericordia. Vos que, siendo Dios, viv\u00eds y rein\u00e1is con Dios Padre, en unidad del Esp\u00edritu Santo, por todos los siglos de los siglos. Am\u00e9n.<\/p>\n\n\n\n<h3 class=\"wp-block-heading\">CATECISMO DE LA IGLESIA CAT\u00d3LICA<\/h3>\n\n\n\n<p>Compendio<br><strong>210 \u00bfQu\u00e9 es el Purgatorio?<\/strong><\/p>\n\n\n\n<p>El purgatorio es el estado de los que mueren en amistad con Dios pero, aunque est\u00e1n seguros de su salvaci\u00f3n eterna, necesitan a\u00fan de purificaci\u00f3n para entrar en la eterna bienaventuranza.<\/p>\n\n\n\n<p><strong>211 \u00bfC\u00f3mo podemos ayudar en la purificaci\u00f3n de las almas del purgatorio?<\/strong><br>En virtud de la comuni\u00f3n de los santos, los fieles que peregrinan a\u00fan en la tierra pueden ayudar a las almas del purgatorio ofreciendo por ellas oraciones de sufragio, en particular el sacrificio de la Eucarist\u00eda, pero tambi\u00e9n limosnas, indulgencias y obras de penitencia.<\/p>\n\n\n\n<p>La Virgen a San Sim\u00f3n Stock 16 de julio 1251:<br>\u201cRecibe el santo Escapulario, esto ser\u00e1 para ti y para todos los carmelitas un Privilegio: que el que muera con \u00e9l no padecer\u00e1 el fuego eterno; es decir, el que con \u00e9l muriere se salvar\u00e1\u201d.<\/p>\n\n\n\n<p>San Juan Pablo II: \u201cLa forma m\u00e1s aut\u00e9ntica de devoci\u00f3n a la Virgen Sant\u00edsima expresada mediante el humilde signo del escapulario, es la consagraci\u00f3n a su Coraz\u00f3n Inmaculado\u201d 25 de marzo 2001.<\/p>\n\n\n\n<p><strong>INDULGENCIAS S\u00d3LO APLICABLES A LAS ALMAS DEL PURGATORIO<\/strong><br>del <em>\u201cEnchiridion Indulgentiarum\u201d<\/em> de S.S. Paulo VI. Penitenciar\u00eda apost\u00f3lica 14\/2\/2006<\/p>\n\n\n\n<hr class=\"wp-block-separator has-alpha-channel-opacity\"\/>\n\n\n\n<h3 class=\"wp-block-heading\">2 DE NOVIEMBRE \u2013 CONMEMORACI\u00d3N DE LOS FIELES DIFUNTOS<\/h3>\n\n\n\n<p>Visitas a Iglesias u Oratorio: Se concede indulgencia plenaria, aplicable s\u00f3lo a las almas del purgatorio, a los fieles cristianos que, el d\u00eda en que se celebra la Conmemoraci\u00f3n de todos los Fieles Difuntos, visiten piadosamente una iglesia u oratorio.<\/p>\n\n\n\n<p>Dicha indulgencia podr\u00e1 ganarse o en el d\u00eda antes indicado o, con el consentimiento del Ordinario, el domingo anterior o posterior, o en la solemnidad de Todos los Santos. En esta piadosa visita, se debe rezar un Padrenuestro y Credo.<\/p>\n\n\n\n<hr class=\"wp-block-separator has-alpha-channel-opacity\"\/>\n\n\n\n<h3 class=\"wp-block-heading\">1 AL 8 DE NOVIEMBRE<\/h3>\n\n\n\n<p>Visitas al cementerio: Se concede indulgencia plenaria, aplicable s\u00f3lo a las almas del purgatorio, a los fieles cristianos que visiten piadosamente un cementerio (aunque sea mentalmente) y que oren por los difuntos.<\/p>\n","protected":false},"excerpt":{"rendered":"<p>Es santo y saludable pensamiento rogar por los difuntos. COnsiderando que a los que hab\u00edan muerto piedosamente les estaba reservado un magnifico premio, la idea era piadosa y santa. Por eso encarg\u00f3 un sacrificio de expiaci\u00f3n por los muertos, para que fueran liberados del pecado. 2 Macabeos, 12,45-46 BREVE EJERCICIO COTIDIANO EN SUFRAGIO DE LAS [&hellip;]<\/p>\n","protected":false},"author":1,"featured_media":1120,"comment_status":"open","ping_status":"open","sticky":false,"template":"","format":"standard","meta":{"_et_pb_use_builder":"off","_et_pb_old_content":"","_et_gb_content_width":"1080","footnotes":""},"categories":[1],"tags":[],"class_list":["post-1104","post","type-post","status-publish","format-standard","has-post-thumbnail","hentry","category-blog"],"yoast_head":"<!-- This site is optimized with the Yoast SEO plugin v27.5 - https:\/\/yoast.com\/product\/yoast-seo-wordpress\/ -->\n<title>Oraci\u00f3n diaria para las almas del Purgatorio - academiacatolica.com | Hacia la contemplaci\u00f3n de la verdad<\/title>\n<meta name=\"robots\" content=\"index, follow, max-snippet:-1, max-image-preview:large, max-video-preview:-1\" \/>\n<link rel=\"canonical\" href=\"https:\/\/academiacatolica.com\/index.php\/2025\/08\/22\/oracion-diaria-para-las-almas-del-purgatorio\/\" \/>\n<meta property=\"og:locale\" content=\"es_ES\" \/>\n<meta property=\"og:type\" content=\"article\" \/>\n<meta property=\"og:title\" content=\"Oraci\u00f3n diaria para las almas del Purgatorio - academiacatolica.com | Hacia la contemplaci\u00f3n de la verdad\" \/>\n<meta property=\"og:description\" content=\"Es santo y saludable pensamiento rogar por los difuntos. COnsiderando que a los que hab\u00edan muerto piedosamente les estaba reservado un magnifico premio, la idea era piadosa y santa. Por eso encarg\u00f3 un sacrificio de expiaci\u00f3n por los muertos, para que fueran liberados del pecado. 2 Macabeos, 12,45-46 BREVE EJERCICIO COTIDIANO EN SUFRAGIO DE LAS [&hellip;]\" \/>\n<meta property=\"og:url\" content=\"https:\/\/academiacatolica.com\/index.php\/2025\/08\/22\/oracion-diaria-para-las-almas-del-purgatorio\/\" \/>\n<meta property=\"og:site_name\" content=\"academiacatolica.com | Hacia la contemplaci\u00f3n de la verdad\" \/>\n<meta property=\"article:published_time\" content=\"2025-08-22T21:36:44+00:00\" \/>\n<meta property=\"article:modified_time\" content=\"2025-08-22T22:34:12+00:00\" \/>\n<meta property=\"og:image\" content=\"https:\/\/academiacatolica.com\/wp-content\/uploads\/2025\/08\/20250822_1722_Divine-Ascension-Scene_simple_compose_01k39xx6d3e5k8fkt5grcws71d-1-1.png\" \/>\n\t<meta property=\"og:image:width\" content=\"1536\" \/>\n\t<meta property=\"og:image:height\" content=\"1024\" \/>\n\t<meta property=\"og:image:type\" content=\"image\/png\" \/>\n<meta name=\"author\" content=\"academiacatolica.com\" \/>\n<meta name=\"twitter:card\" content=\"summary_large_image\" \/>\n<meta name=\"twitter:label1\" content=\"Escrito por\" \/>\n\t<meta name=\"twitter:data1\" content=\"academiacatolica.com\" \/>\n\t<meta name=\"twitter:label2\" content=\"Tiempo de lectura\" \/>\n\t<meta name=\"twitter:data2\" content=\"9 minutos\" \/>\n<script type=\"application\/ld+json\" class=\"yoast-schema-graph\">{\"@context\":\"https:\\\/\\\/schema.org\",\"@graph\":[{\"@type\":\"Article\",\"@id\":\"https:\\\/\\\/academiacatolica.com\\\/index.php\\\/2025\\\/08\\\/22\\\/oracion-diaria-para-las-almas-del-purgatorio\\\/#article\",\"isPartOf\":{\"@id\":\"https:\\\/\\\/academiacatolica.com\\\/index.php\\\/2025\\\/08\\\/22\\\/oracion-diaria-para-las-almas-del-purgatorio\\\/\"},\"author\":{\"name\":\"academiacatolica.com\",\"@id\":\"https:\\\/\\\/academiacatolica.com\\\/#\\\/schema\\\/person\\\/5be95da788414a993cef27f151ffd640\"},\"headline\":\"Oraci\u00f3n diaria para las almas del Purgatorio\",\"datePublished\":\"2025-08-22T21:36:44+00:00\",\"dateModified\":\"2025-08-22T22:34:12+00:00\",\"mainEntityOfPage\":{\"@id\":\"https:\\\/\\\/academiacatolica.com\\\/index.php\\\/2025\\\/08\\\/22\\\/oracion-diaria-para-las-almas-del-purgatorio\\\/\"},\"wordCount\":2065,\"commentCount\":0,\"image\":{\"@id\":\"https:\\\/\\\/academiacatolica.com\\\/index.php\\\/2025\\\/08\\\/22\\\/oracion-diaria-para-las-almas-del-purgatorio\\\/#primaryimage\"},\"thumbnailUrl\":\"https:\\\/\\\/academiacatolica.com\\\/wp-content\\\/uploads\\\/2025\\\/08\\\/20250822_1722_Divine-Ascension-Scene_simple_compose_01k39xx6d3e5k8fkt5grcws71d-1-1.png\",\"articleSection\":[\"Blog\"],\"inLanguage\":\"es\",\"potentialAction\":[{\"@type\":\"CommentAction\",\"name\":\"Comment\",\"target\":[\"https:\\\/\\\/academiacatolica.com\\\/index.php\\\/2025\\\/08\\\/22\\\/oracion-diaria-para-las-almas-del-purgatorio\\\/#respond\"]}]},{\"@type\":\"WebPage\",\"@id\":\"https:\\\/\\\/academiacatolica.com\\\/index.php\\\/2025\\\/08\\\/22\\\/oracion-diaria-para-las-almas-del-purgatorio\\\/\",\"url\":\"https:\\\/\\\/academiacatolica.com\\\/index.php\\\/2025\\\/08\\\/22\\\/oracion-diaria-para-las-almas-del-purgatorio\\\/\",\"name\":\"Oraci\u00f3n diaria para las almas del Purgatorio - academiacatolica.com | Hacia la contemplaci\u00f3n de la verdad\",\"isPartOf\":{\"@id\":\"https:\\\/\\\/academiacatolica.com\\\/#website\"},\"primaryImageOfPage\":{\"@id\":\"https:\\\/\\\/academiacatolica.com\\\/index.php\\\/2025\\\/08\\\/22\\\/oracion-diaria-para-las-almas-del-purgatorio\\\/#primaryimage\"},\"image\":{\"@id\":\"https:\\\/\\\/academiacatolica.com\\\/index.php\\\/2025\\\/08\\\/22\\\/oracion-diaria-para-las-almas-del-purgatorio\\\/#primaryimage\"},\"thumbnailUrl\":\"https:\\\/\\\/academiacatolica.com\\\/wp-content\\\/uploads\\\/2025\\\/08\\\/20250822_1722_Divine-Ascension-Scene_simple_compose_01k39xx6d3e5k8fkt5grcws71d-1-1.png\",\"datePublished\":\"2025-08-22T21:36:44+00:00\",\"dateModified\":\"2025-08-22T22:34:12+00:00\",\"author\":{\"@id\":\"https:\\\/\\\/academiacatolica.com\\\/#\\\/schema\\\/person\\\/5be95da788414a993cef27f151ffd640\"},\"breadcrumb\":{\"@id\":\"https:\\\/\\\/academiacatolica.com\\\/index.php\\\/2025\\\/08\\\/22\\\/oracion-diaria-para-las-almas-del-purgatorio\\\/#breadcrumb\"},\"inLanguage\":\"es\",\"potentialAction\":[{\"@type\":\"ReadAction\",\"target\":[\"https:\\\/\\\/academiacatolica.com\\\/index.php\\\/2025\\\/08\\\/22\\\/oracion-diaria-para-las-almas-del-purgatorio\\\/\"]}]},{\"@type\":\"ImageObject\",\"inLanguage\":\"es\",\"@id\":\"https:\\\/\\\/academiacatolica.com\\\/index.php\\\/2025\\\/08\\\/22\\\/oracion-diaria-para-las-almas-del-purgatorio\\\/#primaryimage\",\"url\":\"https:\\\/\\\/academiacatolica.com\\\/wp-content\\\/uploads\\\/2025\\\/08\\\/20250822_1722_Divine-Ascension-Scene_simple_compose_01k39xx6d3e5k8fkt5grcws71d-1-1.png\",\"contentUrl\":\"https:\\\/\\\/academiacatolica.com\\\/wp-content\\\/uploads\\\/2025\\\/08\\\/20250822_1722_Divine-Ascension-Scene_simple_compose_01k39xx6d3e5k8fkt5grcws71d-1-1.png\",\"width\":1536,\"height\":1024},{\"@type\":\"BreadcrumbList\",\"@id\":\"https:\\\/\\\/academiacatolica.com\\\/index.php\\\/2025\\\/08\\\/22\\\/oracion-diaria-para-las-almas-del-purgatorio\\\/#breadcrumb\",\"itemListElement\":[{\"@type\":\"ListItem\",\"position\":1,\"name\":\"Home\",\"item\":\"https:\\\/\\\/academiacatolica.com\\\/\"},{\"@type\":\"ListItem\",\"position\":2,\"name\":\"Oraci\u00f3n diaria para las almas del Purgatorio\"}]},{\"@type\":\"WebSite\",\"@id\":\"https:\\\/\\\/academiacatolica.com\\\/#website\",\"url\":\"https:\\\/\\\/academiacatolica.com\\\/\",\"name\":\"academiacatolica.com | Hacia la contemplaci\u00f3n de la verdad\",\"description\":\"P\u00e1gina Web Oficial del P. Tom\u00e1s Agust\u00edn Beroch - Catequesis digital\",\"potentialAction\":[{\"@type\":\"SearchAction\",\"target\":{\"@type\":\"EntryPoint\",\"urlTemplate\":\"https:\\\/\\\/academiacatolica.com\\\/?s={search_term_string}\"},\"query-input\":{\"@type\":\"PropertyValueSpecification\",\"valueRequired\":true,\"valueName\":\"search_term_string\"}}],\"inLanguage\":\"es\"},{\"@type\":\"Person\",\"@id\":\"https:\\\/\\\/academiacatolica.com\\\/#\\\/schema\\\/person\\\/5be95da788414a993cef27f151ffd640\",\"name\":\"academiacatolica.com\",\"image\":{\"@type\":\"ImageObject\",\"inLanguage\":\"es\",\"@id\":\"https:\\\/\\\/secure.gravatar.com\\\/avatar\\\/b171d0886bae1524505616fe9b8ccc140215749d2de00d9eaf9288f17d5be9d4?s=96&d=mm&r=g\",\"url\":\"https:\\\/\\\/secure.gravatar.com\\\/avatar\\\/b171d0886bae1524505616fe9b8ccc140215749d2de00d9eaf9288f17d5be9d4?s=96&d=mm&r=g\",\"contentUrl\":\"https:\\\/\\\/secure.gravatar.com\\\/avatar\\\/b171d0886bae1524505616fe9b8ccc140215749d2de00d9eaf9288f17d5be9d4?s=96&d=mm&r=g\",\"caption\":\"academiacatolica.com\"},\"sameAs\":[\"https:\\\/\\\/academiacatolica.com\"],\"url\":\"https:\\\/\\\/academiacatolica.com\\\/index.php\\\/author\\\/academiacatolica-com\\\/\"}]}<\/script>\n<!-- \/ Yoast SEO plugin. -->","yoast_head_json":{"title":"Oraci\u00f3n diaria para las almas del Purgatorio - academiacatolica.com | Hacia la contemplaci\u00f3n de la verdad","robots":{"index":"index","follow":"follow","max-snippet":"max-snippet:-1","max-image-preview":"max-image-preview:large","max-video-preview":"max-video-preview:-1"},"canonical":"https:\/\/academiacatolica.com\/index.php\/2025\/08\/22\/oracion-diaria-para-las-almas-del-purgatorio\/","og_locale":"es_ES","og_type":"article","og_title":"Oraci\u00f3n diaria para las almas del Purgatorio - academiacatolica.com | Hacia la contemplaci\u00f3n de la verdad","og_description":"Es santo y saludable pensamiento rogar por los difuntos. COnsiderando que a los que hab\u00edan muerto piedosamente les estaba reservado un magnifico premio, la idea era piadosa y santa. Por eso encarg\u00f3 un sacrificio de expiaci\u00f3n por los muertos, para que fueran liberados del pecado. 2 Macabeos, 12,45-46 BREVE EJERCICIO COTIDIANO EN SUFRAGIO DE LAS [&hellip;]","og_url":"https:\/\/academiacatolica.com\/index.php\/2025\/08\/22\/oracion-diaria-para-las-almas-del-purgatorio\/","og_site_name":"academiacatolica.com | Hacia la contemplaci\u00f3n de la verdad","article_published_time":"2025-08-22T21:36:44+00:00","article_modified_time":"2025-08-22T22:34:12+00:00","og_image":[{"width":1536,"height":1024,"url":"https:\/\/academiacatolica.com\/wp-content\/uploads\/2025\/08\/20250822_1722_Divine-Ascension-Scene_simple_compose_01k39xx6d3e5k8fkt5grcws71d-1-1.png","type":"image\/png"}],"author":"academiacatolica.com","twitter_card":"summary_large_image","twitter_misc":{"Escrito por":"academiacatolica.com","Tiempo de lectura":"9 minutos"},"schema":{"@context":"https:\/\/schema.org","@graph":[{"@type":"Article","@id":"https:\/\/academiacatolica.com\/index.php\/2025\/08\/22\/oracion-diaria-para-las-almas-del-purgatorio\/#article","isPartOf":{"@id":"https:\/\/academiacatolica.com\/index.php\/2025\/08\/22\/oracion-diaria-para-las-almas-del-purgatorio\/"},"author":{"name":"academiacatolica.com","@id":"https:\/\/academiacatolica.com\/#\/schema\/person\/5be95da788414a993cef27f151ffd640"},"headline":"Oraci\u00f3n diaria para las almas del Purgatorio","datePublished":"2025-08-22T21:36:44+00:00","dateModified":"2025-08-22T22:34:12+00:00","mainEntityOfPage":{"@id":"https:\/\/academiacatolica.com\/index.php\/2025\/08\/22\/oracion-diaria-para-las-almas-del-purgatorio\/"},"wordCount":2065,"commentCount":0,"image":{"@id":"https:\/\/academiacatolica.com\/index.php\/2025\/08\/22\/oracion-diaria-para-las-almas-del-purgatorio\/#primaryimage"},"thumbnailUrl":"https:\/\/academiacatolica.com\/wp-content\/uploads\/2025\/08\/20250822_1722_Divine-Ascension-Scene_simple_compose_01k39xx6d3e5k8fkt5grcws71d-1-1.png","articleSection":["Blog"],"inLanguage":"es","potentialAction":[{"@type":"CommentAction","name":"Comment","target":["https:\/\/academiacatolica.com\/index.php\/2025\/08\/22\/oracion-diaria-para-las-almas-del-purgatorio\/#respond"]}]},{"@type":"WebPage","@id":"https:\/\/academiacatolica.com\/index.php\/2025\/08\/22\/oracion-diaria-para-las-almas-del-purgatorio\/","url":"https:\/\/academiacatolica.com\/index.php\/2025\/08\/22\/oracion-diaria-para-las-almas-del-purgatorio\/","name":"Oraci\u00f3n diaria para las almas del Purgatorio - academiacatolica.com | Hacia la contemplaci\u00f3n de la verdad","isPartOf":{"@id":"https:\/\/academiacatolica.com\/#website"},"primaryImageOfPage":{"@id":"https:\/\/academiacatolica.com\/index.php\/2025\/08\/22\/oracion-diaria-para-las-almas-del-purgatorio\/#primaryimage"},"image":{"@id":"https:\/\/academiacatolica.com\/index.php\/2025\/08\/22\/oracion-diaria-para-las-almas-del-purgatorio\/#primaryimage"},"thumbnailUrl":"https:\/\/academiacatolica.com\/wp-content\/uploads\/2025\/08\/20250822_1722_Divine-Ascension-Scene_simple_compose_01k39xx6d3e5k8fkt5grcws71d-1-1.png","datePublished":"2025-08-22T21:36:44+00:00","dateModified":"2025-08-22T22:34:12+00:00","author":{"@id":"https:\/\/academiacatolica.com\/#\/schema\/person\/5be95da788414a993cef27f151ffd640"},"breadcrumb":{"@id":"https:\/\/academiacatolica.com\/index.php\/2025\/08\/22\/oracion-diaria-para-las-almas-del-purgatorio\/#breadcrumb"},"inLanguage":"es","potentialAction":[{"@type":"ReadAction","target":["https:\/\/academiacatolica.com\/index.php\/2025\/08\/22\/oracion-diaria-para-las-almas-del-purgatorio\/"]}]},{"@type":"ImageObject","inLanguage":"es","@id":"https:\/\/academiacatolica.com\/index.php\/2025\/08\/22\/oracion-diaria-para-las-almas-del-purgatorio\/#primaryimage","url":"https:\/\/academiacatolica.com\/wp-content\/uploads\/2025\/08\/20250822_1722_Divine-Ascension-Scene_simple_compose_01k39xx6d3e5k8fkt5grcws71d-1-1.png","contentUrl":"https:\/\/academiacatolica.com\/wp-content\/uploads\/2025\/08\/20250822_1722_Divine-Ascension-Scene_simple_compose_01k39xx6d3e5k8fkt5grcws71d-1-1.png","width":1536,"height":1024},{"@type":"BreadcrumbList","@id":"https:\/\/academiacatolica.com\/index.php\/2025\/08\/22\/oracion-diaria-para-las-almas-del-purgatorio\/#breadcrumb","itemListElement":[{"@type":"ListItem","position":1,"name":"Home","item":"https:\/\/academiacatolica.com\/"},{"@type":"ListItem","position":2,"name":"Oraci\u00f3n diaria para las almas del Purgatorio"}]},{"@type":"WebSite","@id":"https:\/\/academiacatolica.com\/#website","url":"https:\/\/academiacatolica.com\/","name":"academiacatolica.com | Hacia la contemplaci\u00f3n de la verdad","description":"P\u00e1gina Web Oficial del P. Tom\u00e1s Agust\u00edn Beroch - Catequesis digital","potentialAction":[{"@type":"SearchAction","target":{"@type":"EntryPoint","urlTemplate":"https:\/\/academiacatolica.com\/?s={search_term_string}"},"query-input":{"@type":"PropertyValueSpecification","valueRequired":true,"valueName":"search_term_string"}}],"inLanguage":"es"},{"@type":"Person","@id":"https:\/\/academiacatolica.com\/#\/schema\/person\/5be95da788414a993cef27f151ffd640","name":"academiacatolica.com","image":{"@type":"ImageObject","inLanguage":"es","@id":"https:\/\/secure.gravatar.com\/avatar\/b171d0886bae1524505616fe9b8ccc140215749d2de00d9eaf9288f17d5be9d4?s=96&d=mm&r=g","url":"https:\/\/secure.gravatar.com\/avatar\/b171d0886bae1524505616fe9b8ccc140215749d2de00d9eaf9288f17d5be9d4?s=96&d=mm&r=g","contentUrl":"https:\/\/secure.gravatar.com\/avatar\/b171d0886bae1524505616fe9b8ccc140215749d2de00d9eaf9288f17d5be9d4?s=96&d=mm&r=g","caption":"academiacatolica.com"},"sameAs":["https:\/\/academiacatolica.com"],"url":"https:\/\/academiacatolica.com\/index.php\/author\/academiacatolica-com\/"}]}},"_links":{"self":[{"href":"https:\/\/academiacatolica.com\/index.php\/wp-json\/wp\/v2\/posts\/1104","targetHints":{"allow":["GET"]}}],"collection":[{"href":"https:\/\/academiacatolica.com\/index.php\/wp-json\/wp\/v2\/posts"}],"about":[{"href":"https:\/\/academiacatolica.com\/index.php\/wp-json\/wp\/v2\/types\/post"}],"author":[{"embeddable":true,"href":"https:\/\/academiacatolica.com\/index.php\/wp-json\/wp\/v2\/users\/1"}],"replies":[{"embeddable":true,"href":"https:\/\/academiacatolica.com\/index.php\/wp-json\/wp\/v2\/comments?post=1104"}],"version-history":[{"count":7,"href":"https:\/\/academiacatolica.com\/index.php\/wp-json\/wp\/v2\/posts\/1104\/revisions"}],"predecessor-version":[{"id":1114,"href":"https:\/\/academiacatolica.com\/index.php\/wp-json\/wp\/v2\/posts\/1104\/revisions\/1114"}],"wp:featuredmedia":[{"embeddable":true,"href":"https:\/\/academiacatolica.com\/index.php\/wp-json\/wp\/v2\/media\/1120"}],"wp:attachment":[{"href":"https:\/\/academiacatolica.com\/index.php\/wp-json\/wp\/v2\/media?parent=1104"}],"wp:term":[{"taxonomy":"category","embeddable":true,"href":"https:\/\/academiacatolica.com\/index.php\/wp-json\/wp\/v2\/categories?post=1104"},{"taxonomy":"post_tag","embeddable":true,"href":"https:\/\/academiacatolica.com\/index.php\/wp-json\/wp\/v2\/tags?post=1104"}],"curies":[{"name":"wp","href":"https:\/\/api.w.org\/{rel}","templated":true}]}}