{"id":193,"date":"2024-03-09T15:38:08","date_gmt":"2024-03-09T20:38:08","guid":{"rendered":"https:\/\/academiacatolica.com\/?p=193"},"modified":"2025-01-01T11:28:33","modified_gmt":"2025-01-01T16:28:33","slug":"entre-sotanas-y-opiniones-reflexiones-sobre-la-relacion-entre-sacerdotes-y-laicos-en-la-iglesia","status":"publish","type":"post","link":"https:\/\/academiacatolica.com\/index.php\/2024\/03\/09\/entre-sotanas-y-opiniones-reflexiones-sobre-la-relacion-entre-sacerdotes-y-laicos-en-la-iglesia\/","title":{"rendered":"Entre Sotanas y Opiniones: Reflexiones sobre la Relaci\u00f3n entre Sacerdotes y Laicos en la Iglesia"},"content":{"rendered":"\n<p>Muchos laicos se quejan de los sacerdotes porque no confiesan, no atienden a su grey y tantas otras cosas.<\/p>\n\n\n\n<p>Obviamente que yo estoy de acuerdo en que si un sacerdote no confiesa es como un padre que no alimenta a sus hijos. Lo mismo, un sacerdote que no atiende a su comunidad es como uno que descuida a los de su propia casa.<\/p>\n\n\n\n<p>El gran problema que yo tambi\u00e9n veo (y lo dije en uno de mis videos) son los laicos que se le pasan corrigiendo a los sacerdotes. No es que nosotros no nos podamos equivocar ni debamos ser corregidos. Es bueno ser corregido con amor cuando nos equivocamos, ya que es lindo que nos saquen del error. Equivocar nos equivocamos todos, y nadie nace sabiendo. Pero hay algunos laicos (aunque no son la mayor\u00eda) que miran de arriba a los sacerdotes por considerarse \u00ablaicos formados bien doctrinalmente\u00bb.<\/p>\n\n\n\n<p>Una vez me encontr\u00e9 con un se\u00f1or en Buenos Aires que me mir\u00f3 y vio que no ten\u00eda la sotana puesta. Antes de decirme buen d\u00eda me dice: \u00abPadre, bien por estar vestido de sacerdote, pero \u00bfd\u00f3nde est\u00e1 su sotana?\u00bb Lo mir\u00e9 y le dije con una sonrisa: \u00abbuen d\u00eda, \u00bfnos conocemos?\u00bb. Y de vuelta volvi\u00f3 a increparme y a darme un serm\u00f3n del porqu\u00e9 yo hac\u00eda mal en no usar la sotana. Entonces, pidi\u00e9ndole a Dios mucha paciencia, le dije: \u00ab\u00bfsabe usted porque no tengo la sotana puesta?\u00bb Me responde: \u00abseguramente porque es un progresista\u00bb. Me dieron ganas de recordarle a la mam\u00e1, pero en mis adentros me dije: \u00abno debo tomar a pecho las ofensas hacia mi persona, hay que saber humillarse\u00bb. Entonces le dije: \u00abno se\u00f1or, no la uso porque mi obispo me lo prohibi\u00f3 (yo en ese momento estaba en Italia. Esto fue antes de venirme a los Estados Unidos). Si me empecino en usar la sotana mi obispo no me deja confesar ni celebrar Misa, y me relega de todos mis oficios. Creo que es m\u00e1s importante que siga confesando y que siga buscando la salvaci\u00f3n de las almas\u00bb. Y agregu\u00e9: \u00ablos sacerdotes cristeros en M\u00e9xico, en tiempos de persecuci\u00f3n, deb\u00edan ejercer su ministerio sin usar signos visibles. De lo contrario los mataban. Actualmente, en algunas di\u00f3cesis, no siempre es posible usar la sotana, porque nos pueden misericordear\u00bb.<\/p>\n\n\n\n<p>Este se\u00f1or me sigui\u00f3 hablando como si lo supiera todo, y en un momento toc\u00f3 el tema de la predestinaci\u00f3n, y me dijo: \u00abSanto Tom\u00e1s de Aquino, en la tercera cuesti\u00f3n de la Suma Teol\u00f3gica, habla de la predestinaci\u00f3n\u00bb. Lo mir\u00e9 y le dije: \u00abno se\u00f1or, es la cuesti\u00f3n 23, no la tercera cuesti\u00f3n\u00bb. Se qued\u00f3 mir\u00e1ndome y me dice: \u00abal menos a Santo Tom\u00e1s parece que lo ley\u00f3\u00bb. Entonces le digo: \u00abSi, y trato de imitarlo en su humildad. Le recomendar\u00eda a usted que haga lo mismo, porque por lo visto, usted cree saberlo todo\u00bb. Me quizo decir algo m\u00e1s y sin dejarlo hablar le extend\u00ed la mano y le dije: \u00abme tengo que ir, que tenga un buen d\u00eda. R\u00e9cele a Santo Tom\u00e1s de Aquino pidi\u00e9ndole la gracia de la humildad\u00bb.<\/p>\n\n\n\n<p>No s\u00e9 que habr\u00e1 pensado, pero a esa altura, me tuve que ir para no faltarle a la caridad. Obviamente que hasta el d\u00eda de hoy rezo por este se\u00f1or y le deseo la salvaci\u00f3n eterna. Pero toparse con ese tipo de gente hace que a uno le quede un sabor amargo (lamentablemente).<\/p>\n\n\n\n<p>Hay sacerdotes que no hacen lo que tienen que hacer y por ellos hay que rezar. Pero tambi\u00e9n hay que tener cuidado con los laicos que se la pasan juzgando a los sacerdotes y crey\u00e9ndose que lo saben todo. Es claro que hay laicos que saben m\u00e1s que lo sacerdotes, y es claro que hay sacerdotes con poca formaci\u00f3n teol\u00f3gica. Pero mirando a los otros de arriba nunca resuelve ning\u00fan problema. Y ojo, es repugnante tambi\u00e9n cuando un sacerdote trata de ignorante a un laico (y hasta ser\u00eda un peor ejemplo). Pero ciertamente que esos \u00ablaicos formados\u00bb que creen ser doctores de la Iglesia no suelen causar las mejores impresiones.<\/p>\n\n\n\n<p>Nunca nos olvidemos que hay que mostrar respeto por el pr\u00f3jimo, sea sacerdote, monja o laico. Y si uno es sabio y sabe m\u00e1s que los dem\u00e1s, no debe usar esa ciencia para humillar a nadie sino al servicio de Dios y de la salvaci\u00f3n de las almas. La humildad nos asemeja a Jesucristo, en cambio la soberbia nos equipara al padre de la mentira cuyo primer pecado fue de ese tipo.<\/p>\n\n\n\n<p>Como bien le dijo un pap\u00e1 a su hijo, cuando este se burlaba de la ortograf\u00eda de un alba\u00f1il: \u00ab\u00e9l sabe construir una casa. \u00bfY t\u00fa?\u00bb<\/p>\n\n\n\n<p>Bendiciones a todos.&nbsp;<\/p>\n","protected":false},"excerpt":{"rendered":"<p>Muchos laicos se quejan de los sacerdotes porque no confiesan, no atienden a su grey y tantas otras cosas. Obviamente que yo estoy de acuerdo en que si un sacerdote no confiesa es como un padre que no alimenta a sus hijos. Lo mismo, un sacerdote que no atiende a su comunidad es como uno [&hellip;]<\/p>\n","protected":false},"author":3,"featured_media":194,"comment_status":"closed","ping_status":"open","sticky":false,"template":"","format":"standard","meta":{"_et_pb_use_builder":"off","_et_pb_old_content":"","_et_gb_content_width":"","footnotes":""},"categories":[10],"tags":[],"class_list":["post-193","post","type-post","status-publish","format-standard","has-post-thumbnail","hentry","category-articulos"],"yoast_head":"<!-- This site is optimized with the Yoast SEO plugin v27.5 - https:\/\/yoast.com\/product\/yoast-seo-wordpress\/ -->\n<title>Entre Sotanas y Opiniones: Reflexiones sobre la Relaci\u00f3n entre Sacerdotes y Laicos en la Iglesia - academiacatolica.com | Hacia la contemplaci\u00f3n de la verdad<\/title>\n<meta name=\"robots\" content=\"index, follow, max-snippet:-1, max-image-preview:large, max-video-preview:-1\" \/>\n<link rel=\"canonical\" href=\"https:\/\/academiacatolica.com\/index.php\/2024\/03\/09\/entre-sotanas-y-opiniones-reflexiones-sobre-la-relacion-entre-sacerdotes-y-laicos-en-la-iglesia\/\" \/>\n<meta property=\"og:locale\" content=\"es_ES\" \/>\n<meta property=\"og:type\" content=\"article\" \/>\n<meta property=\"og:title\" content=\"Entre Sotanas y Opiniones: Reflexiones sobre la Relaci\u00f3n entre Sacerdotes y Laicos en la Iglesia - academiacatolica.com | Hacia la contemplaci\u00f3n de la verdad\" \/>\n<meta property=\"og:description\" content=\"Muchos laicos se quejan de los sacerdotes porque no confiesan, no atienden a su grey y tantas otras cosas. Obviamente que yo estoy de acuerdo en que si un sacerdote no confiesa es como un padre que no alimenta a sus hijos. Lo mismo, un sacerdote que no atiende a su comunidad es como uno [&hellip;]\" \/>\n<meta property=\"og:url\" content=\"https:\/\/academiacatolica.com\/index.php\/2024\/03\/09\/entre-sotanas-y-opiniones-reflexiones-sobre-la-relacion-entre-sacerdotes-y-laicos-en-la-iglesia\/\" \/>\n<meta property=\"og:site_name\" content=\"academiacatolica.com | Hacia la contemplaci\u00f3n de la verdad\" \/>\n<meta property=\"article:published_time\" content=\"2024-03-09T20:38:08+00:00\" \/>\n<meta property=\"article:modified_time\" content=\"2025-01-01T16:28:33+00:00\" \/>\n<meta property=\"og:image\" content=\"https:\/\/academiacatolica.com\/wp-content\/uploads\/2024\/03\/sacerdotes-iglesia-catolica-laicos-confesion.jpg\" \/>\n\t<meta property=\"og:image:width\" content=\"480\" \/>\n\t<meta property=\"og:image:height\" content=\"465\" \/>\n\t<meta property=\"og:image:type\" content=\"image\/jpeg\" \/>\n<meta name=\"author\" content=\"Padre Tomas\" \/>\n<meta name=\"twitter:card\" content=\"summary_large_image\" \/>\n<meta name=\"twitter:label1\" content=\"Escrito por\" \/>\n\t<meta name=\"twitter:data1\" content=\"Padre Tomas\" \/>\n\t<meta name=\"twitter:label2\" content=\"Tiempo de lectura\" \/>\n\t<meta name=\"twitter:data2\" content=\"4 minutos\" \/>\n<script type=\"application\/ld+json\" class=\"yoast-schema-graph\">{\"@context\":\"https:\\\/\\\/schema.org\",\"@graph\":[{\"@type\":\"Article\",\"@id\":\"https:\\\/\\\/academiacatolica.com\\\/index.php\\\/2024\\\/03\\\/09\\\/entre-sotanas-y-opiniones-reflexiones-sobre-la-relacion-entre-sacerdotes-y-laicos-en-la-iglesia\\\/#article\",\"isPartOf\":{\"@id\":\"https:\\\/\\\/academiacatolica.com\\\/index.php\\\/2024\\\/03\\\/09\\\/entre-sotanas-y-opiniones-reflexiones-sobre-la-relacion-entre-sacerdotes-y-laicos-en-la-iglesia\\\/\"},\"author\":{\"name\":\"Padre Tomas\",\"@id\":\"https:\\\/\\\/academiacatolica.com\\\/#\\\/schema\\\/person\\\/1f3028bcc7fdbccc6999ea19a0c9fc36\"},\"headline\":\"Entre Sotanas y Opiniones: Reflexiones sobre la Relaci\u00f3n entre Sacerdotes y Laicos en la Iglesia\",\"datePublished\":\"2024-03-09T20:38:08+00:00\",\"dateModified\":\"2025-01-01T16:28:33+00:00\",\"mainEntityOfPage\":{\"@id\":\"https:\\\/\\\/academiacatolica.com\\\/index.php\\\/2024\\\/03\\\/09\\\/entre-sotanas-y-opiniones-reflexiones-sobre-la-relacion-entre-sacerdotes-y-laicos-en-la-iglesia\\\/\"},\"wordCount\":846,\"image\":{\"@id\":\"https:\\\/\\\/academiacatolica.com\\\/index.php\\\/2024\\\/03\\\/09\\\/entre-sotanas-y-opiniones-reflexiones-sobre-la-relacion-entre-sacerdotes-y-laicos-en-la-iglesia\\\/#primaryimage\"},\"thumbnailUrl\":\"https:\\\/\\\/academiacatolica.com\\\/wp-content\\\/uploads\\\/2024\\\/03\\\/sacerdotes-iglesia-catolica-laicos-confesion.jpg\",\"articleSection\":[\"Art\u00edculos\"],\"inLanguage\":\"es\"},{\"@type\":\"WebPage\",\"@id\":\"https:\\\/\\\/academiacatolica.com\\\/index.php\\\/2024\\\/03\\\/09\\\/entre-sotanas-y-opiniones-reflexiones-sobre-la-relacion-entre-sacerdotes-y-laicos-en-la-iglesia\\\/\",\"url\":\"https:\\\/\\\/academiacatolica.com\\\/index.php\\\/2024\\\/03\\\/09\\\/entre-sotanas-y-opiniones-reflexiones-sobre-la-relacion-entre-sacerdotes-y-laicos-en-la-iglesia\\\/\",\"name\":\"Entre Sotanas y Opiniones: Reflexiones sobre la Relaci\u00f3n entre Sacerdotes y Laicos en la Iglesia - academiacatolica.com | Hacia la contemplaci\u00f3n de la verdad\",\"isPartOf\":{\"@id\":\"https:\\\/\\\/academiacatolica.com\\\/#website\"},\"primaryImageOfPage\":{\"@id\":\"https:\\\/\\\/academiacatolica.com\\\/index.php\\\/2024\\\/03\\\/09\\\/entre-sotanas-y-opiniones-reflexiones-sobre-la-relacion-entre-sacerdotes-y-laicos-en-la-iglesia\\\/#primaryimage\"},\"image\":{\"@id\":\"https:\\\/\\\/academiacatolica.com\\\/index.php\\\/2024\\\/03\\\/09\\\/entre-sotanas-y-opiniones-reflexiones-sobre-la-relacion-entre-sacerdotes-y-laicos-en-la-iglesia\\\/#primaryimage\"},\"thumbnailUrl\":\"https:\\\/\\\/academiacatolica.com\\\/wp-content\\\/uploads\\\/2024\\\/03\\\/sacerdotes-iglesia-catolica-laicos-confesion.jpg\",\"datePublished\":\"2024-03-09T20:38:08+00:00\",\"dateModified\":\"2025-01-01T16:28:33+00:00\",\"author\":{\"@id\":\"https:\\\/\\\/academiacatolica.com\\\/#\\\/schema\\\/person\\\/1f3028bcc7fdbccc6999ea19a0c9fc36\"},\"breadcrumb\":{\"@id\":\"https:\\\/\\\/academiacatolica.com\\\/index.php\\\/2024\\\/03\\\/09\\\/entre-sotanas-y-opiniones-reflexiones-sobre-la-relacion-entre-sacerdotes-y-laicos-en-la-iglesia\\\/#breadcrumb\"},\"inLanguage\":\"es\",\"potentialAction\":[{\"@type\":\"ReadAction\",\"target\":[\"https:\\\/\\\/academiacatolica.com\\\/index.php\\\/2024\\\/03\\\/09\\\/entre-sotanas-y-opiniones-reflexiones-sobre-la-relacion-entre-sacerdotes-y-laicos-en-la-iglesia\\\/\"]}]},{\"@type\":\"ImageObject\",\"inLanguage\":\"es\",\"@id\":\"https:\\\/\\\/academiacatolica.com\\\/index.php\\\/2024\\\/03\\\/09\\\/entre-sotanas-y-opiniones-reflexiones-sobre-la-relacion-entre-sacerdotes-y-laicos-en-la-iglesia\\\/#primaryimage\",\"url\":\"https:\\\/\\\/academiacatolica.com\\\/wp-content\\\/uploads\\\/2024\\\/03\\\/sacerdotes-iglesia-catolica-laicos-confesion.jpg\",\"contentUrl\":\"https:\\\/\\\/academiacatolica.com\\\/wp-content\\\/uploads\\\/2024\\\/03\\\/sacerdotes-iglesia-catolica-laicos-confesion.jpg\",\"width\":480,\"height\":465},{\"@type\":\"BreadcrumbList\",\"@id\":\"https:\\\/\\\/academiacatolica.com\\\/index.php\\\/2024\\\/03\\\/09\\\/entre-sotanas-y-opiniones-reflexiones-sobre-la-relacion-entre-sacerdotes-y-laicos-en-la-iglesia\\\/#breadcrumb\",\"itemListElement\":[{\"@type\":\"ListItem\",\"position\":1,\"name\":\"Home\",\"item\":\"https:\\\/\\\/academiacatolica.com\\\/\"},{\"@type\":\"ListItem\",\"position\":2,\"name\":\"Entre Sotanas y Opiniones: Reflexiones sobre la Relaci\u00f3n entre Sacerdotes y Laicos en la Iglesia\"}]},{\"@type\":\"WebSite\",\"@id\":\"https:\\\/\\\/academiacatolica.com\\\/#website\",\"url\":\"https:\\\/\\\/academiacatolica.com\\\/\",\"name\":\"academiacatolica.com | Hacia la contemplaci\u00f3n de la verdad\",\"description\":\"P\u00e1gina Web Oficial del P. Tom\u00e1s Agust\u00edn Beroch - Catequesis digital\",\"potentialAction\":[{\"@type\":\"SearchAction\",\"target\":{\"@type\":\"EntryPoint\",\"urlTemplate\":\"https:\\\/\\\/academiacatolica.com\\\/?s={search_term_string}\"},\"query-input\":{\"@type\":\"PropertyValueSpecification\",\"valueRequired\":true,\"valueName\":\"search_term_string\"}}],\"inLanguage\":\"es\"},{\"@type\":\"Person\",\"@id\":\"https:\\\/\\\/academiacatolica.com\\\/#\\\/schema\\\/person\\\/1f3028bcc7fdbccc6999ea19a0c9fc36\",\"name\":\"Padre Tomas\",\"image\":{\"@type\":\"ImageObject\",\"inLanguage\":\"es\",\"@id\":\"https:\\\/\\\/secure.gravatar.com\\\/avatar\\\/debde11d0a08b0b82264c47a07e753310d506ab41f79e6193e661b3fd9a12ca9?s=96&d=mm&r=g\",\"url\":\"https:\\\/\\\/secure.gravatar.com\\\/avatar\\\/debde11d0a08b0b82264c47a07e753310d506ab41f79e6193e661b3fd9a12ca9?s=96&d=mm&r=g\",\"contentUrl\":\"https:\\\/\\\/secure.gravatar.com\\\/avatar\\\/debde11d0a08b0b82264c47a07e753310d506ab41f79e6193e661b3fd9a12ca9?s=96&d=mm&r=g\",\"caption\":\"Padre Tomas\"},\"url\":\"https:\\\/\\\/academiacatolica.com\\\/index.php\\\/author\\\/padretbtritten\\\/\"}]}<\/script>\n<!-- \/ Yoast SEO plugin. -->","yoast_head_json":{"title":"Entre Sotanas y Opiniones: Reflexiones sobre la Relaci\u00f3n entre Sacerdotes y Laicos en la Iglesia - academiacatolica.com | Hacia la contemplaci\u00f3n de la verdad","robots":{"index":"index","follow":"follow","max-snippet":"max-snippet:-1","max-image-preview":"max-image-preview:large","max-video-preview":"max-video-preview:-1"},"canonical":"https:\/\/academiacatolica.com\/index.php\/2024\/03\/09\/entre-sotanas-y-opiniones-reflexiones-sobre-la-relacion-entre-sacerdotes-y-laicos-en-la-iglesia\/","og_locale":"es_ES","og_type":"article","og_title":"Entre Sotanas y Opiniones: Reflexiones sobre la Relaci\u00f3n entre Sacerdotes y Laicos en la Iglesia - academiacatolica.com | Hacia la contemplaci\u00f3n de la verdad","og_description":"Muchos laicos se quejan de los sacerdotes porque no confiesan, no atienden a su grey y tantas otras cosas. Obviamente que yo estoy de acuerdo en que si un sacerdote no confiesa es como un padre que no alimenta a sus hijos. Lo mismo, un sacerdote que no atiende a su comunidad es como uno [&hellip;]","og_url":"https:\/\/academiacatolica.com\/index.php\/2024\/03\/09\/entre-sotanas-y-opiniones-reflexiones-sobre-la-relacion-entre-sacerdotes-y-laicos-en-la-iglesia\/","og_site_name":"academiacatolica.com | Hacia la contemplaci\u00f3n de la verdad","article_published_time":"2024-03-09T20:38:08+00:00","article_modified_time":"2025-01-01T16:28:33+00:00","og_image":[{"width":480,"height":465,"url":"https:\/\/academiacatolica.com\/wp-content\/uploads\/2024\/03\/sacerdotes-iglesia-catolica-laicos-confesion.jpg","type":"image\/jpeg"}],"author":"Padre Tomas","twitter_card":"summary_large_image","twitter_misc":{"Escrito por":"Padre Tomas","Tiempo de lectura":"4 minutos"},"schema":{"@context":"https:\/\/schema.org","@graph":[{"@type":"Article","@id":"https:\/\/academiacatolica.com\/index.php\/2024\/03\/09\/entre-sotanas-y-opiniones-reflexiones-sobre-la-relacion-entre-sacerdotes-y-laicos-en-la-iglesia\/#article","isPartOf":{"@id":"https:\/\/academiacatolica.com\/index.php\/2024\/03\/09\/entre-sotanas-y-opiniones-reflexiones-sobre-la-relacion-entre-sacerdotes-y-laicos-en-la-iglesia\/"},"author":{"name":"Padre Tomas","@id":"https:\/\/academiacatolica.com\/#\/schema\/person\/1f3028bcc7fdbccc6999ea19a0c9fc36"},"headline":"Entre Sotanas y Opiniones: Reflexiones sobre la Relaci\u00f3n entre Sacerdotes y Laicos en la Iglesia","datePublished":"2024-03-09T20:38:08+00:00","dateModified":"2025-01-01T16:28:33+00:00","mainEntityOfPage":{"@id":"https:\/\/academiacatolica.com\/index.php\/2024\/03\/09\/entre-sotanas-y-opiniones-reflexiones-sobre-la-relacion-entre-sacerdotes-y-laicos-en-la-iglesia\/"},"wordCount":846,"image":{"@id":"https:\/\/academiacatolica.com\/index.php\/2024\/03\/09\/entre-sotanas-y-opiniones-reflexiones-sobre-la-relacion-entre-sacerdotes-y-laicos-en-la-iglesia\/#primaryimage"},"thumbnailUrl":"https:\/\/academiacatolica.com\/wp-content\/uploads\/2024\/03\/sacerdotes-iglesia-catolica-laicos-confesion.jpg","articleSection":["Art\u00edculos"],"inLanguage":"es"},{"@type":"WebPage","@id":"https:\/\/academiacatolica.com\/index.php\/2024\/03\/09\/entre-sotanas-y-opiniones-reflexiones-sobre-la-relacion-entre-sacerdotes-y-laicos-en-la-iglesia\/","url":"https:\/\/academiacatolica.com\/index.php\/2024\/03\/09\/entre-sotanas-y-opiniones-reflexiones-sobre-la-relacion-entre-sacerdotes-y-laicos-en-la-iglesia\/","name":"Entre Sotanas y Opiniones: Reflexiones sobre la Relaci\u00f3n entre Sacerdotes y Laicos en la Iglesia - academiacatolica.com | Hacia la contemplaci\u00f3n de la verdad","isPartOf":{"@id":"https:\/\/academiacatolica.com\/#website"},"primaryImageOfPage":{"@id":"https:\/\/academiacatolica.com\/index.php\/2024\/03\/09\/entre-sotanas-y-opiniones-reflexiones-sobre-la-relacion-entre-sacerdotes-y-laicos-en-la-iglesia\/#primaryimage"},"image":{"@id":"https:\/\/academiacatolica.com\/index.php\/2024\/03\/09\/entre-sotanas-y-opiniones-reflexiones-sobre-la-relacion-entre-sacerdotes-y-laicos-en-la-iglesia\/#primaryimage"},"thumbnailUrl":"https:\/\/academiacatolica.com\/wp-content\/uploads\/2024\/03\/sacerdotes-iglesia-catolica-laicos-confesion.jpg","datePublished":"2024-03-09T20:38:08+00:00","dateModified":"2025-01-01T16:28:33+00:00","author":{"@id":"https:\/\/academiacatolica.com\/#\/schema\/person\/1f3028bcc7fdbccc6999ea19a0c9fc36"},"breadcrumb":{"@id":"https:\/\/academiacatolica.com\/index.php\/2024\/03\/09\/entre-sotanas-y-opiniones-reflexiones-sobre-la-relacion-entre-sacerdotes-y-laicos-en-la-iglesia\/#breadcrumb"},"inLanguage":"es","potentialAction":[{"@type":"ReadAction","target":["https:\/\/academiacatolica.com\/index.php\/2024\/03\/09\/entre-sotanas-y-opiniones-reflexiones-sobre-la-relacion-entre-sacerdotes-y-laicos-en-la-iglesia\/"]}]},{"@type":"ImageObject","inLanguage":"es","@id":"https:\/\/academiacatolica.com\/index.php\/2024\/03\/09\/entre-sotanas-y-opiniones-reflexiones-sobre-la-relacion-entre-sacerdotes-y-laicos-en-la-iglesia\/#primaryimage","url":"https:\/\/academiacatolica.com\/wp-content\/uploads\/2024\/03\/sacerdotes-iglesia-catolica-laicos-confesion.jpg","contentUrl":"https:\/\/academiacatolica.com\/wp-content\/uploads\/2024\/03\/sacerdotes-iglesia-catolica-laicos-confesion.jpg","width":480,"height":465},{"@type":"BreadcrumbList","@id":"https:\/\/academiacatolica.com\/index.php\/2024\/03\/09\/entre-sotanas-y-opiniones-reflexiones-sobre-la-relacion-entre-sacerdotes-y-laicos-en-la-iglesia\/#breadcrumb","itemListElement":[{"@type":"ListItem","position":1,"name":"Home","item":"https:\/\/academiacatolica.com\/"},{"@type":"ListItem","position":2,"name":"Entre Sotanas y Opiniones: Reflexiones sobre la Relaci\u00f3n entre Sacerdotes y Laicos en la Iglesia"}]},{"@type":"WebSite","@id":"https:\/\/academiacatolica.com\/#website","url":"https:\/\/academiacatolica.com\/","name":"academiacatolica.com | Hacia la contemplaci\u00f3n de la verdad","description":"P\u00e1gina Web Oficial del P. Tom\u00e1s Agust\u00edn Beroch - Catequesis digital","potentialAction":[{"@type":"SearchAction","target":{"@type":"EntryPoint","urlTemplate":"https:\/\/academiacatolica.com\/?s={search_term_string}"},"query-input":{"@type":"PropertyValueSpecification","valueRequired":true,"valueName":"search_term_string"}}],"inLanguage":"es"},{"@type":"Person","@id":"https:\/\/academiacatolica.com\/#\/schema\/person\/1f3028bcc7fdbccc6999ea19a0c9fc36","name":"Padre Tomas","image":{"@type":"ImageObject","inLanguage":"es","@id":"https:\/\/secure.gravatar.com\/avatar\/debde11d0a08b0b82264c47a07e753310d506ab41f79e6193e661b3fd9a12ca9?s=96&d=mm&r=g","url":"https:\/\/secure.gravatar.com\/avatar\/debde11d0a08b0b82264c47a07e753310d506ab41f79e6193e661b3fd9a12ca9?s=96&d=mm&r=g","contentUrl":"https:\/\/secure.gravatar.com\/avatar\/debde11d0a08b0b82264c47a07e753310d506ab41f79e6193e661b3fd9a12ca9?s=96&d=mm&r=g","caption":"Padre Tomas"},"url":"https:\/\/academiacatolica.com\/index.php\/author\/padretbtritten\/"}]}},"_links":{"self":[{"href":"https:\/\/academiacatolica.com\/index.php\/wp-json\/wp\/v2\/posts\/193","targetHints":{"allow":["GET"]}}],"collection":[{"href":"https:\/\/academiacatolica.com\/index.php\/wp-json\/wp\/v2\/posts"}],"about":[{"href":"https:\/\/academiacatolica.com\/index.php\/wp-json\/wp\/v2\/types\/post"}],"author":[{"embeddable":true,"href":"https:\/\/academiacatolica.com\/index.php\/wp-json\/wp\/v2\/users\/3"}],"replies":[{"embeddable":true,"href":"https:\/\/academiacatolica.com\/index.php\/wp-json\/wp\/v2\/comments?post=193"}],"version-history":[{"count":1,"href":"https:\/\/academiacatolica.com\/index.php\/wp-json\/wp\/v2\/posts\/193\/revisions"}],"predecessor-version":[{"id":195,"href":"https:\/\/academiacatolica.com\/index.php\/wp-json\/wp\/v2\/posts\/193\/revisions\/195"}],"wp:featuredmedia":[{"embeddable":true,"href":"https:\/\/academiacatolica.com\/index.php\/wp-json\/wp\/v2\/media\/194"}],"wp:attachment":[{"href":"https:\/\/academiacatolica.com\/index.php\/wp-json\/wp\/v2\/media?parent=193"}],"wp:term":[{"taxonomy":"category","embeddable":true,"href":"https:\/\/academiacatolica.com\/index.php\/wp-json\/wp\/v2\/categories?post=193"},{"taxonomy":"post_tag","embeddable":true,"href":"https:\/\/academiacatolica.com\/index.php\/wp-json\/wp\/v2\/tags?post=193"}],"curies":[{"name":"wp","href":"https:\/\/api.w.org\/{rel}","templated":true}]}}