{"id":291,"date":"2024-03-11T23:05:27","date_gmt":"2024-03-12T04:05:27","guid":{"rendered":"https:\/\/academiacatolica.com\/?p=291"},"modified":"2025-01-01T11:28:32","modified_gmt":"2025-01-01T16:28:32","slug":"moises-y-la-serpiente-en-el-desierto","status":"publish","type":"post","link":"https:\/\/academiacatolica.com\/index.php\/2024\/03\/11\/moises-y-la-serpiente-en-el-desierto\/","title":{"rendered":"Mois\u00e9s y la serpiente en el desierto"},"content":{"rendered":"<p><iframe loading=\"lazy\" src=\"https:\/\/www.facebook.com\/plugins\/video.php?height=314&#038;href=https%3A%2F%2Fwww.facebook.com%2FFatherTomasBeroch%2Fvideos%2F2487138241674049%2F&#038;show_text=false&#038;width=560&#038;t=0\" width=\"560\" height=\"314\" style=\"border:none;overflow:hidden\" scrolling=\"no\" frameborder=\"0\" allowfullscreen=\"true\" allow=\"autoplay; clipboard-write; encrypted-media; picture-in-picture; web-share\" allowFullScreen=\"true\"><\/iframe><\/p>\n","protected":false},"excerpt":{"rendered":"","protected":false},"author":1,"featured_media":0,"comment_status":"closed","ping_status":"open","sticky":false,"template":"","format":"standard","meta":{"_et_pb_use_builder":"off","_et_pb_old_content":"","_et_gb_content_width":"","footnotes":""},"categories":[13],"tags":[],"class_list":["post-291","post","type-post","status-publish","format-standard","hentry","category-multimedia"],"yoast_head":"<!-- This site is optimized with the Yoast SEO plugin v27.5 - https:\/\/yoast.com\/product\/yoast-seo-wordpress\/ -->\n<title>Mois\u00e9s y la serpiente en el desierto - academiacatolica.com | Hacia la contemplaci\u00f3n de la verdad<\/title>\n<meta name=\"robots\" content=\"index, follow, max-snippet:-1, max-image-preview:large, max-video-preview:-1\" \/>\n<link rel=\"canonical\" href=\"https:\/\/academiacatolica.com\/index.php\/2024\/03\/11\/moises-y-la-serpiente-en-el-desierto\/\" \/>\n<meta property=\"og:locale\" content=\"es_ES\" \/>\n<meta property=\"og:type\" content=\"article\" \/>\n<meta property=\"og:title\" content=\"Mois\u00e9s y la serpiente en el desierto - academiacatolica.com | Hacia la contemplaci\u00f3n de la verdad\" \/>\n<meta property=\"og:url\" content=\"https:\/\/academiacatolica.com\/index.php\/2024\/03\/11\/moises-y-la-serpiente-en-el-desierto\/\" \/>\n<meta property=\"og:site_name\" content=\"academiacatolica.com | Hacia la contemplaci\u00f3n de la verdad\" \/>\n<meta property=\"article:published_time\" content=\"2024-03-12T04:05:27+00:00\" \/>\n<meta property=\"article:modified_time\" content=\"2025-01-01T16:28:32+00:00\" \/>\n<meta name=\"author\" content=\"academiacatolica.com\" \/>\n<meta name=\"twitter:card\" content=\"summary_large_image\" \/>\n<meta name=\"twitter:label1\" content=\"Escrito por\" \/>\n\t<meta name=\"twitter:data1\" content=\"academiacatolica.com\" \/>\n<script type=\"application\/ld+json\" class=\"yoast-schema-graph\">{\"@context\":\"https:\\\/\\\/schema.org\",\"@graph\":[{\"@type\":\"Article\",\"@id\":\"https:\\\/\\\/academiacatolica.com\\\/index.php\\\/2024\\\/03\\\/11\\\/moises-y-la-serpiente-en-el-desierto\\\/#article\",\"isPartOf\":{\"@id\":\"https:\\\/\\\/academiacatolica.com\\\/index.php\\\/2024\\\/03\\\/11\\\/moises-y-la-serpiente-en-el-desierto\\\/\"},\"author\":{\"name\":\"academiacatolica.com\",\"@id\":\"https:\\\/\\\/academiacatolica.com\\\/#\\\/schema\\\/person\\\/5be95da788414a993cef27f151ffd640\"},\"headline\":\"Mois\u00e9s y la serpiente en el desierto\",\"datePublished\":\"2024-03-12T04:05:27+00:00\",\"dateModified\":\"2025-01-01T16:28:32+00:00\",\"mainEntityOfPage\":{\"@id\":\"https:\\\/\\\/academiacatolica.com\\\/index.php\\\/2024\\\/03\\\/11\\\/moises-y-la-serpiente-en-el-desierto\\\/\"},\"wordCount\":8,\"articleSection\":[\"Multimedia\"],\"inLanguage\":\"es\"},{\"@type\":\"WebPage\",\"@id\":\"https:\\\/\\\/academiacatolica.com\\\/index.php\\\/2024\\\/03\\\/11\\\/moises-y-la-serpiente-en-el-desierto\\\/\",\"url\":\"https:\\\/\\\/academiacatolica.com\\\/index.php\\\/2024\\\/03\\\/11\\\/moises-y-la-serpiente-en-el-desierto\\\/\",\"name\":\"Mois\u00e9s y la serpiente en el desierto - academiacatolica.com | Hacia la contemplaci\u00f3n de la verdad\",\"isPartOf\":{\"@id\":\"https:\\\/\\\/academiacatolica.com\\\/#website\"},\"datePublished\":\"2024-03-12T04:05:27+00:00\",\"dateModified\":\"2025-01-01T16:28:32+00:00\",\"author\":{\"@id\":\"https:\\\/\\\/academiacatolica.com\\\/#\\\/schema\\\/person\\\/5be95da788414a993cef27f151ffd640\"},\"breadcrumb\":{\"@id\":\"https:\\\/\\\/academiacatolica.com\\\/index.php\\\/2024\\\/03\\\/11\\\/moises-y-la-serpiente-en-el-desierto\\\/#breadcrumb\"},\"inLanguage\":\"es\",\"potentialAction\":[{\"@type\":\"ReadAction\",\"target\":[\"https:\\\/\\\/academiacatolica.com\\\/index.php\\\/2024\\\/03\\\/11\\\/moises-y-la-serpiente-en-el-desierto\\\/\"]}]},{\"@type\":\"BreadcrumbList\",\"@id\":\"https:\\\/\\\/academiacatolica.com\\\/index.php\\\/2024\\\/03\\\/11\\\/moises-y-la-serpiente-en-el-desierto\\\/#breadcrumb\",\"itemListElement\":[{\"@type\":\"ListItem\",\"position\":1,\"name\":\"Home\",\"item\":\"https:\\\/\\\/academiacatolica.com\\\/\"},{\"@type\":\"ListItem\",\"position\":2,\"name\":\"Mois\u00e9s y la serpiente en el desierto\"}]},{\"@type\":\"WebSite\",\"@id\":\"https:\\\/\\\/academiacatolica.com\\\/#website\",\"url\":\"https:\\\/\\\/academiacatolica.com\\\/\",\"name\":\"academiacatolica.com | Hacia la contemplaci\u00f3n de la verdad\",\"description\":\"P\u00e1gina Web Oficial del P. Tom\u00e1s Agust\u00edn Beroch - Catequesis digital\",\"potentialAction\":[{\"@type\":\"SearchAction\",\"target\":{\"@type\":\"EntryPoint\",\"urlTemplate\":\"https:\\\/\\\/academiacatolica.com\\\/?s={search_term_string}\"},\"query-input\":{\"@type\":\"PropertyValueSpecification\",\"valueRequired\":true,\"valueName\":\"search_term_string\"}}],\"inLanguage\":\"es\"},{\"@type\":\"Person\",\"@id\":\"https:\\\/\\\/academiacatolica.com\\\/#\\\/schema\\\/person\\\/5be95da788414a993cef27f151ffd640\",\"name\":\"academiacatolica.com\",\"image\":{\"@type\":\"ImageObject\",\"inLanguage\":\"es\",\"@id\":\"https:\\\/\\\/secure.gravatar.com\\\/avatar\\\/b171d0886bae1524505616fe9b8ccc140215749d2de00d9eaf9288f17d5be9d4?s=96&d=mm&r=g\",\"url\":\"https:\\\/\\\/secure.gravatar.com\\\/avatar\\\/b171d0886bae1524505616fe9b8ccc140215749d2de00d9eaf9288f17d5be9d4?s=96&d=mm&r=g\",\"contentUrl\":\"https:\\\/\\\/secure.gravatar.com\\\/avatar\\\/b171d0886bae1524505616fe9b8ccc140215749d2de00d9eaf9288f17d5be9d4?s=96&d=mm&r=g\",\"caption\":\"academiacatolica.com\"},\"sameAs\":[\"https:\\\/\\\/academiacatolica.com\"],\"url\":\"https:\\\/\\\/academiacatolica.com\\\/index.php\\\/author\\\/academiacatolica-com\\\/\"}]}<\/script>\n<!-- \/ Yoast SEO plugin. -->","yoast_head_json":{"title":"Mois\u00e9s y la serpiente en el desierto - academiacatolica.com | Hacia la contemplaci\u00f3n de la verdad","robots":{"index":"index","follow":"follow","max-snippet":"max-snippet:-1","max-image-preview":"max-image-preview:large","max-video-preview":"max-video-preview:-1"},"canonical":"https:\/\/academiacatolica.com\/index.php\/2024\/03\/11\/moises-y-la-serpiente-en-el-desierto\/","og_locale":"es_ES","og_type":"article","og_title":"Mois\u00e9s y la serpiente en el desierto - academiacatolica.com | Hacia la contemplaci\u00f3n de la verdad","og_url":"https:\/\/academiacatolica.com\/index.php\/2024\/03\/11\/moises-y-la-serpiente-en-el-desierto\/","og_site_name":"academiacatolica.com | Hacia la contemplaci\u00f3n de la verdad","article_published_time":"2024-03-12T04:05:27+00:00","article_modified_time":"2025-01-01T16:28:32+00:00","author":"academiacatolica.com","twitter_card":"summary_large_image","twitter_misc":{"Escrito por":"academiacatolica.com"},"schema":{"@context":"https:\/\/schema.org","@graph":[{"@type":"Article","@id":"https:\/\/academiacatolica.com\/index.php\/2024\/03\/11\/moises-y-la-serpiente-en-el-desierto\/#article","isPartOf":{"@id":"https:\/\/academiacatolica.com\/index.php\/2024\/03\/11\/moises-y-la-serpiente-en-el-desierto\/"},"author":{"name":"academiacatolica.com","@id":"https:\/\/academiacatolica.com\/#\/schema\/person\/5be95da788414a993cef27f151ffd640"},"headline":"Mois\u00e9s y la serpiente en el desierto","datePublished":"2024-03-12T04:05:27+00:00","dateModified":"2025-01-01T16:28:32+00:00","mainEntityOfPage":{"@id":"https:\/\/academiacatolica.com\/index.php\/2024\/03\/11\/moises-y-la-serpiente-en-el-desierto\/"},"wordCount":8,"articleSection":["Multimedia"],"inLanguage":"es"},{"@type":"WebPage","@id":"https:\/\/academiacatolica.com\/index.php\/2024\/03\/11\/moises-y-la-serpiente-en-el-desierto\/","url":"https:\/\/academiacatolica.com\/index.php\/2024\/03\/11\/moises-y-la-serpiente-en-el-desierto\/","name":"Mois\u00e9s y la serpiente en el desierto - academiacatolica.com | Hacia la contemplaci\u00f3n de la verdad","isPartOf":{"@id":"https:\/\/academiacatolica.com\/#website"},"datePublished":"2024-03-12T04:05:27+00:00","dateModified":"2025-01-01T16:28:32+00:00","author":{"@id":"https:\/\/academiacatolica.com\/#\/schema\/person\/5be95da788414a993cef27f151ffd640"},"breadcrumb":{"@id":"https:\/\/academiacatolica.com\/index.php\/2024\/03\/11\/moises-y-la-serpiente-en-el-desierto\/#breadcrumb"},"inLanguage":"es","potentialAction":[{"@type":"ReadAction","target":["https:\/\/academiacatolica.com\/index.php\/2024\/03\/11\/moises-y-la-serpiente-en-el-desierto\/"]}]},{"@type":"BreadcrumbList","@id":"https:\/\/academiacatolica.com\/index.php\/2024\/03\/11\/moises-y-la-serpiente-en-el-desierto\/#breadcrumb","itemListElement":[{"@type":"ListItem","position":1,"name":"Home","item":"https:\/\/academiacatolica.com\/"},{"@type":"ListItem","position":2,"name":"Mois\u00e9s y la serpiente en el desierto"}]},{"@type":"WebSite","@id":"https:\/\/academiacatolica.com\/#website","url":"https:\/\/academiacatolica.com\/","name":"academiacatolica.com | Hacia la contemplaci\u00f3n de la verdad","description":"P\u00e1gina Web Oficial del P. Tom\u00e1s Agust\u00edn Beroch - Catequesis digital","potentialAction":[{"@type":"SearchAction","target":{"@type":"EntryPoint","urlTemplate":"https:\/\/academiacatolica.com\/?s={search_term_string}"},"query-input":{"@type":"PropertyValueSpecification","valueRequired":true,"valueName":"search_term_string"}}],"inLanguage":"es"},{"@type":"Person","@id":"https:\/\/academiacatolica.com\/#\/schema\/person\/5be95da788414a993cef27f151ffd640","name":"academiacatolica.com","image":{"@type":"ImageObject","inLanguage":"es","@id":"https:\/\/secure.gravatar.com\/avatar\/b171d0886bae1524505616fe9b8ccc140215749d2de00d9eaf9288f17d5be9d4?s=96&d=mm&r=g","url":"https:\/\/secure.gravatar.com\/avatar\/b171d0886bae1524505616fe9b8ccc140215749d2de00d9eaf9288f17d5be9d4?s=96&d=mm&r=g","contentUrl":"https:\/\/secure.gravatar.com\/avatar\/b171d0886bae1524505616fe9b8ccc140215749d2de00d9eaf9288f17d5be9d4?s=96&d=mm&r=g","caption":"academiacatolica.com"},"sameAs":["https:\/\/academiacatolica.com"],"url":"https:\/\/academiacatolica.com\/index.php\/author\/academiacatolica-com\/"}]}},"_links":{"self":[{"href":"https:\/\/academiacatolica.com\/index.php\/wp-json\/wp\/v2\/posts\/291","targetHints":{"allow":["GET"]}}],"collection":[{"href":"https:\/\/academiacatolica.com\/index.php\/wp-json\/wp\/v2\/posts"}],"about":[{"href":"https:\/\/academiacatolica.com\/index.php\/wp-json\/wp\/v2\/types\/post"}],"author":[{"embeddable":true,"href":"https:\/\/academiacatolica.com\/index.php\/wp-json\/wp\/v2\/users\/1"}],"replies":[{"embeddable":true,"href":"https:\/\/academiacatolica.com\/index.php\/wp-json\/wp\/v2\/comments?post=291"}],"version-history":[{"count":1,"href":"https:\/\/academiacatolica.com\/index.php\/wp-json\/wp\/v2\/posts\/291\/revisions"}],"predecessor-version":[{"id":292,"href":"https:\/\/academiacatolica.com\/index.php\/wp-json\/wp\/v2\/posts\/291\/revisions\/292"}],"wp:attachment":[{"href":"https:\/\/academiacatolica.com\/index.php\/wp-json\/wp\/v2\/media?parent=291"}],"wp:term":[{"taxonomy":"category","embeddable":true,"href":"https:\/\/academiacatolica.com\/index.php\/wp-json\/wp\/v2\/categories?post=291"},{"taxonomy":"post_tag","embeddable":true,"href":"https:\/\/academiacatolica.com\/index.php\/wp-json\/wp\/v2\/tags?post=291"}],"curies":[{"name":"wp","href":"https:\/\/api.w.org\/{rel}","templated":true}]}}