{"id":371,"date":"2024-05-02T16:18:37","date_gmt":"2024-05-02T21:18:37","guid":{"rendered":"https:\/\/academiacatolica.com\/?p=371"},"modified":"2025-01-01T11:28:32","modified_gmt":"2025-01-01T16:28:32","slug":"a-los-paises-protestantes-les-va-mejor-que-a-los-paises-catolicos","status":"publish","type":"post","link":"https:\/\/academiacatolica.com\/index.php\/2024\/05\/02\/a-los-paises-protestantes-les-va-mejor-que-a-los-paises-catolicos\/","title":{"rendered":"\u00abA los pa\u00edses protestantes les va mejor que a los pa\u00edses cat\u00f3licos\u00bb"},"content":{"rendered":"\n<p>A menudo se escucha la afirmaci\u00f3n \u201cA los pa\u00edses protestantes les va mejor que a los pa\u00edses cat\u00f3licos\u201d. Esta afirmaci\u00f3n es repetida con frecuencia, especialmente por personas que no tienen religi\u00f3n o son ateos. Lamentablemente, muchos cat\u00f3licos tambi\u00e9n la repiten, pensando que dicen algo novedoso o inteligente. Vamos a analizar estas palabras por partes.<\/p>\n\n\n\n<p>\u2018A los pa\u00edses protestantes\u2019. \u00bfExisten pa\u00edses protestantes? Si hablamos del punto de vista de los gobiernos, es muy dudoso. No existe ning\u00fan \u2018estado protestante\u2019 puro actualmente. La mayor\u00eda de los \u201csupuestos estados protestantes\u201d no se rigen por el Evangelio, sino por constituciones que ni siquiera mencionan a Dios. Un territorio que pueda considerarse protestante es, quiz\u00e1s, el Reino Unido. Pero ni siquiera, porque formaron parte por mucho tiempo de la Uni\u00f3n Europea que fue la que, en su Constituci\u00f3n, neg\u00f3 las ra\u00edces cristianas de Europa, y no quiso mencionar a Dios en ninguno de sus art\u00edculos. Cuando el Reino Unido se separ\u00f3 de la Uni\u00f3n Europea no lo hizo por razones religiosas, sino materialistas y pol\u00edticas (no quer\u00edan depender econ\u00f3micamente de otras instituciones, y al mismo tiempo, quer\u00edan m\u00e1s control sobre sus fronteras). Por lo tanto, es medio dudoso que haya \u201cgobiernos protestantes\u201d propiamente dichos<\/p>\n\n\n\n<p>&nbsp;\u201cLes va mejor\u201d. Suponiendo que haya gobiernos protestantes, es dudoso que realmente les vaya mejor. Un estudio que hizo Vittorio Messori (v\u00e9ase su libro de \u201cLas leyendas Negras\u201d, en la p\u00e1gina 109 y 110) muestra que, contando los cr\u00edmenes sin distinci\u00f3n, el lugar donde se cometen m\u00e1s delitos es Dinamarca. Hay que aclarar que Messori habla de naciones europeas, y no los de todo el mundo. En los pa\u00edses europeos, hasta 1990, Dinamarca era la que llevaba el liderazgo en cr\u00edmenes. Es cierto que la mayor\u00eda de los delitos en ese pa\u00eds es por evasi\u00f3n de impuestos, pero esto no justifica a los daneses sino todo lo contrario. Son los mismos protestantes los que acusan a los cat\u00f3licos de ser \u201cdeshonestos\u201d. Ergo, no hay justificaci\u00f3n alguna al respecto. Sin embargo, si hablamos de cr\u00edmenes particulares, tampoco en estos hay un pa\u00eds cat\u00f3lico a la cabeza. En robos, est\u00e1 Francia a la cabeza, seguidos por los ingleses y los galeses. Si hablamos de los homicidios, Alemania est\u00e1 a la cabeza (Italia, pa\u00eds cat\u00f3lico, ocupa el segundo puesto gracias a las mafias y camorras. Pero si no fuese por eso, ser\u00eda el lugar donde menos se mata).<\/p>\n\n\n\n<p>&nbsp;Es decir, Messori mostr\u00f3 en su libro que en tema cr\u00edmenes (solo considerando Europa), los pa\u00edses con ra\u00edces protestantes no son los m\u00e1s seguros. Por otra parte, si mencionamos suicidios, hay m\u00e1s suicidios en los pa\u00edses ricos que en los pa\u00edses pobres, y los pa\u00edses m\u00e1s ricos son los que tienen ra\u00edces protestantes. Si hablamos de problemas de depresi\u00f3n, hay m\u00e1s depresi\u00f3n y tristeza en las regiones m\u00e1s ricas (ya sabemos cu\u00e1les son sus ra\u00edces). Si hablamos de abortos (asesinatos), de pornograf\u00eda, de divorcios, ideolog\u00eda del g\u00e9nero, si mencionamos de tantos otros problemas, los pa\u00edses con ra\u00edces protestantes llevan la delantera. Si hablamos de familias divididas por dinero u otro tipo de superficialidades, si hablamos de abuso sexual, si hablamos de tr\u00e1fico de personas (sobre todo ni\u00f1os), si hablamos de promiscuidad, etc.; los pa\u00edses ricos son los que m\u00e1s sufren estos infiernos mencionados. Y sabemos qu\u00e9 ra\u00edces tienen las naciones ricas de los cuales hablamos. \u00bfSeguimos\u2026? \u00bfO paramos aqu\u00ed?<\/p>\n\n\n\n<p>Es decir, el hecho de que a un pa\u00eds le vaya mejor econ\u00f3micamente no implica que le vaya mejor en todos los aspectos.&nbsp; Adem\u00e1s, as\u00ed como no hay pa\u00edses que sean puramente protestantes, tampoco hay pa\u00edses que sean netamente cat\u00f3licos (una excepci\u00f3n podr\u00eda ser la Ciudad del Vaticano, donde el Papa Francisco es el jefe de estado, pero algunos hasta esto podr\u00edan discutirlo, siendo que muchos de los guardias suizos y polic\u00edas de la gendarmer\u00eda vaticana no son cat\u00f3licos practicantes).<\/p>\n\n\n\n<p>De todos modos, Cristo no promet\u00eda necesariamente la victoria en este mundo, sino en la vida eterna. Es claro que, a los ojos del mundo, la vida de Cristo fue un fracaso, ya que acab\u00f3 en la cruz. Sin embargo, Cristo resucit\u00f3 y gracias a su cruz redimi\u00f3 al mundo. Sin la cruz de Cristo no habr\u00eda ni resurrecci\u00f3n ni redenci\u00f3n.<\/p>\n\n\n\n<p>La Iglesia Cat\u00f3lica tuvo sus momentos de pasi\u00f3n y muerte, y tambi\u00e9n su resurrecci\u00f3n. Al inicio fue perseguida por los Sumos Sacerdotes y los fariseos. Estos fueron vencidos por el imperio romano, y luego ese imperio persigui\u00f3 al Cuerpo M\u00edstico de Cristo. Cay\u00f3 el imperio romano, y la Iglesia sigui\u00f3 adelante. Luego vinieron los b\u00e1rbaros, los musulmanes, las herej\u00edas, el renacimiento, el modernismo, el postmodernismo, etc.; y, sin embargo, la Iglesia sigue sobreviviendo pese a tantas tempestades y persecuciones. Muchos de aquellos que antes atacaban la Iglesia est\u00e1n viendo en estos momentos como crecen las lechugas desde abajo, y la Esposa del Cordero sigue cumpliendo su misi\u00f3n hasta estos d\u00edas (no sin dificultades y persecuciones, pero firme en la brecha).<\/p>\n\n\n\n<p>La Iglesia ser\u00e1 perseguida, pero nunca destruida, porque Cristo mismo lo dijo: \u201clas puertas del infierno no prevalecer\u00e1n contra la Iglesia\u201d (Mt 16, 18). Y tambi\u00e9n Cristo le dijo al primer Papa y a los primeros obispos: \u201cyo estar\u00e9 con vosotros hasta el fin del mundo\u201d (Mt 28, 20).<\/p>\n\n\n\n<p>Puede que los pa\u00edses con ra\u00edces protestantes est\u00e9n en una situaci\u00f3n econ\u00f3mica m\u00e1s favorable que aquellos con ra\u00edces cat\u00f3licas. Sin embargo, esta comparaci\u00f3n es similar a la que se podr\u00eda hacer entre un ladr\u00f3n que roba 10 millones de d\u00f3lares y un trabajador honesto que apenas llega a fin de mes con sus ingresos.&nbsp; Aunque el ladr\u00f3n pueda tener m\u00e1s recursos econ\u00f3micos, esto no lo convierte en una persona mejor que el trabajador honesto, porque lo que hace mejor a un hombre no es lo que tiene, sino lo que es. La verdadera val\u00eda de un individuo no se determina por sus posesiones materiales. Si soy ladr\u00f3n y la justicia humana no me castiga, si no me arrepiento y no devuelvo el dinero robado, no podr\u00e9 escapar de la justicia divina. Que una naci\u00f3n est\u00e9 mejor que otro econ\u00f3micamente hablando no quiere decir que el pa\u00eds rico sea mejor que el pa\u00eds m\u00e1s pobre. Lo que verdaderamente nos hace ricos o pobres es la gracia de Dios. Quien posee la gracia, aunque al fallecer carezca de bienes materiales, posee todo, porque heredar\u00e1 la vida eterna. Quien muera sin la gracia divina, aunque sucumba ante la muerte acostado en una cama de oro, muere sin poseer nada, ya que nada se llevar\u00e1 a la otra vida, y adem\u00e1s perder\u00e1 la vida eterna.<\/p>\n\n\n\n<p>Dicho esto, queda demostrado que es una falacia la frase \u201ca los pa\u00edses protestantes les va mejor que a los pa\u00edses cat\u00f3licos\u201d.<\/p>\n\n\n\n<p>&nbsp;No tengo nada contra nuestros hermanos protestantes, y muchos de ellos son grandes amigos m\u00edos. No me considero, por el mero hecho de ser cat\u00f3lico, m\u00e1s santo o m\u00e1s puro que ellos. Sin embargo, no se puede tener caridad si faltamos a la verdad. El problema no es ser cat\u00f3lico o protestante. El problema es ser sofista o mentiroso. Lo que m\u00e1s nos tiene que interesar es que la verdad triunfe, porque como muchas veces dijimos, solo la verdad nos har\u00e1 libres.<\/p>\n\n\n\n<p>De los sofistas y mentirosos: libera nos, Domine.<\/p>\n","protected":false},"excerpt":{"rendered":"<p>A menudo se escucha la afirmaci\u00f3n \u201cA los pa\u00edses protestantes les va mejor que a los pa\u00edses cat\u00f3licos\u201d. Esta afirmaci\u00f3n es repetida con frecuencia, especialmente por personas que no tienen religi\u00f3n o son ateos. Lamentablemente, muchos cat\u00f3licos tambi\u00e9n la repiten, pensando que dicen algo novedoso o inteligente. Vamos a analizar estas palabras por partes. \u2018A [&hellip;]<\/p>\n","protected":false},"author":1,"featured_media":377,"comment_status":"closed","ping_status":"open","sticky":false,"template":"","format":"standard","meta":{"_et_pb_use_builder":"off","_et_pb_old_content":"","_et_gb_content_width":"","footnotes":""},"categories":[1],"tags":[],"class_list":["post-371","post","type-post","status-publish","format-standard","has-post-thumbnail","hentry","category-blog"],"yoast_head":"<!-- This site is optimized with the Yoast SEO plugin v27.5 - https:\/\/yoast.com\/product\/yoast-seo-wordpress\/ -->\n<title>&quot;A los pa\u00edses protestantes les va mejor que a los pa\u00edses cat\u00f3licos&quot; - academiacatolica.com | Hacia la contemplaci\u00f3n de la verdad<\/title>\n<meta name=\"robots\" content=\"index, follow, max-snippet:-1, max-image-preview:large, max-video-preview:-1\" \/>\n<link rel=\"canonical\" href=\"https:\/\/academiacatolica.com\/index.php\/2024\/05\/02\/a-los-paises-protestantes-les-va-mejor-que-a-los-paises-catolicos\/\" \/>\n<meta property=\"og:locale\" content=\"es_ES\" \/>\n<meta property=\"og:type\" content=\"article\" \/>\n<meta property=\"og:title\" content=\"&quot;A los pa\u00edses protestantes les va mejor que a los pa\u00edses cat\u00f3licos&quot; - academiacatolica.com | Hacia la contemplaci\u00f3n de la verdad\" \/>\n<meta property=\"og:description\" content=\"A menudo se escucha la afirmaci\u00f3n \u201cA los pa\u00edses protestantes les va mejor que a los pa\u00edses cat\u00f3licos\u201d. Esta afirmaci\u00f3n es repetida con frecuencia, especialmente por personas que no tienen religi\u00f3n o son ateos. Lamentablemente, muchos cat\u00f3licos tambi\u00e9n la repiten, pensando que dicen algo novedoso o inteligente. Vamos a analizar estas palabras por partes. \u2018A [&hellip;]\" \/>\n<meta property=\"og:url\" content=\"https:\/\/academiacatolica.com\/index.php\/2024\/05\/02\/a-los-paises-protestantes-les-va-mejor-que-a-los-paises-catolicos\/\" \/>\n<meta property=\"og:site_name\" content=\"academiacatolica.com | Hacia la contemplaci\u00f3n de la verdad\" \/>\n<meta property=\"article:published_time\" content=\"2024-05-02T21:18:37+00:00\" \/>\n<meta property=\"article:modified_time\" content=\"2025-01-01T16:28:32+00:00\" \/>\n<meta property=\"og:image\" content=\"https:\/\/academiacatolica.com\/wp-content\/uploads\/2024\/05\/Catolicismo-amor.png\" \/>\n\t<meta property=\"og:image:width\" content=\"1280\" \/>\n\t<meta property=\"og:image:height\" content=\"720\" \/>\n\t<meta property=\"og:image:type\" content=\"image\/png\" \/>\n<meta name=\"author\" content=\"academiacatolica.com\" \/>\n<meta name=\"twitter:card\" content=\"summary_large_image\" \/>\n<meta name=\"twitter:label1\" content=\"Escrito por\" \/>\n\t<meta name=\"twitter:data1\" content=\"academiacatolica.com\" \/>\n\t<meta name=\"twitter:label2\" content=\"Tiempo de lectura\" \/>\n\t<meta name=\"twitter:data2\" content=\"6 minutos\" \/>\n<script type=\"application\/ld+json\" class=\"yoast-schema-graph\">{\"@context\":\"https:\\\/\\\/schema.org\",\"@graph\":[{\"@type\":\"Article\",\"@id\":\"https:\\\/\\\/academiacatolica.com\\\/index.php\\\/2024\\\/05\\\/02\\\/a-los-paises-protestantes-les-va-mejor-que-a-los-paises-catolicos\\\/#article\",\"isPartOf\":{\"@id\":\"https:\\\/\\\/academiacatolica.com\\\/index.php\\\/2024\\\/05\\\/02\\\/a-los-paises-protestantes-les-va-mejor-que-a-los-paises-catolicos\\\/\"},\"author\":{\"name\":\"academiacatolica.com\",\"@id\":\"https:\\\/\\\/academiacatolica.com\\\/#\\\/schema\\\/person\\\/5be95da788414a993cef27f151ffd640\"},\"headline\":\"\u00abA los pa\u00edses protestantes les va mejor que a los pa\u00edses cat\u00f3licos\u00bb\",\"datePublished\":\"2024-05-02T21:18:37+00:00\",\"dateModified\":\"2025-01-01T16:28:32+00:00\",\"mainEntityOfPage\":{\"@id\":\"https:\\\/\\\/academiacatolica.com\\\/index.php\\\/2024\\\/05\\\/02\\\/a-los-paises-protestantes-les-va-mejor-que-a-los-paises-catolicos\\\/\"},\"wordCount\":1335,\"image\":{\"@id\":\"https:\\\/\\\/academiacatolica.com\\\/index.php\\\/2024\\\/05\\\/02\\\/a-los-paises-protestantes-les-va-mejor-que-a-los-paises-catolicos\\\/#primaryimage\"},\"thumbnailUrl\":\"https:\\\/\\\/academiacatolica.com\\\/wp-content\\\/uploads\\\/2024\\\/05\\\/Catolicismo-amor.png\",\"articleSection\":[\"Blog\"],\"inLanguage\":\"es\"},{\"@type\":\"WebPage\",\"@id\":\"https:\\\/\\\/academiacatolica.com\\\/index.php\\\/2024\\\/05\\\/02\\\/a-los-paises-protestantes-les-va-mejor-que-a-los-paises-catolicos\\\/\",\"url\":\"https:\\\/\\\/academiacatolica.com\\\/index.php\\\/2024\\\/05\\\/02\\\/a-los-paises-protestantes-les-va-mejor-que-a-los-paises-catolicos\\\/\",\"name\":\"\\\"A los pa\u00edses protestantes les va mejor que a los pa\u00edses cat\u00f3licos\\\" - academiacatolica.com | Hacia la contemplaci\u00f3n de la verdad\",\"isPartOf\":{\"@id\":\"https:\\\/\\\/academiacatolica.com\\\/#website\"},\"primaryImageOfPage\":{\"@id\":\"https:\\\/\\\/academiacatolica.com\\\/index.php\\\/2024\\\/05\\\/02\\\/a-los-paises-protestantes-les-va-mejor-que-a-los-paises-catolicos\\\/#primaryimage\"},\"image\":{\"@id\":\"https:\\\/\\\/academiacatolica.com\\\/index.php\\\/2024\\\/05\\\/02\\\/a-los-paises-protestantes-les-va-mejor-que-a-los-paises-catolicos\\\/#primaryimage\"},\"thumbnailUrl\":\"https:\\\/\\\/academiacatolica.com\\\/wp-content\\\/uploads\\\/2024\\\/05\\\/Catolicismo-amor.png\",\"datePublished\":\"2024-05-02T21:18:37+00:00\",\"dateModified\":\"2025-01-01T16:28:32+00:00\",\"author\":{\"@id\":\"https:\\\/\\\/academiacatolica.com\\\/#\\\/schema\\\/person\\\/5be95da788414a993cef27f151ffd640\"},\"breadcrumb\":{\"@id\":\"https:\\\/\\\/academiacatolica.com\\\/index.php\\\/2024\\\/05\\\/02\\\/a-los-paises-protestantes-les-va-mejor-que-a-los-paises-catolicos\\\/#breadcrumb\"},\"inLanguage\":\"es\",\"potentialAction\":[{\"@type\":\"ReadAction\",\"target\":[\"https:\\\/\\\/academiacatolica.com\\\/index.php\\\/2024\\\/05\\\/02\\\/a-los-paises-protestantes-les-va-mejor-que-a-los-paises-catolicos\\\/\"]}]},{\"@type\":\"ImageObject\",\"inLanguage\":\"es\",\"@id\":\"https:\\\/\\\/academiacatolica.com\\\/index.php\\\/2024\\\/05\\\/02\\\/a-los-paises-protestantes-les-va-mejor-que-a-los-paises-catolicos\\\/#primaryimage\",\"url\":\"https:\\\/\\\/academiacatolica.com\\\/wp-content\\\/uploads\\\/2024\\\/05\\\/Catolicismo-amor.png\",\"contentUrl\":\"https:\\\/\\\/academiacatolica.com\\\/wp-content\\\/uploads\\\/2024\\\/05\\\/Catolicismo-amor.png\",\"width\":1280,\"height\":720,\"caption\":\"A mesmerizing, powerful and evocative piece of digital fantasy concept art of an ancient balance with two platters. On one side, a luxurious platter tilted upwards, filled with objects representing material wealth: rolled banknotes, dazzling jewels, and gold coins. On the other side, a platter highlighting symbols of Catholicism and love: a wooden cross inscribed with INRI, ash, a heart pierced by thorns, a violet candle, a white lily, and a pelican. The image is rendered in warm, vivid tones, with a cinematic and portrait photography style., unreal engine , octane render , 8k , sidelight\\\"\"},{\"@type\":\"BreadcrumbList\",\"@id\":\"https:\\\/\\\/academiacatolica.com\\\/index.php\\\/2024\\\/05\\\/02\\\/a-los-paises-protestantes-les-va-mejor-que-a-los-paises-catolicos\\\/#breadcrumb\",\"itemListElement\":[{\"@type\":\"ListItem\",\"position\":1,\"name\":\"Home\",\"item\":\"https:\\\/\\\/academiacatolica.com\\\/\"},{\"@type\":\"ListItem\",\"position\":2,\"name\":\"\u00abA los pa\u00edses protestantes les va mejor que a los pa\u00edses cat\u00f3licos\u00bb\"}]},{\"@type\":\"WebSite\",\"@id\":\"https:\\\/\\\/academiacatolica.com\\\/#website\",\"url\":\"https:\\\/\\\/academiacatolica.com\\\/\",\"name\":\"academiacatolica.com | Hacia la contemplaci\u00f3n de la verdad\",\"description\":\"P\u00e1gina Web Oficial del P. Tom\u00e1s Agust\u00edn Beroch - Catequesis digital\",\"potentialAction\":[{\"@type\":\"SearchAction\",\"target\":{\"@type\":\"EntryPoint\",\"urlTemplate\":\"https:\\\/\\\/academiacatolica.com\\\/?s={search_term_string}\"},\"query-input\":{\"@type\":\"PropertyValueSpecification\",\"valueRequired\":true,\"valueName\":\"search_term_string\"}}],\"inLanguage\":\"es\"},{\"@type\":\"Person\",\"@id\":\"https:\\\/\\\/academiacatolica.com\\\/#\\\/schema\\\/person\\\/5be95da788414a993cef27f151ffd640\",\"name\":\"academiacatolica.com\",\"image\":{\"@type\":\"ImageObject\",\"inLanguage\":\"es\",\"@id\":\"https:\\\/\\\/secure.gravatar.com\\\/avatar\\\/b171d0886bae1524505616fe9b8ccc140215749d2de00d9eaf9288f17d5be9d4?s=96&d=mm&r=g\",\"url\":\"https:\\\/\\\/secure.gravatar.com\\\/avatar\\\/b171d0886bae1524505616fe9b8ccc140215749d2de00d9eaf9288f17d5be9d4?s=96&d=mm&r=g\",\"contentUrl\":\"https:\\\/\\\/secure.gravatar.com\\\/avatar\\\/b171d0886bae1524505616fe9b8ccc140215749d2de00d9eaf9288f17d5be9d4?s=96&d=mm&r=g\",\"caption\":\"academiacatolica.com\"},\"sameAs\":[\"https:\\\/\\\/academiacatolica.com\"],\"url\":\"https:\\\/\\\/academiacatolica.com\\\/index.php\\\/author\\\/academiacatolica-com\\\/\"}]}<\/script>\n<!-- \/ Yoast SEO plugin. -->","yoast_head_json":{"title":"\"A los pa\u00edses protestantes les va mejor que a los pa\u00edses cat\u00f3licos\" - academiacatolica.com | Hacia la contemplaci\u00f3n de la verdad","robots":{"index":"index","follow":"follow","max-snippet":"max-snippet:-1","max-image-preview":"max-image-preview:large","max-video-preview":"max-video-preview:-1"},"canonical":"https:\/\/academiacatolica.com\/index.php\/2024\/05\/02\/a-los-paises-protestantes-les-va-mejor-que-a-los-paises-catolicos\/","og_locale":"es_ES","og_type":"article","og_title":"\"A los pa\u00edses protestantes les va mejor que a los pa\u00edses cat\u00f3licos\" - academiacatolica.com | Hacia la contemplaci\u00f3n de la verdad","og_description":"A menudo se escucha la afirmaci\u00f3n \u201cA los pa\u00edses protestantes les va mejor que a los pa\u00edses cat\u00f3licos\u201d. Esta afirmaci\u00f3n es repetida con frecuencia, especialmente por personas que no tienen religi\u00f3n o son ateos. Lamentablemente, muchos cat\u00f3licos tambi\u00e9n la repiten, pensando que dicen algo novedoso o inteligente. Vamos a analizar estas palabras por partes. \u2018A [&hellip;]","og_url":"https:\/\/academiacatolica.com\/index.php\/2024\/05\/02\/a-los-paises-protestantes-les-va-mejor-que-a-los-paises-catolicos\/","og_site_name":"academiacatolica.com | Hacia la contemplaci\u00f3n de la verdad","article_published_time":"2024-05-02T21:18:37+00:00","article_modified_time":"2025-01-01T16:28:32+00:00","og_image":[{"width":1280,"height":720,"url":"https:\/\/academiacatolica.com\/wp-content\/uploads\/2024\/05\/Catolicismo-amor.png","type":"image\/png"}],"author":"academiacatolica.com","twitter_card":"summary_large_image","twitter_misc":{"Escrito por":"academiacatolica.com","Tiempo de lectura":"6 minutos"},"schema":{"@context":"https:\/\/schema.org","@graph":[{"@type":"Article","@id":"https:\/\/academiacatolica.com\/index.php\/2024\/05\/02\/a-los-paises-protestantes-les-va-mejor-que-a-los-paises-catolicos\/#article","isPartOf":{"@id":"https:\/\/academiacatolica.com\/index.php\/2024\/05\/02\/a-los-paises-protestantes-les-va-mejor-que-a-los-paises-catolicos\/"},"author":{"name":"academiacatolica.com","@id":"https:\/\/academiacatolica.com\/#\/schema\/person\/5be95da788414a993cef27f151ffd640"},"headline":"\u00abA los pa\u00edses protestantes les va mejor que a los pa\u00edses cat\u00f3licos\u00bb","datePublished":"2024-05-02T21:18:37+00:00","dateModified":"2025-01-01T16:28:32+00:00","mainEntityOfPage":{"@id":"https:\/\/academiacatolica.com\/index.php\/2024\/05\/02\/a-los-paises-protestantes-les-va-mejor-que-a-los-paises-catolicos\/"},"wordCount":1335,"image":{"@id":"https:\/\/academiacatolica.com\/index.php\/2024\/05\/02\/a-los-paises-protestantes-les-va-mejor-que-a-los-paises-catolicos\/#primaryimage"},"thumbnailUrl":"https:\/\/academiacatolica.com\/wp-content\/uploads\/2024\/05\/Catolicismo-amor.png","articleSection":["Blog"],"inLanguage":"es"},{"@type":"WebPage","@id":"https:\/\/academiacatolica.com\/index.php\/2024\/05\/02\/a-los-paises-protestantes-les-va-mejor-que-a-los-paises-catolicos\/","url":"https:\/\/academiacatolica.com\/index.php\/2024\/05\/02\/a-los-paises-protestantes-les-va-mejor-que-a-los-paises-catolicos\/","name":"\"A los pa\u00edses protestantes les va mejor que a los pa\u00edses cat\u00f3licos\" - academiacatolica.com | Hacia la contemplaci\u00f3n de la verdad","isPartOf":{"@id":"https:\/\/academiacatolica.com\/#website"},"primaryImageOfPage":{"@id":"https:\/\/academiacatolica.com\/index.php\/2024\/05\/02\/a-los-paises-protestantes-les-va-mejor-que-a-los-paises-catolicos\/#primaryimage"},"image":{"@id":"https:\/\/academiacatolica.com\/index.php\/2024\/05\/02\/a-los-paises-protestantes-les-va-mejor-que-a-los-paises-catolicos\/#primaryimage"},"thumbnailUrl":"https:\/\/academiacatolica.com\/wp-content\/uploads\/2024\/05\/Catolicismo-amor.png","datePublished":"2024-05-02T21:18:37+00:00","dateModified":"2025-01-01T16:28:32+00:00","author":{"@id":"https:\/\/academiacatolica.com\/#\/schema\/person\/5be95da788414a993cef27f151ffd640"},"breadcrumb":{"@id":"https:\/\/academiacatolica.com\/index.php\/2024\/05\/02\/a-los-paises-protestantes-les-va-mejor-que-a-los-paises-catolicos\/#breadcrumb"},"inLanguage":"es","potentialAction":[{"@type":"ReadAction","target":["https:\/\/academiacatolica.com\/index.php\/2024\/05\/02\/a-los-paises-protestantes-les-va-mejor-que-a-los-paises-catolicos\/"]}]},{"@type":"ImageObject","inLanguage":"es","@id":"https:\/\/academiacatolica.com\/index.php\/2024\/05\/02\/a-los-paises-protestantes-les-va-mejor-que-a-los-paises-catolicos\/#primaryimage","url":"https:\/\/academiacatolica.com\/wp-content\/uploads\/2024\/05\/Catolicismo-amor.png","contentUrl":"https:\/\/academiacatolica.com\/wp-content\/uploads\/2024\/05\/Catolicismo-amor.png","width":1280,"height":720,"caption":"A mesmerizing, powerful and evocative piece of digital fantasy concept art of an ancient balance with two platters. On one side, a luxurious platter tilted upwards, filled with objects representing material wealth: rolled banknotes, dazzling jewels, and gold coins. On the other side, a platter highlighting symbols of Catholicism and love: a wooden cross inscribed with INRI, ash, a heart pierced by thorns, a violet candle, a white lily, and a pelican. The image is rendered in warm, vivid tones, with a cinematic and portrait photography style., unreal engine , octane render , 8k , sidelight\""},{"@type":"BreadcrumbList","@id":"https:\/\/academiacatolica.com\/index.php\/2024\/05\/02\/a-los-paises-protestantes-les-va-mejor-que-a-los-paises-catolicos\/#breadcrumb","itemListElement":[{"@type":"ListItem","position":1,"name":"Home","item":"https:\/\/academiacatolica.com\/"},{"@type":"ListItem","position":2,"name":"\u00abA los pa\u00edses protestantes les va mejor que a los pa\u00edses cat\u00f3licos\u00bb"}]},{"@type":"WebSite","@id":"https:\/\/academiacatolica.com\/#website","url":"https:\/\/academiacatolica.com\/","name":"academiacatolica.com | Hacia la contemplaci\u00f3n de la verdad","description":"P\u00e1gina Web Oficial del P. Tom\u00e1s Agust\u00edn Beroch - Catequesis digital","potentialAction":[{"@type":"SearchAction","target":{"@type":"EntryPoint","urlTemplate":"https:\/\/academiacatolica.com\/?s={search_term_string}"},"query-input":{"@type":"PropertyValueSpecification","valueRequired":true,"valueName":"search_term_string"}}],"inLanguage":"es"},{"@type":"Person","@id":"https:\/\/academiacatolica.com\/#\/schema\/person\/5be95da788414a993cef27f151ffd640","name":"academiacatolica.com","image":{"@type":"ImageObject","inLanguage":"es","@id":"https:\/\/secure.gravatar.com\/avatar\/b171d0886bae1524505616fe9b8ccc140215749d2de00d9eaf9288f17d5be9d4?s=96&d=mm&r=g","url":"https:\/\/secure.gravatar.com\/avatar\/b171d0886bae1524505616fe9b8ccc140215749d2de00d9eaf9288f17d5be9d4?s=96&d=mm&r=g","contentUrl":"https:\/\/secure.gravatar.com\/avatar\/b171d0886bae1524505616fe9b8ccc140215749d2de00d9eaf9288f17d5be9d4?s=96&d=mm&r=g","caption":"academiacatolica.com"},"sameAs":["https:\/\/academiacatolica.com"],"url":"https:\/\/academiacatolica.com\/index.php\/author\/academiacatolica-com\/"}]}},"_links":{"self":[{"href":"https:\/\/academiacatolica.com\/index.php\/wp-json\/wp\/v2\/posts\/371","targetHints":{"allow":["GET"]}}],"collection":[{"href":"https:\/\/academiacatolica.com\/index.php\/wp-json\/wp\/v2\/posts"}],"about":[{"href":"https:\/\/academiacatolica.com\/index.php\/wp-json\/wp\/v2\/types\/post"}],"author":[{"embeddable":true,"href":"https:\/\/academiacatolica.com\/index.php\/wp-json\/wp\/v2\/users\/1"}],"replies":[{"embeddable":true,"href":"https:\/\/academiacatolica.com\/index.php\/wp-json\/wp\/v2\/comments?post=371"}],"version-history":[{"count":2,"href":"https:\/\/academiacatolica.com\/index.php\/wp-json\/wp\/v2\/posts\/371\/revisions"}],"predecessor-version":[{"id":374,"href":"https:\/\/academiacatolica.com\/index.php\/wp-json\/wp\/v2\/posts\/371\/revisions\/374"}],"wp:featuredmedia":[{"embeddable":true,"href":"https:\/\/academiacatolica.com\/index.php\/wp-json\/wp\/v2\/media\/377"}],"wp:attachment":[{"href":"https:\/\/academiacatolica.com\/index.php\/wp-json\/wp\/v2\/media?parent=371"}],"wp:term":[{"taxonomy":"category","embeddable":true,"href":"https:\/\/academiacatolica.com\/index.php\/wp-json\/wp\/v2\/categories?post=371"},{"taxonomy":"post_tag","embeddable":true,"href":"https:\/\/academiacatolica.com\/index.php\/wp-json\/wp\/v2\/tags?post=371"}],"curies":[{"name":"wp","href":"https:\/\/api.w.org\/{rel}","templated":true}]}}