{"id":539,"date":"2024-10-14T00:35:40","date_gmt":"2024-10-14T05:35:40","guid":{"rendered":"https:\/\/academiacatolica.com\/?p=539"},"modified":"2025-01-01T11:28:32","modified_gmt":"2025-01-01T16:28:32","slug":"12-de-octubre-dia-de-la-hispanidad","status":"publish","type":"post","link":"https:\/\/academiacatolica.com\/index.php\/2024\/10\/14\/12-de-octubre-dia-de-la-hispanidad\/","title":{"rendered":"12 De Octubre: d\u00eda de la Hispanidad"},"content":{"rendered":"\n<p>El 12 de Octubre es el d\u00eda de la hispanidad. Hace un tiempo escrib\u00ed un post explicando que fue lo que Espa\u00f1a hizo de bueno en Am\u00e9rica. <\/p>\n\n\n\n<p>Lo vuelvo a publicar con pocos retoques, pero creo que vale la pena releerlo. Un abrazo a cada uno de ustedes. \u00a1Viva Espa\u00f1a y Viva la Hispanidad! Bendiciones a todos, en especial a mis hermanos hispanos. <\/p>\n\n\n\n<p>Muchos se hacen la siguiente pregunta: \u00bfQu\u00e9 hizo de bueno Espa\u00f1a en el continente americano de los ind\u00edgenas? Esto es todo lo que hicieron: <\/p>\n\n\n\n<p>1) Se prohibieron los sacrificios humanos. Los aztecas llegaron a ofrecer hasta 80.000 sacrificios humanos en un solo d\u00eda (no POR D\u00cdA, sino EN UN SOLO D\u00cdA. No es que ofrec\u00edan 80.000 sacrificios diarios, pero llegaron a masacrar esa gente en un solo d\u00eda), y los Incas ofrec\u00edan hasta 25.000 por a\u00f1o. Los aztecas y los incas hubiesen devorado a casi todas las tribus si no hubiese sido por la llegada los espa\u00f1oles (de hecho, en la lucha contra estos imperios, muchos ind\u00edgenas oprimidos por los incas y los aztecas ayudaron a los espa\u00f1oles a derrotarlos) <\/p>\n\n\n\n<p>2) Se prohibi\u00f3 el canibalismo. <\/p>\n\n\n\n<p>3) Se liber\u00f3 a los ind\u00edgenas de imperios desp\u00f3ticos (como los aztecas, los incas y los mayas) que somet\u00edan muchos pueblos y los esclavizaban. Bajo el reinado de Isabel la cat\u00f3lica, la reina declar\u00f3 a los ind\u00edgenas libres y con los mismos derechos que los espa\u00f1oles. <\/p>\n\n\n\n<p>4) Se gener\u00f3 una nueva raza: el mestizo (a diferencia de la Inglaterra protestante que no se mezcl\u00f3 con los ind\u00edgenas sino que los elimin\u00f3 por completo). <\/p>\n\n\n\n<p>5) La educaci\u00f3n pas\u00f3 a ser libre y abierta para todos por igual sin distinci\u00f3n de clase social, sexo o etnia. A este efecto se construyeron cientos de escuelas y universidades, talleres de oficios, etc. (en la cultura de los ind\u00edgenas, la educaci\u00f3n solo estaba reservada a una peque\u00f1a elite de poder). <\/p>\n\n\n\n<p>6) En la \u00e9poca de las epidemias, pestes y enfermedades se construyeron un sin fin de hospitales de los que se encargaban mayormente los misioneros y los mismos cuidaban tambi\u00e9n a las familias de los enfermos. 7) Los trabajos deb\u00edan ser pagados y remunerados (los caciques ind\u00edgenas en cambio explotaban al pueblo y no les remuneraban el duro trabajo que realizaban a costa de su salud y a veces de su vida). <\/p>\n\n\n\n<p>8) Los ind\u00edgenas ten\u00edan derecho a protestar, iniciar procesos y apelaciones, contra los espa\u00f1oles u otros ind\u00edgenas que hubieran vulnerado sus derechos (los incas, aztecas y mayas no permit\u00edan ni chistar contra las disposiciones del estado, pues cualquier protesta significar\u00eda la condena a muerte de inmediato). <\/p>\n\n\n\n<p>9) Poco a poco los ind\u00edgenas fueron convirti\u00e9ndose a la religi\u00f3n verdadera, entreg\u00e1ndose voluntariamente al \u00fanico Dios, Jesucristo, salvando as\u00ed su alma. De ella aprendieron los conceptos como misericordia, solidaridad y caridad. <\/p>\n\n\n\n<p>10) No pod\u00edan ser procesados por el Tribunal de la Inquisici\u00f3n, por tratarse de ne\u00f3fitos en la religi\u00f3n. Yo simplemente agregar\u00eda que desde M\u00e9xico hasta Argentina hay poblaciones mestizas al 100%, y tambi\u00e9n hay miles de poblaciones 100% ind\u00edgenas. En cambio en Am\u00e9rica del Norte, los protestantes anglicanos eliminaron la raza ind\u00edgena. Los ind\u00edgenas en Am\u00e9rica del Norte eran 10 millones, y los anglicanos los redujeron a 200.000. <\/p>\n\n\n\n<p>Hoy en d\u00eda solo quedan unos pocos en las reservas, y ni siquiera tienen el 100% de sangre india. Lo mismo podemos decir que si los cruzados no hubieran frenado a los musulmanes en las batallas de Lepanto y Viena, Europa hoy en d\u00eda ser\u00eda musulmana y tambi\u00e9n Am\u00e9rica. <\/p>\n\n\n\n<p>Si el imperio Otomano hubiese tomado Europa, Am\u00e9rica no hubiese sido tomada por los ingleses, espa\u00f1oles y portugueses. No, Am\u00e9rica hubiese sido tomada por los musulmanes. Eso quiere decir que los cruzados salvaron a Europa de la invasi\u00f3n musulmana, y tambi\u00e9n a Am\u00e9rica. Si Am\u00e9rica y Europa fuesen musulmanas, no existir\u00edan ni las feministas, ni los lobbies LGBT, ni los ecologistas, ni ninguno de esos grupos woke que solamente pueden sobrevivir gracias a la \u00abtolerancia cristiana\u00bb (enti\u00e9ndase la iron\u00eda con la palabra usada).<\/p>\n\n\n\n<p> Dicho todo esto, yo no me averg\u00fcenzo de la Iglesia Cat\u00f3lica ni de Espa\u00f1a. Todo lo contrario, es un orgullo ser cat\u00f3lico y es un orgullo tener a Espa\u00f1a como nuestra madre patria (a\u00fan cuando hoy en d\u00eda est\u00e9 manejada por socialistas, que esperemos que no duren por mucho tiempo). Recomiendo los dos libros de Cristian Iturralde que se llaman \u00ab1492\u00bb (son dos tomos). Esto que expliqu\u00e9 hoy est\u00e1 en la p\u00e1gina 196 del segundo tomo. Vale la pena leerlos ya que desenmascaran varias leyendas negras en torno a Espa\u00f1a y la conquista de Am\u00e9rica. <\/p>\n\n\n\n<p>Muchas bendiciones para todos.<\/p>\n\n\n\n<figure class=\"wp-block-embed is-type-video is-provider-youtube wp-block-embed-youtube wp-embed-aspect-16-9 wp-has-aspect-ratio\"><div class=\"wp-block-embed__wrapper\">\n<iframe loading=\"lazy\" title=\"Claudia Sheinbaum, El Rey de Espa\u00f1a, indigenismo e ideolog\u00edas afines | P. Tom\u00e1s Beroch\" width=\"1080\" height=\"608\" src=\"https:\/\/www.youtube.com\/embed\/BJ8kOfbjIOg?start=3787&#038;feature=oembed\"  allow=\"accelerometer; autoplay; clipboard-write; encrypted-media; gyroscope; picture-in-picture; web-share\" referrerpolicy=\"strict-origin-when-cross-origin\" allowfullscreen><\/iframe>\n<\/div><\/figure>\n","protected":false},"excerpt":{"rendered":"<p>El 12 de Octubre es el d\u00eda de la hispanidad. Hace un tiempo escrib\u00ed un post explicando que fue lo que Espa\u00f1a hizo de bueno en Am\u00e9rica. Lo vuelvo a publicar con pocos retoques, pero creo que vale la pena releerlo. Un abrazo a cada uno de ustedes. \u00a1Viva Espa\u00f1a y Viva la Hispanidad! Bendiciones [&hellip;]<\/p>\n","protected":false},"author":1,"featured_media":543,"comment_status":"closed","ping_status":"open","sticky":false,"template":"","format":"standard","meta":{"_et_pb_use_builder":"off","_et_pb_old_content":"","_et_gb_content_width":"","footnotes":""},"categories":[1],"tags":[],"class_list":["post-539","post","type-post","status-publish","format-standard","has-post-thumbnail","hentry","category-blog"],"yoast_head":"<!-- This site is optimized with the Yoast SEO plugin v27.5 - https:\/\/yoast.com\/product\/yoast-seo-wordpress\/ -->\n<title>12 De Octubre: d\u00eda de la Hispanidad - academiacatolica.com | Hacia la contemplaci\u00f3n de la verdad<\/title>\n<meta name=\"robots\" content=\"index, follow, max-snippet:-1, max-image-preview:large, max-video-preview:-1\" \/>\n<link rel=\"canonical\" href=\"https:\/\/academiacatolica.com\/index.php\/2024\/10\/14\/12-de-octubre-dia-de-la-hispanidad\/\" \/>\n<meta property=\"og:locale\" content=\"es_ES\" \/>\n<meta property=\"og:type\" content=\"article\" \/>\n<meta property=\"og:title\" content=\"12 De Octubre: d\u00eda de la Hispanidad - academiacatolica.com | Hacia la contemplaci\u00f3n de la verdad\" \/>\n<meta property=\"og:description\" content=\"El 12 de Octubre es el d\u00eda de la hispanidad. Hace un tiempo escrib\u00ed un post explicando que fue lo que Espa\u00f1a hizo de bueno en Am\u00e9rica. Lo vuelvo a publicar con pocos retoques, pero creo que vale la pena releerlo. Un abrazo a cada uno de ustedes. \u00a1Viva Espa\u00f1a y Viva la Hispanidad! Bendiciones [&hellip;]\" \/>\n<meta property=\"og:url\" content=\"https:\/\/academiacatolica.com\/index.php\/2024\/10\/14\/12-de-octubre-dia-de-la-hispanidad\/\" \/>\n<meta property=\"og:site_name\" content=\"academiacatolica.com | Hacia la contemplaci\u00f3n de la verdad\" \/>\n<meta property=\"article:published_time\" content=\"2024-10-14T05:35:40+00:00\" \/>\n<meta property=\"article:modified_time\" content=\"2025-01-01T16:28:32+00:00\" \/>\n<meta property=\"og:image\" content=\"https:\/\/academiacatolica.com\/wp-content\/uploads\/2024\/10\/cLAUDIA-SHEINBAUM-EL-REY-DE-ESPANA.png\" \/>\n\t<meta property=\"og:image:width\" content=\"1280\" \/>\n\t<meta property=\"og:image:height\" content=\"720\" \/>\n\t<meta property=\"og:image:type\" content=\"image\/png\" \/>\n<meta name=\"author\" content=\"academiacatolica.com\" \/>\n<meta name=\"twitter:card\" content=\"summary_large_image\" \/>\n<meta name=\"twitter:label1\" content=\"Escrito por\" \/>\n\t<meta name=\"twitter:data1\" content=\"academiacatolica.com\" \/>\n\t<meta name=\"twitter:label2\" content=\"Tiempo de lectura\" \/>\n\t<meta name=\"twitter:data2\" content=\"4 minutos\" \/>\n<script type=\"application\/ld+json\" class=\"yoast-schema-graph\">{\"@context\":\"https:\\\/\\\/schema.org\",\"@graph\":[{\"@type\":\"Article\",\"@id\":\"https:\\\/\\\/academiacatolica.com\\\/index.php\\\/2024\\\/10\\\/14\\\/12-de-octubre-dia-de-la-hispanidad\\\/#article\",\"isPartOf\":{\"@id\":\"https:\\\/\\\/academiacatolica.com\\\/index.php\\\/2024\\\/10\\\/14\\\/12-de-octubre-dia-de-la-hispanidad\\\/\"},\"author\":{\"name\":\"academiacatolica.com\",\"@id\":\"https:\\\/\\\/academiacatolica.com\\\/#\\\/schema\\\/person\\\/5be95da788414a993cef27f151ffd640\"},\"headline\":\"12 De Octubre: d\u00eda de la Hispanidad\",\"datePublished\":\"2024-10-14T05:35:40+00:00\",\"dateModified\":\"2025-01-01T16:28:32+00:00\",\"mainEntityOfPage\":{\"@id\":\"https:\\\/\\\/academiacatolica.com\\\/index.php\\\/2024\\\/10\\\/14\\\/12-de-octubre-dia-de-la-hispanidad\\\/\"},\"wordCount\":837,\"image\":{\"@id\":\"https:\\\/\\\/academiacatolica.com\\\/index.php\\\/2024\\\/10\\\/14\\\/12-de-octubre-dia-de-la-hispanidad\\\/#primaryimage\"},\"thumbnailUrl\":\"https:\\\/\\\/academiacatolica.com\\\/wp-content\\\/uploads\\\/2024\\\/10\\\/cLAUDIA-SHEINBAUM-EL-REY-DE-ESPANA.png\",\"articleSection\":[\"Blog\"],\"inLanguage\":\"es\"},{\"@type\":\"WebPage\",\"@id\":\"https:\\\/\\\/academiacatolica.com\\\/index.php\\\/2024\\\/10\\\/14\\\/12-de-octubre-dia-de-la-hispanidad\\\/\",\"url\":\"https:\\\/\\\/academiacatolica.com\\\/index.php\\\/2024\\\/10\\\/14\\\/12-de-octubre-dia-de-la-hispanidad\\\/\",\"name\":\"12 De Octubre: d\u00eda de la Hispanidad - academiacatolica.com | Hacia la contemplaci\u00f3n de la verdad\",\"isPartOf\":{\"@id\":\"https:\\\/\\\/academiacatolica.com\\\/#website\"},\"primaryImageOfPage\":{\"@id\":\"https:\\\/\\\/academiacatolica.com\\\/index.php\\\/2024\\\/10\\\/14\\\/12-de-octubre-dia-de-la-hispanidad\\\/#primaryimage\"},\"image\":{\"@id\":\"https:\\\/\\\/academiacatolica.com\\\/index.php\\\/2024\\\/10\\\/14\\\/12-de-octubre-dia-de-la-hispanidad\\\/#primaryimage\"},\"thumbnailUrl\":\"https:\\\/\\\/academiacatolica.com\\\/wp-content\\\/uploads\\\/2024\\\/10\\\/cLAUDIA-SHEINBAUM-EL-REY-DE-ESPANA.png\",\"datePublished\":\"2024-10-14T05:35:40+00:00\",\"dateModified\":\"2025-01-01T16:28:32+00:00\",\"author\":{\"@id\":\"https:\\\/\\\/academiacatolica.com\\\/#\\\/schema\\\/person\\\/5be95da788414a993cef27f151ffd640\"},\"breadcrumb\":{\"@id\":\"https:\\\/\\\/academiacatolica.com\\\/index.php\\\/2024\\\/10\\\/14\\\/12-de-octubre-dia-de-la-hispanidad\\\/#breadcrumb\"},\"inLanguage\":\"es\",\"potentialAction\":[{\"@type\":\"ReadAction\",\"target\":[\"https:\\\/\\\/academiacatolica.com\\\/index.php\\\/2024\\\/10\\\/14\\\/12-de-octubre-dia-de-la-hispanidad\\\/\"]}]},{\"@type\":\"ImageObject\",\"inLanguage\":\"es\",\"@id\":\"https:\\\/\\\/academiacatolica.com\\\/index.php\\\/2024\\\/10\\\/14\\\/12-de-octubre-dia-de-la-hispanidad\\\/#primaryimage\",\"url\":\"https:\\\/\\\/academiacatolica.com\\\/wp-content\\\/uploads\\\/2024\\\/10\\\/cLAUDIA-SHEINBAUM-EL-REY-DE-ESPANA.png\",\"contentUrl\":\"https:\\\/\\\/academiacatolica.com\\\/wp-content\\\/uploads\\\/2024\\\/10\\\/cLAUDIA-SHEINBAUM-EL-REY-DE-ESPANA.png\",\"width\":1280,\"height\":720,\"caption\":\"Hispanidad, indigenismo, progresismo\"},{\"@type\":\"BreadcrumbList\",\"@id\":\"https:\\\/\\\/academiacatolica.com\\\/index.php\\\/2024\\\/10\\\/14\\\/12-de-octubre-dia-de-la-hispanidad\\\/#breadcrumb\",\"itemListElement\":[{\"@type\":\"ListItem\",\"position\":1,\"name\":\"Home\",\"item\":\"https:\\\/\\\/academiacatolica.com\\\/\"},{\"@type\":\"ListItem\",\"position\":2,\"name\":\"12 De Octubre: d\u00eda de la Hispanidad\"}]},{\"@type\":\"WebSite\",\"@id\":\"https:\\\/\\\/academiacatolica.com\\\/#website\",\"url\":\"https:\\\/\\\/academiacatolica.com\\\/\",\"name\":\"academiacatolica.com | Hacia la contemplaci\u00f3n de la verdad\",\"description\":\"P\u00e1gina Web Oficial del P. Tom\u00e1s Agust\u00edn Beroch - Catequesis digital\",\"potentialAction\":[{\"@type\":\"SearchAction\",\"target\":{\"@type\":\"EntryPoint\",\"urlTemplate\":\"https:\\\/\\\/academiacatolica.com\\\/?s={search_term_string}\"},\"query-input\":{\"@type\":\"PropertyValueSpecification\",\"valueRequired\":true,\"valueName\":\"search_term_string\"}}],\"inLanguage\":\"es\"},{\"@type\":\"Person\",\"@id\":\"https:\\\/\\\/academiacatolica.com\\\/#\\\/schema\\\/person\\\/5be95da788414a993cef27f151ffd640\",\"name\":\"academiacatolica.com\",\"image\":{\"@type\":\"ImageObject\",\"inLanguage\":\"es\",\"@id\":\"https:\\\/\\\/secure.gravatar.com\\\/avatar\\\/b171d0886bae1524505616fe9b8ccc140215749d2de00d9eaf9288f17d5be9d4?s=96&d=mm&r=g\",\"url\":\"https:\\\/\\\/secure.gravatar.com\\\/avatar\\\/b171d0886bae1524505616fe9b8ccc140215749d2de00d9eaf9288f17d5be9d4?s=96&d=mm&r=g\",\"contentUrl\":\"https:\\\/\\\/secure.gravatar.com\\\/avatar\\\/b171d0886bae1524505616fe9b8ccc140215749d2de00d9eaf9288f17d5be9d4?s=96&d=mm&r=g\",\"caption\":\"academiacatolica.com\"},\"sameAs\":[\"https:\\\/\\\/academiacatolica.com\"],\"url\":\"https:\\\/\\\/academiacatolica.com\\\/index.php\\\/author\\\/academiacatolica-com\\\/\"}]}<\/script>\n<!-- \/ Yoast SEO plugin. -->","yoast_head_json":{"title":"12 De Octubre: d\u00eda de la Hispanidad - academiacatolica.com | Hacia la contemplaci\u00f3n de la verdad","robots":{"index":"index","follow":"follow","max-snippet":"max-snippet:-1","max-image-preview":"max-image-preview:large","max-video-preview":"max-video-preview:-1"},"canonical":"https:\/\/academiacatolica.com\/index.php\/2024\/10\/14\/12-de-octubre-dia-de-la-hispanidad\/","og_locale":"es_ES","og_type":"article","og_title":"12 De Octubre: d\u00eda de la Hispanidad - academiacatolica.com | Hacia la contemplaci\u00f3n de la verdad","og_description":"El 12 de Octubre es el d\u00eda de la hispanidad. Hace un tiempo escrib\u00ed un post explicando que fue lo que Espa\u00f1a hizo de bueno en Am\u00e9rica. Lo vuelvo a publicar con pocos retoques, pero creo que vale la pena releerlo. Un abrazo a cada uno de ustedes. \u00a1Viva Espa\u00f1a y Viva la Hispanidad! Bendiciones [&hellip;]","og_url":"https:\/\/academiacatolica.com\/index.php\/2024\/10\/14\/12-de-octubre-dia-de-la-hispanidad\/","og_site_name":"academiacatolica.com | Hacia la contemplaci\u00f3n de la verdad","article_published_time":"2024-10-14T05:35:40+00:00","article_modified_time":"2025-01-01T16:28:32+00:00","og_image":[{"width":1280,"height":720,"url":"https:\/\/academiacatolica.com\/wp-content\/uploads\/2024\/10\/cLAUDIA-SHEINBAUM-EL-REY-DE-ESPANA.png","type":"image\/png"}],"author":"academiacatolica.com","twitter_card":"summary_large_image","twitter_misc":{"Escrito por":"academiacatolica.com","Tiempo de lectura":"4 minutos"},"schema":{"@context":"https:\/\/schema.org","@graph":[{"@type":"Article","@id":"https:\/\/academiacatolica.com\/index.php\/2024\/10\/14\/12-de-octubre-dia-de-la-hispanidad\/#article","isPartOf":{"@id":"https:\/\/academiacatolica.com\/index.php\/2024\/10\/14\/12-de-octubre-dia-de-la-hispanidad\/"},"author":{"name":"academiacatolica.com","@id":"https:\/\/academiacatolica.com\/#\/schema\/person\/5be95da788414a993cef27f151ffd640"},"headline":"12 De Octubre: d\u00eda de la Hispanidad","datePublished":"2024-10-14T05:35:40+00:00","dateModified":"2025-01-01T16:28:32+00:00","mainEntityOfPage":{"@id":"https:\/\/academiacatolica.com\/index.php\/2024\/10\/14\/12-de-octubre-dia-de-la-hispanidad\/"},"wordCount":837,"image":{"@id":"https:\/\/academiacatolica.com\/index.php\/2024\/10\/14\/12-de-octubre-dia-de-la-hispanidad\/#primaryimage"},"thumbnailUrl":"https:\/\/academiacatolica.com\/wp-content\/uploads\/2024\/10\/cLAUDIA-SHEINBAUM-EL-REY-DE-ESPANA.png","articleSection":["Blog"],"inLanguage":"es"},{"@type":"WebPage","@id":"https:\/\/academiacatolica.com\/index.php\/2024\/10\/14\/12-de-octubre-dia-de-la-hispanidad\/","url":"https:\/\/academiacatolica.com\/index.php\/2024\/10\/14\/12-de-octubre-dia-de-la-hispanidad\/","name":"12 De Octubre: d\u00eda de la Hispanidad - academiacatolica.com | Hacia la contemplaci\u00f3n de la verdad","isPartOf":{"@id":"https:\/\/academiacatolica.com\/#website"},"primaryImageOfPage":{"@id":"https:\/\/academiacatolica.com\/index.php\/2024\/10\/14\/12-de-octubre-dia-de-la-hispanidad\/#primaryimage"},"image":{"@id":"https:\/\/academiacatolica.com\/index.php\/2024\/10\/14\/12-de-octubre-dia-de-la-hispanidad\/#primaryimage"},"thumbnailUrl":"https:\/\/academiacatolica.com\/wp-content\/uploads\/2024\/10\/cLAUDIA-SHEINBAUM-EL-REY-DE-ESPANA.png","datePublished":"2024-10-14T05:35:40+00:00","dateModified":"2025-01-01T16:28:32+00:00","author":{"@id":"https:\/\/academiacatolica.com\/#\/schema\/person\/5be95da788414a993cef27f151ffd640"},"breadcrumb":{"@id":"https:\/\/academiacatolica.com\/index.php\/2024\/10\/14\/12-de-octubre-dia-de-la-hispanidad\/#breadcrumb"},"inLanguage":"es","potentialAction":[{"@type":"ReadAction","target":["https:\/\/academiacatolica.com\/index.php\/2024\/10\/14\/12-de-octubre-dia-de-la-hispanidad\/"]}]},{"@type":"ImageObject","inLanguage":"es","@id":"https:\/\/academiacatolica.com\/index.php\/2024\/10\/14\/12-de-octubre-dia-de-la-hispanidad\/#primaryimage","url":"https:\/\/academiacatolica.com\/wp-content\/uploads\/2024\/10\/cLAUDIA-SHEINBAUM-EL-REY-DE-ESPANA.png","contentUrl":"https:\/\/academiacatolica.com\/wp-content\/uploads\/2024\/10\/cLAUDIA-SHEINBAUM-EL-REY-DE-ESPANA.png","width":1280,"height":720,"caption":"Hispanidad, indigenismo, progresismo"},{"@type":"BreadcrumbList","@id":"https:\/\/academiacatolica.com\/index.php\/2024\/10\/14\/12-de-octubre-dia-de-la-hispanidad\/#breadcrumb","itemListElement":[{"@type":"ListItem","position":1,"name":"Home","item":"https:\/\/academiacatolica.com\/"},{"@type":"ListItem","position":2,"name":"12 De Octubre: d\u00eda de la Hispanidad"}]},{"@type":"WebSite","@id":"https:\/\/academiacatolica.com\/#website","url":"https:\/\/academiacatolica.com\/","name":"academiacatolica.com | Hacia la contemplaci\u00f3n de la verdad","description":"P\u00e1gina Web Oficial del P. Tom\u00e1s Agust\u00edn Beroch - Catequesis digital","potentialAction":[{"@type":"SearchAction","target":{"@type":"EntryPoint","urlTemplate":"https:\/\/academiacatolica.com\/?s={search_term_string}"},"query-input":{"@type":"PropertyValueSpecification","valueRequired":true,"valueName":"search_term_string"}}],"inLanguage":"es"},{"@type":"Person","@id":"https:\/\/academiacatolica.com\/#\/schema\/person\/5be95da788414a993cef27f151ffd640","name":"academiacatolica.com","image":{"@type":"ImageObject","inLanguage":"es","@id":"https:\/\/secure.gravatar.com\/avatar\/b171d0886bae1524505616fe9b8ccc140215749d2de00d9eaf9288f17d5be9d4?s=96&d=mm&r=g","url":"https:\/\/secure.gravatar.com\/avatar\/b171d0886bae1524505616fe9b8ccc140215749d2de00d9eaf9288f17d5be9d4?s=96&d=mm&r=g","contentUrl":"https:\/\/secure.gravatar.com\/avatar\/b171d0886bae1524505616fe9b8ccc140215749d2de00d9eaf9288f17d5be9d4?s=96&d=mm&r=g","caption":"academiacatolica.com"},"sameAs":["https:\/\/academiacatolica.com"],"url":"https:\/\/academiacatolica.com\/index.php\/author\/academiacatolica-com\/"}]}},"_links":{"self":[{"href":"https:\/\/academiacatolica.com\/index.php\/wp-json\/wp\/v2\/posts\/539","targetHints":{"allow":["GET"]}}],"collection":[{"href":"https:\/\/academiacatolica.com\/index.php\/wp-json\/wp\/v2\/posts"}],"about":[{"href":"https:\/\/academiacatolica.com\/index.php\/wp-json\/wp\/v2\/types\/post"}],"author":[{"embeddable":true,"href":"https:\/\/academiacatolica.com\/index.php\/wp-json\/wp\/v2\/users\/1"}],"replies":[{"embeddable":true,"href":"https:\/\/academiacatolica.com\/index.php\/wp-json\/wp\/v2\/comments?post=539"}],"version-history":[{"count":5,"href":"https:\/\/academiacatolica.com\/index.php\/wp-json\/wp\/v2\/posts\/539\/revisions"}],"predecessor-version":[{"id":549,"href":"https:\/\/academiacatolica.com\/index.php\/wp-json\/wp\/v2\/posts\/539\/revisions\/549"}],"wp:featuredmedia":[{"embeddable":true,"href":"https:\/\/academiacatolica.com\/index.php\/wp-json\/wp\/v2\/media\/543"}],"wp:attachment":[{"href":"https:\/\/academiacatolica.com\/index.php\/wp-json\/wp\/v2\/media?parent=539"}],"wp:term":[{"taxonomy":"category","embeddable":true,"href":"https:\/\/academiacatolica.com\/index.php\/wp-json\/wp\/v2\/categories?post=539"},{"taxonomy":"post_tag","embeddable":true,"href":"https:\/\/academiacatolica.com\/index.php\/wp-json\/wp\/v2\/tags?post=539"}],"curies":[{"name":"wp","href":"https:\/\/api.w.org\/{rel}","templated":true}]}}