{"id":578,"date":"2025-01-01T15:14:57","date_gmt":"2025-01-01T20:14:57","guid":{"rendered":"https:\/\/academiacatolica.com\/?p=578"},"modified":"2025-01-01T15:16:35","modified_gmt":"2025-01-01T20:16:35","slug":"sermon-de-navidad-2024","status":"publish","type":"post","link":"https:\/\/academiacatolica.com\/index.php\/2025\/01\/01\/sermon-de-navidad-2024\/","title":{"rendered":"Serm\u00f3n de Navidad (2024)"},"content":{"rendered":"[et_pb_section admin_label=\u00bbsection\u00bb]\n\t\t\t[et_pb_row admin_label=\u00bbrow\u00bb]\n\t\t\t\t[et_pb_column type=\u00bb4_4&#8243;][et_pb_text admin_label=\u00bbText\u00bb]\n<p class=\"has-small-font-size\">Queridos amigos: Les comparto el serm\u00f3n que prediqu\u00e9 en el d\u00eda de ayer sobre la Sagrada Familia. Bendiciones para todos. LAS VIRTUDES DE LA SAGRADA FAMILIA Queridos hermanos, hoy celebramos la fiesta de la Sagrada Familia de Jes\u00fas, Mar\u00eda y Jos\u00e9. Podemos decir que la Sagrada familia es el modelo a seguir que los cristianos tenemos. El Papa Juan Pablo II dec\u00eda que la familia deb\u00eda ser una Iglesia Dom\u00e9stica, y tambi\u00e9n una escuela de amor. Una vez estuve en la escuela y les pregunt\u00e9 a los ni\u00f1os cu\u00e1l era la misi\u00f3n de la familia. Uno de ellos me dijo: \u201cperpetuar la especie humana\u201d. Otro me dijo: \u201ccuando yo tengo hijos, mi hijo es la extensi\u00f3n de mi mismo\u201d, otro me dijo que es un modo de cooperar con el bien de la sociedad el traer buenos seres humanos al mundo. <\/p>\n\n\n\n<p class=\"has-small-font-size\">Todas estas respuestas, equivocadas o no, son interesantes. Sin embargo, el fin de la familia no es todo lo mencionado renglones atr\u00e1s, sino algo mucho m\u00e1s profundo. El fin de la familia es el cielo. El marido debe ayudar a la esposa a salvar su alma, lo mismo la esposa al marido. Los padres deben ayudar a sus hijos a ir al cielo, lo mismo los hijos a los padres. Los hermanos deben ayudarse entre s\u00ed a ir al cielo. Si nuestra familia no va al cielo, nada tiene sentido, pues quien pierde el cielo, todo lo pierde. Por eso, no hay que perder de vista cu\u00e1l es el objetivo principal de cada familia: la salvaci\u00f3n eterna. \u00bfPorqu\u00e9 decimos que la familia de Jes\u00fas, Mar\u00eda y Jos\u00e9 es sagrada? Por dos motivos principales. El primero es que Jes\u00fas estaba entre ellos. El Dios hecho hombre, el Hijo Eterno del Padre estaba presente y era el centro de sus vidas. Si una familia tiene a Jes\u00fas como centro de sus vidas, crecer\u00e1 en santidad. En cambio la familia que no tiene a Jes\u00fas como centro de sus vidas, fracasar\u00e1. \u00bfPorqu\u00e9 hay muchos divorcios en nuestra sociedad? Hay muchas respuestas, pero ciertamente que todo puede reducirse a que Jes\u00fas ya no es m\u00e1s el centro de muchas familias.<\/p>\n\n\n\n<p class=\"has-small-font-size\"> La familia est\u00e1 llamada a ir a Misa todos los Domingos EN FAMILIA. Los esposos y los hijos deben confesarse y arrepentirse siempre de sus pecados. Tambi\u00e9n se debe rezar el rosario en familia, se debe bendecir la mesa en familia. Si con nuestra familia no vamos a Misa, no rezamos el rosario, no leemos las Sagradas Escrituras, y no buscamos que Cristo sea el centro de nuestras vidas, entonces no nos podemos quejar de que todo vaya al fracaso. Si Cristo no est\u00e1 entre nosotros, nada bueno se puede esperar. Muchas parejas que tienen hijos no est\u00e1n casados por Iglesia. Y por no estar casados por Iglesia est\u00e1n privados de la confesi\u00f3n y de la comuni\u00f3n. He escuchado muchas excusas para no casarse por Iglesia. Las m\u00e1s comunes son: \u201cestamos ahorrando para la fiesta\u201d, \u201cno tenemos dinero\u201d.<\/p>\n\n\n\n<p class=\"has-small-font-size\">Pues te puedes casar ahorita, y la fiesta la haces m\u00e1s adelante. No es m\u00e1s importante la fiesta que la bendici\u00f3n de Dios. Te est\u00e1s perdiendo todos los domingos de recibir la comuni\u00f3n y te est\u00e1s perdiendo el sacramento de la misericordia. Dios no te puede perdonar porque no puedes confesarte. No te preocupes por el dinero, no te preocupes por la fiesta. Eso no es lo m\u00e1s importante. Lo m\u00e1s importante es la bendici\u00f3n de Dios en el altar y que ustedes puedan estar unidos para siempre en el Sacramento del matrimonio. La fiesta se hace despu\u00e9s, pero lo m\u00e1s importante es la bendici\u00f3n de Dios. \u00bfEst\u00e1s esperando que tu familia pueda viajar? C\u00e1sate aunque tu familia no est\u00e9 aqu\u00ed, y luego cuando tu familia viene se hace una Misa de acci\u00f3n de gracias por el matrimonio, pero no pongas excusas para recibir la bendici\u00f3n de Dios. O de lo contrario&#8230;espera a que tu familia venga para seguir teniendo intimidad, porque por esperar a tu familia no tienes problema en seguir ofendiendo a Dios teni\u00e9ndose sexo fuera del matrimonio. <\/p>\n\n\n\n<p class=\"has-small-font-size\">Tu familia no est\u00e1 aqu\u00ed, entonces vive como hermano y hermana con tu pareja sin tener intimidad hasta tanto tu familia llegue. As\u00ed podr\u00e1s volver a vivir en gracia de Dios. Si esperas que venga tu familia para casarte, pues espera tambi\u00e9n para tener intimidad \u00bfNo te parece? \u00bfNo est\u00e1s seguro que tu esposa es una buena mujer o tu esposo es un buen hombre? \u00bfPorqu\u00e9 tuviste entonces 1, 2 o 3 hijos con \u00e9l o ella? \u00bfQu\u00e9 estas esperando? \u00bfQu\u00e9 tu esposo sea como San Jos\u00e9, que tu esposa sea como la Virgen Mar\u00eda y que tus ni\u00f1os sean obedientes como Jes\u00fas? Obvio que tu familia no es la Sagrada Familia, pero con el Sacramento del matrimonio Jes\u00fas ser\u00e1 el centro de sus vidas y podr\u00e1n realmente amarse no con un amor humano sino con un amor divino, porque su amor estar\u00e1 fundamentado en Dios. Por eso, dejen de pensar cuando casarse, pongan una fecha y c\u00e1sense de una vez. En segundo lugar: Todos los miembros de la Sagrada Familia buscaron cumplir la voluntad de Dios. Mar\u00eda le dijo al \u00e1ngel: \u201cQue se haga en mi seg\u00fan tu palabra\u201d. Jos\u00e9 siempre obedeci\u00f3 la voz de Dios a trav\u00e9s del \u00e1ngel del Se\u00f1or. De hecho, Jos\u00e9 tambi\u00e9n va a Egipto para proteger al ni\u00f1o Jes\u00fas del Rey Herodes. Cristo fue obediente a su Padre, obedeci\u00f3 a la voz del Padre que lo mand\u00f3 a morir en la Cruz por la salvaci\u00f3n del g\u00e9nero humano.<\/p>\n\n\n\n<p class=\"has-small-font-size\">El Se\u00f1or le dijo al Padre: \u201cPadre, si es posible aparta de mi este c\u00e1liz. Pero que no se haga mi voluntad sino la tuya\u201d. Cristo acept\u00f3 la cruz por obediencia al Padre. La familia tiene que aceptar la voluntad de Dios y buscar ser fiel a ella. A veces la voluntad de Dios puede ser la enfermedad de uno de sus miembros (padre, madre, o hijos), a veces la voluntad de Dios puede ser el rezar pacientemente por la conversi\u00f3n de un familiar alejado de Dios (y rezar quiz\u00e1s hasta el \u00faltimo minuto de nuestras vidas, no ver los frutos inmediatamente), a veces la voluntad de Dios es aceptar la p\u00e9rdida del trabajo, o inclusive otras cruces m\u00e1s dolorosas. Tenemos que siempre tener presente que si aceptamos la voluntad de Dios, \u00e9l jam\u00e1s nos abandonar\u00e1. Siempre viene la resurrecci\u00f3n luego de la muerte y pasi\u00f3n. Nosotros debemos buscar abrazar la voluntad del Padre como lo hizo la Sagrada Familia. Y as\u00ed como Jes\u00fas, Mar\u00eda y Jos\u00e9 fueron bendecidos enormemente, nosotros tambi\u00e9n participaremos de esas bendiciones si confiamos en la Providencia Divina. <\/p>\n\n\n\n<p class=\"has-small-font-size\">La funci\u00f3n del padre de familia es proteger a su esposa y a sus hijos, como lo hizo San Jos\u00e9. La funci\u00f3n de la madre es educar a sus hijos en el amor y la misericordia. Los hijos deben obedecer a sus padres y cuidarlos en la vejez. Pero por sobre todas las cosas, la familia cumplir\u00e1 su misi\u00f3n si sus miembros se ayudan los unos a los otros a ir al cielo. Una madre o un padre nunca le tiene que preguntar a un hijo porqu\u00e9 no comulg\u00f3. Eso no corresponde. Eso es meterse en la conciencia de sus hijos. Pero s\u00ed hay que alentarlo a que se confiese y vaya a Misa, y para eso hace falta que nosotros nos confesemos y vayamos a Misa. Si nosotros no nos confesamos ni vamos a Misa, no les estamos dando buen ejemplo. Recordemos que est\u00e1 bien preocuparnos de que nuestros hijos sean fuertes, sean inteligentes, tengan bienestar, etc. Pero si nuestros hijos no van al cielo, de nada sirvi\u00f3 todo lo dem\u00e1s. De lo primero que se tienen que encargar los padres es de la salvaci\u00f3n eterna de sus hijos, y al rev\u00e9s tambi\u00e9n. Esta debe ser la primera prioridad en la familia. Que la Sagrada Familia de Jes\u00fas, Mar\u00eda y Jos\u00e9 nos ayude a tener a Dios como centro de nuestras vidas y a ser fieles a su Sagrada Voluntad.<\/p>\n\n\n\n<p><a href=\"https:\/\/x.com\/PadreTomasB\/status\/1873783060015034406\/photo\/1\"><\/a><\/p>\n[\/et_pb_text][\/et_pb_column]\n\t\t\t[\/et_pb_row]\n\t\t[\/et_pb_section]","protected":false},"excerpt":{"rendered":"<p>Queridos amigos: Les comparto el serm\u00f3n que prediqu\u00e9 en el d\u00eda de ayer sobre la Sagrada Familia. Bendiciones para todos. LAS VIRTUDES DE LA SAGRADA FAMILIA Queridos hermanos, hoy celebramos la fiesta de la Sagrada Familia de Jes\u00fas, Mar\u00eda y Jos\u00e9. Podemos decir que la Sagrada familia es el modelo a seguir que los cristianos [&hellip;]<\/p>\n","protected":false},"author":1,"featured_media":580,"comment_status":"closed","ping_status":"open","sticky":false,"template":"","format":"standard","meta":{"_et_pb_use_builder":"on","_et_pb_old_content":"<!-- wp:paragraph {\"fontSize\":\"small\"} -->\n<p class=\"has-small-font-size\">Queridos amigos: Les comparto el serm\u00f3n que prediqu\u00e9 en el d\u00eda de ayer sobre la Sagrada Familia. Bendiciones para todos. LAS VIRTUDES DE LA SAGRADA FAMILIA Queridos hermanos, hoy celebramos la fiesta de la Sagrada Familia de Jes\u00fas, Mar\u00eda y Jos\u00e9. Podemos decir que la Sagrada familia es el modelo a seguir que los cristianos tenemos. El Papa Juan Pablo II dec\u00eda que la familia deb\u00eda ser una Iglesia Dom\u00e9stica, y tambi\u00e9n una escuela de amor. Una vez estuve en la escuela y les pregunt\u00e9 a los ni\u00f1os cu\u00e1l era la misi\u00f3n de la familia. Uno de ellos me dijo: \u201cperpetuar la especie humana\u201d. Otro me dijo: \u201ccuando yo tengo hijos, mi hijo es la extensi\u00f3n de mi mismo\u201d, otro me dijo que es un modo de cooperar con el bien de la sociedad el traer buenos seres humanos al mundo. <\/p>\n<!-- \/wp:paragraph -->\n\n<!-- wp:paragraph {\"fontSize\":\"small\"} -->\n<p class=\"has-small-font-size\">Todas estas respuestas, equivocadas o no, son interesantes. Sin embargo, el fin de la familia no es todo lo mencionado renglones atr\u00e1s, sino algo mucho m\u00e1s profundo. El fin de la familia es el cielo. El marido debe ayudar a la esposa a salvar su alma, lo mismo la esposa al marido. Los padres deben ayudar a sus hijos a ir al cielo, lo mismo los hijos a los padres. Los hermanos deben ayudarse entre s\u00ed a ir al cielo. Si nuestra familia no va al cielo, nada tiene sentido, pues quien pierde el cielo, todo lo pierde. Por eso, no hay que perder de vista cu\u00e1l es el objetivo principal de cada familia: la salvaci\u00f3n eterna. \u00bfPorqu\u00e9 decimos que la familia de Jes\u00fas, Mar\u00eda y Jos\u00e9 es sagrada? Por dos motivos principales. El primero es que Jes\u00fas estaba entre ellos. El Dios hecho hombre, el Hijo Eterno del Padre estaba presente y era el centro de sus vidas. Si una familia tiene a Jes\u00fas como centro de sus vidas, crecer\u00e1 en santidad. En cambio la familia que no tiene a Jes\u00fas como centro de sus vidas, fracasar\u00e1. \u00bfPorqu\u00e9 hay muchos divorcios en nuestra sociedad? Hay muchas respuestas, pero ciertamente que todo puede reducirse a que Jes\u00fas ya no es m\u00e1s el centro de muchas familias.<\/p>\n<!-- \/wp:paragraph -->\n\n<!-- wp:paragraph {\"fontSize\":\"small\"} -->\n<p class=\"has-small-font-size\"> La familia est\u00e1 llamada a ir a Misa todos los Domingos EN FAMILIA. Los esposos y los hijos deben confesarse y arrepentirse siempre de sus pecados. Tambi\u00e9n se debe rezar el rosario en familia, se debe bendecir la mesa en familia. Si con nuestra familia no vamos a Misa, no rezamos el rosario, no leemos las Sagradas Escrituras, y no buscamos que Cristo sea el centro de nuestras vidas, entonces no nos podemos quejar de que todo vaya al fracaso. Si Cristo no est\u00e1 entre nosotros, nada bueno se puede esperar. Muchas parejas que tienen hijos no est\u00e1n casados por Iglesia. Y por no estar casados por Iglesia est\u00e1n privados de la confesi\u00f3n y de la comuni\u00f3n. He escuchado muchas excusas para no casarse por Iglesia. Las m\u00e1s comunes son: \u201cestamos ahorrando para la fiesta\u201d, \u201cno tenemos dinero\u201d.<\/p>\n<!-- \/wp:paragraph -->\n\n<!-- wp:paragraph {\"fontSize\":\"small\"} -->\n<p class=\"has-small-font-size\">Pues te puedes casar ahorita, y la fiesta la haces m\u00e1s adelante. No es m\u00e1s importante la fiesta que la bendici\u00f3n de Dios. Te est\u00e1s perdiendo todos los domingos de recibir la comuni\u00f3n y te est\u00e1s perdiendo el sacramento de la misericordia. Dios no te puede perdonar porque no puedes confesarte. No te preocupes por el dinero, no te preocupes por la fiesta. Eso no es lo m\u00e1s importante. Lo m\u00e1s importante es la bendici\u00f3n de Dios en el altar y que ustedes puedan estar unidos para siempre en el Sacramento del matrimonio. La fiesta se hace despu\u00e9s, pero lo m\u00e1s importante es la bendici\u00f3n de Dios. \u00bfEst\u00e1s esperando que tu familia pueda viajar? C\u00e1sate aunque tu familia no est\u00e9 aqu\u00ed, y luego cuando tu familia viene se hace una Misa de acci\u00f3n de gracias por el matrimonio, pero no pongas excusas para recibir la bendici\u00f3n de Dios. O de lo contrario...espera a que tu familia venga para seguir teniendo intimidad, porque por esperar a tu familia no tienes problema en seguir ofendiendo a Dios teni\u00e9ndose sexo fuera del matrimonio. <\/p>\n<!-- \/wp:paragraph -->\n\n<!-- wp:paragraph {\"fontSize\":\"small\"} -->\n<p class=\"has-small-font-size\">Tu familia no est\u00e1 aqu\u00ed, entonces vive como hermano y hermana con tu pareja sin tener intimidad hasta tanto tu familia llegue. As\u00ed podr\u00e1s volver a vivir en gracia de Dios. Si esperas que venga tu familia para casarte, pues espera tambi\u00e9n para tener intimidad \u00bfNo te parece? \u00bfNo est\u00e1s seguro que tu esposa es una buena mujer o tu esposo es un buen hombre? \u00bfPorqu\u00e9 tuviste entonces 1, 2 o 3 hijos con \u00e9l o ella? \u00bfQu\u00e9 estas esperando? \u00bfQu\u00e9 tu esposo sea como San Jos\u00e9, que tu esposa sea como la Virgen Mar\u00eda y que tus ni\u00f1os sean obedientes como Jes\u00fas? Obvio que tu familia no es la Sagrada Familia, pero con el Sacramento del matrimonio Jes\u00fas ser\u00e1 el centro de sus vidas y podr\u00e1n realmente amarse no con un amor humano sino con un amor divino, porque su amor estar\u00e1 fundamentado en Dios. Por eso, dejen de pensar cuando casarse, pongan una fecha y c\u00e1sense de una vez. En segundo lugar: Todos los miembros de la Sagrada Familia buscaron cumplir la voluntad de Dios. Mar\u00eda le dijo al \u00e1ngel: \u201cQue se haga en mi seg\u00fan tu palabra\u201d. Jos\u00e9 siempre obedeci\u00f3 la voz de Dios a trav\u00e9s del \u00e1ngel del Se\u00f1or. De hecho, Jos\u00e9 tambi\u00e9n va a Egipto para proteger al ni\u00f1o Jes\u00fas del Rey Herodes. Cristo fue obediente a su Padre, obedeci\u00f3 a la voz del Padre que lo mand\u00f3 a morir en la Cruz por la salvaci\u00f3n del g\u00e9nero humano.<\/p>\n<!-- \/wp:paragraph -->\n\n<!-- wp:paragraph {\"fontSize\":\"small\"} -->\n<p class=\"has-small-font-size\">El Se\u00f1or le dijo al Padre: \u201cPadre, si es posible aparta de mi este c\u00e1liz. Pero que no se haga mi voluntad sino la tuya\u201d. Cristo acept\u00f3 la cruz por obediencia al Padre. La familia tiene que aceptar la voluntad de Dios y buscar ser fiel a ella. A veces la voluntad de Dios puede ser la enfermedad de uno de sus miembros (padre, madre, o hijos), a veces la voluntad de Dios puede ser el rezar pacientemente por la conversi\u00f3n de un familiar alejado de Dios (y rezar quiz\u00e1s hasta el \u00faltimo minuto de nuestras vidas, no ver los frutos inmediatamente), a veces la voluntad de Dios es aceptar la p\u00e9rdida del trabajo, o inclusive otras cruces m\u00e1s dolorosas. Tenemos que siempre tener presente que si aceptamos la voluntad de Dios, \u00e9l jam\u00e1s nos abandonar\u00e1. Siempre viene la resurrecci\u00f3n luego de la muerte y pasi\u00f3n. Nosotros debemos buscar abrazar la voluntad del Padre como lo hizo la Sagrada Familia. Y as\u00ed como Jes\u00fas, Mar\u00eda y Jos\u00e9 fueron bendecidos enormemente, nosotros tambi\u00e9n participaremos de esas bendiciones si confiamos en la Providencia Divina. <\/p>\n<!-- \/wp:paragraph -->\n\n<!-- wp:paragraph {\"fontSize\":\"small\"} -->\n<p class=\"has-small-font-size\">La funci\u00f3n del padre de familia es proteger a su esposa y a sus hijos, como lo hizo San Jos\u00e9. La funci\u00f3n de la madre es educar a sus hijos en el amor y la misericordia. Los hijos deben obedecer a sus padres y cuidarlos en la vejez. Pero por sobre todas las cosas, la familia cumplir\u00e1 su misi\u00f3n si sus miembros se ayudan los unos a los otros a ir al cielo. Una madre o un padre nunca le tiene que preguntar a un hijo porqu\u00e9 no comulg\u00f3. Eso no corresponde. Eso es meterse en la conciencia de sus hijos. Pero s\u00ed hay que alentarlo a que se confiese y vaya a Misa, y para eso hace falta que nosotros nos confesemos y vayamos a Misa. Si nosotros no nos confesamos ni vamos a Misa, no les estamos dando buen ejemplo. Recordemos que est\u00e1 bien preocuparnos de que nuestros hijos sean fuertes, sean inteligentes, tengan bienestar, etc. Pero si nuestros hijos no van al cielo, de nada sirvi\u00f3 todo lo dem\u00e1s. De lo primero que se tienen que encargar los padres es de la salvaci\u00f3n eterna de sus hijos, y al rev\u00e9s tambi\u00e9n. Esta debe ser la primera prioridad en la familia. Que la Sagrada Familia de Jes\u00fas, Mar\u00eda y Jos\u00e9 nos ayude a tener a Dios como centro de nuestras vidas y a ser fieles a su Sagrada Voluntad.<\/p>\n<!-- \/wp:paragraph -->\n\n<!-- wp:paragraph -->\n<p><a href=\"https:\/\/x.com\/PadreTomasB\/status\/1873783060015034406\/photo\/1\"><\/a><\/p>\n<!-- \/wp:paragraph -->","_et_gb_content_width":"","footnotes":""},"categories":[1],"tags":[],"class_list":["post-578","post","type-post","status-publish","format-standard","has-post-thumbnail","hentry","category-blog"],"yoast_head":"<!-- This site is optimized with the Yoast SEO plugin v27.5 - https:\/\/yoast.com\/product\/yoast-seo-wordpress\/ -->\n<title>Serm\u00f3n de Navidad (2024) - academiacatolica.com | Hacia la contemplaci\u00f3n de la verdad<\/title>\n<meta name=\"robots\" content=\"index, follow, max-snippet:-1, max-image-preview:large, max-video-preview:-1\" \/>\n<link rel=\"canonical\" href=\"https:\/\/academiacatolica.com\/index.php\/2025\/01\/01\/sermon-de-navidad-2024\/\" \/>\n<meta property=\"og:locale\" content=\"es_ES\" \/>\n<meta property=\"og:type\" content=\"article\" \/>\n<meta property=\"og:title\" content=\"Serm\u00f3n de Navidad (2024) - academiacatolica.com | Hacia la contemplaci\u00f3n de la verdad\" \/>\n<meta property=\"og:description\" content=\"Queridos amigos: Les comparto el serm\u00f3n que prediqu\u00e9 en el d\u00eda de ayer sobre la Sagrada Familia. Bendiciones para todos. LAS VIRTUDES DE LA SAGRADA FAMILIA Queridos hermanos, hoy celebramos la fiesta de la Sagrada Familia de Jes\u00fas, Mar\u00eda y Jos\u00e9. Podemos decir que la Sagrada familia es el modelo a seguir que los cristianos [&hellip;]\" \/>\n<meta property=\"og:url\" content=\"https:\/\/academiacatolica.com\/index.php\/2025\/01\/01\/sermon-de-navidad-2024\/\" \/>\n<meta property=\"og:site_name\" content=\"academiacatolica.com | Hacia la contemplaci\u00f3n de la verdad\" \/>\n<meta property=\"article:published_time\" content=\"2025-01-01T20:14:57+00:00\" \/>\n<meta property=\"article:modified_time\" content=\"2025-01-01T20:16:35+00:00\" \/>\n<meta property=\"og:image\" content=\"https:\/\/academiacatolica.com\/wp-content\/uploads\/2025\/01\/a-black-and-white-sketch-drawing-with-so_8aK-Hm5FTQuDOBX8AkrLtA_a4zmZkYeQ0CfiTzUX4kkOA.png\" \/>\n\t<meta property=\"og:image:width\" content=\"1312\" \/>\n\t<meta property=\"og:image:height\" content=\"736\" \/>\n\t<meta property=\"og:image:type\" content=\"image\/png\" \/>\n<meta name=\"author\" content=\"academiacatolica.com\" \/>\n<meta name=\"twitter:card\" content=\"summary_large_image\" \/>\n<meta name=\"twitter:label1\" content=\"Escrito por\" \/>\n\t<meta name=\"twitter:data1\" content=\"academiacatolica.com\" \/>\n\t<meta name=\"twitter:label2\" content=\"Tiempo de lectura\" \/>\n\t<meta name=\"twitter:data2\" content=\"1 minuto\" \/>\n<script type=\"application\/ld+json\" class=\"yoast-schema-graph\">{\"@context\":\"https:\\\/\\\/schema.org\",\"@graph\":[{\"@type\":\"Article\",\"@id\":\"https:\\\/\\\/academiacatolica.com\\\/index.php\\\/2025\\\/01\\\/01\\\/sermon-de-navidad-2024\\\/#article\",\"isPartOf\":{\"@id\":\"https:\\\/\\\/academiacatolica.com\\\/index.php\\\/2025\\\/01\\\/01\\\/sermon-de-navidad-2024\\\/\"},\"author\":{\"name\":\"academiacatolica.com\",\"@id\":\"https:\\\/\\\/academiacatolica.com\\\/#\\\/schema\\\/person\\\/5be95da788414a993cef27f151ffd640\"},\"headline\":\"Serm\u00f3n de Navidad (2024)\",\"datePublished\":\"2025-01-01T20:14:57+00:00\",\"dateModified\":\"2025-01-01T20:16:35+00:00\",\"mainEntityOfPage\":{\"@id\":\"https:\\\/\\\/academiacatolica.com\\\/index.php\\\/2025\\\/01\\\/01\\\/sermon-de-navidad-2024\\\/\"},\"wordCount\":1453,\"image\":{\"@id\":\"https:\\\/\\\/academiacatolica.com\\\/index.php\\\/2025\\\/01\\\/01\\\/sermon-de-navidad-2024\\\/#primaryimage\"},\"thumbnailUrl\":\"https:\\\/\\\/academiacatolica.com\\\/wp-content\\\/uploads\\\/2025\\\/01\\\/a-black-and-white-sketch-drawing-with-so_8aK-Hm5FTQuDOBX8AkrLtA_a4zmZkYeQ0CfiTzUX4kkOA.png\",\"articleSection\":[\"Blog\"],\"inLanguage\":\"es\"},{\"@type\":\"WebPage\",\"@id\":\"https:\\\/\\\/academiacatolica.com\\\/index.php\\\/2025\\\/01\\\/01\\\/sermon-de-navidad-2024\\\/\",\"url\":\"https:\\\/\\\/academiacatolica.com\\\/index.php\\\/2025\\\/01\\\/01\\\/sermon-de-navidad-2024\\\/\",\"name\":\"Serm\u00f3n de Navidad (2024) - academiacatolica.com | Hacia la contemplaci\u00f3n de la verdad\",\"isPartOf\":{\"@id\":\"https:\\\/\\\/academiacatolica.com\\\/#website\"},\"primaryImageOfPage\":{\"@id\":\"https:\\\/\\\/academiacatolica.com\\\/index.php\\\/2025\\\/01\\\/01\\\/sermon-de-navidad-2024\\\/#primaryimage\"},\"image\":{\"@id\":\"https:\\\/\\\/academiacatolica.com\\\/index.php\\\/2025\\\/01\\\/01\\\/sermon-de-navidad-2024\\\/#primaryimage\"},\"thumbnailUrl\":\"https:\\\/\\\/academiacatolica.com\\\/wp-content\\\/uploads\\\/2025\\\/01\\\/a-black-and-white-sketch-drawing-with-so_8aK-Hm5FTQuDOBX8AkrLtA_a4zmZkYeQ0CfiTzUX4kkOA.png\",\"datePublished\":\"2025-01-01T20:14:57+00:00\",\"dateModified\":\"2025-01-01T20:16:35+00:00\",\"author\":{\"@id\":\"https:\\\/\\\/academiacatolica.com\\\/#\\\/schema\\\/person\\\/5be95da788414a993cef27f151ffd640\"},\"breadcrumb\":{\"@id\":\"https:\\\/\\\/academiacatolica.com\\\/index.php\\\/2025\\\/01\\\/01\\\/sermon-de-navidad-2024\\\/#breadcrumb\"},\"inLanguage\":\"es\",\"potentialAction\":[{\"@type\":\"ReadAction\",\"target\":[\"https:\\\/\\\/academiacatolica.com\\\/index.php\\\/2025\\\/01\\\/01\\\/sermon-de-navidad-2024\\\/\"]}]},{\"@type\":\"ImageObject\",\"inLanguage\":\"es\",\"@id\":\"https:\\\/\\\/academiacatolica.com\\\/index.php\\\/2025\\\/01\\\/01\\\/sermon-de-navidad-2024\\\/#primaryimage\",\"url\":\"https:\\\/\\\/academiacatolica.com\\\/wp-content\\\/uploads\\\/2025\\\/01\\\/a-black-and-white-sketch-drawing-with-so_8aK-Hm5FTQuDOBX8AkrLtA_a4zmZkYeQ0CfiTzUX4kkOA.png\",\"contentUrl\":\"https:\\\/\\\/academiacatolica.com\\\/wp-content\\\/uploads\\\/2025\\\/01\\\/a-black-and-white-sketch-drawing-with-so_8aK-Hm5FTQuDOBX8AkrLtA_a4zmZkYeQ0CfiTzUX4kkOA.png\",\"width\":1312,\"height\":736,\"caption\":\"A pencil drawing of a scene inside a large cave. The Virgin Mary is pregnant and is standing with Saint Joseph, her husband. There is a donkey near them, which is the animal they traveled with. There is a calm bull lying down near the entrance of the cave. The cave has multiple entrances and is illuminated by natural light.\"},{\"@type\":\"BreadcrumbList\",\"@id\":\"https:\\\/\\\/academiacatolica.com\\\/index.php\\\/2025\\\/01\\\/01\\\/sermon-de-navidad-2024\\\/#breadcrumb\",\"itemListElement\":[{\"@type\":\"ListItem\",\"position\":1,\"name\":\"Home\",\"item\":\"https:\\\/\\\/academiacatolica.com\\\/\"},{\"@type\":\"ListItem\",\"position\":2,\"name\":\"Serm\u00f3n de Navidad (2024)\"}]},{\"@type\":\"WebSite\",\"@id\":\"https:\\\/\\\/academiacatolica.com\\\/#website\",\"url\":\"https:\\\/\\\/academiacatolica.com\\\/\",\"name\":\"academiacatolica.com | Hacia la contemplaci\u00f3n de la verdad\",\"description\":\"P\u00e1gina Web Oficial del P. Tom\u00e1s Agust\u00edn Beroch - Catequesis digital\",\"potentialAction\":[{\"@type\":\"SearchAction\",\"target\":{\"@type\":\"EntryPoint\",\"urlTemplate\":\"https:\\\/\\\/academiacatolica.com\\\/?s={search_term_string}\"},\"query-input\":{\"@type\":\"PropertyValueSpecification\",\"valueRequired\":true,\"valueName\":\"search_term_string\"}}],\"inLanguage\":\"es\"},{\"@type\":\"Person\",\"@id\":\"https:\\\/\\\/academiacatolica.com\\\/#\\\/schema\\\/person\\\/5be95da788414a993cef27f151ffd640\",\"name\":\"academiacatolica.com\",\"image\":{\"@type\":\"ImageObject\",\"inLanguage\":\"es\",\"@id\":\"https:\\\/\\\/secure.gravatar.com\\\/avatar\\\/b171d0886bae1524505616fe9b8ccc140215749d2de00d9eaf9288f17d5be9d4?s=96&d=mm&r=g\",\"url\":\"https:\\\/\\\/secure.gravatar.com\\\/avatar\\\/b171d0886bae1524505616fe9b8ccc140215749d2de00d9eaf9288f17d5be9d4?s=96&d=mm&r=g\",\"contentUrl\":\"https:\\\/\\\/secure.gravatar.com\\\/avatar\\\/b171d0886bae1524505616fe9b8ccc140215749d2de00d9eaf9288f17d5be9d4?s=96&d=mm&r=g\",\"caption\":\"academiacatolica.com\"},\"sameAs\":[\"https:\\\/\\\/academiacatolica.com\"],\"url\":\"https:\\\/\\\/academiacatolica.com\\\/index.php\\\/author\\\/academiacatolica-com\\\/\"}]}<\/script>\n<!-- \/ Yoast SEO plugin. -->","yoast_head_json":{"title":"Serm\u00f3n de Navidad (2024) - academiacatolica.com | Hacia la contemplaci\u00f3n de la verdad","robots":{"index":"index","follow":"follow","max-snippet":"max-snippet:-1","max-image-preview":"max-image-preview:large","max-video-preview":"max-video-preview:-1"},"canonical":"https:\/\/academiacatolica.com\/index.php\/2025\/01\/01\/sermon-de-navidad-2024\/","og_locale":"es_ES","og_type":"article","og_title":"Serm\u00f3n de Navidad (2024) - academiacatolica.com | Hacia la contemplaci\u00f3n de la verdad","og_description":"Queridos amigos: Les comparto el serm\u00f3n que prediqu\u00e9 en el d\u00eda de ayer sobre la Sagrada Familia. Bendiciones para todos. LAS VIRTUDES DE LA SAGRADA FAMILIA Queridos hermanos, hoy celebramos la fiesta de la Sagrada Familia de Jes\u00fas, Mar\u00eda y Jos\u00e9. Podemos decir que la Sagrada familia es el modelo a seguir que los cristianos [&hellip;]","og_url":"https:\/\/academiacatolica.com\/index.php\/2025\/01\/01\/sermon-de-navidad-2024\/","og_site_name":"academiacatolica.com | Hacia la contemplaci\u00f3n de la verdad","article_published_time":"2025-01-01T20:14:57+00:00","article_modified_time":"2025-01-01T20:16:35+00:00","og_image":[{"width":1312,"height":736,"url":"https:\/\/academiacatolica.com\/wp-content\/uploads\/2025\/01\/a-black-and-white-sketch-drawing-with-so_8aK-Hm5FTQuDOBX8AkrLtA_a4zmZkYeQ0CfiTzUX4kkOA.png","type":"image\/png"}],"author":"academiacatolica.com","twitter_card":"summary_large_image","twitter_misc":{"Escrito por":"academiacatolica.com","Tiempo de lectura":"1 minuto"},"schema":{"@context":"https:\/\/schema.org","@graph":[{"@type":"Article","@id":"https:\/\/academiacatolica.com\/index.php\/2025\/01\/01\/sermon-de-navidad-2024\/#article","isPartOf":{"@id":"https:\/\/academiacatolica.com\/index.php\/2025\/01\/01\/sermon-de-navidad-2024\/"},"author":{"name":"academiacatolica.com","@id":"https:\/\/academiacatolica.com\/#\/schema\/person\/5be95da788414a993cef27f151ffd640"},"headline":"Serm\u00f3n de Navidad (2024)","datePublished":"2025-01-01T20:14:57+00:00","dateModified":"2025-01-01T20:16:35+00:00","mainEntityOfPage":{"@id":"https:\/\/academiacatolica.com\/index.php\/2025\/01\/01\/sermon-de-navidad-2024\/"},"wordCount":1453,"image":{"@id":"https:\/\/academiacatolica.com\/index.php\/2025\/01\/01\/sermon-de-navidad-2024\/#primaryimage"},"thumbnailUrl":"https:\/\/academiacatolica.com\/wp-content\/uploads\/2025\/01\/a-black-and-white-sketch-drawing-with-so_8aK-Hm5FTQuDOBX8AkrLtA_a4zmZkYeQ0CfiTzUX4kkOA.png","articleSection":["Blog"],"inLanguage":"es"},{"@type":"WebPage","@id":"https:\/\/academiacatolica.com\/index.php\/2025\/01\/01\/sermon-de-navidad-2024\/","url":"https:\/\/academiacatolica.com\/index.php\/2025\/01\/01\/sermon-de-navidad-2024\/","name":"Serm\u00f3n de Navidad (2024) - academiacatolica.com | Hacia la contemplaci\u00f3n de la verdad","isPartOf":{"@id":"https:\/\/academiacatolica.com\/#website"},"primaryImageOfPage":{"@id":"https:\/\/academiacatolica.com\/index.php\/2025\/01\/01\/sermon-de-navidad-2024\/#primaryimage"},"image":{"@id":"https:\/\/academiacatolica.com\/index.php\/2025\/01\/01\/sermon-de-navidad-2024\/#primaryimage"},"thumbnailUrl":"https:\/\/academiacatolica.com\/wp-content\/uploads\/2025\/01\/a-black-and-white-sketch-drawing-with-so_8aK-Hm5FTQuDOBX8AkrLtA_a4zmZkYeQ0CfiTzUX4kkOA.png","datePublished":"2025-01-01T20:14:57+00:00","dateModified":"2025-01-01T20:16:35+00:00","author":{"@id":"https:\/\/academiacatolica.com\/#\/schema\/person\/5be95da788414a993cef27f151ffd640"},"breadcrumb":{"@id":"https:\/\/academiacatolica.com\/index.php\/2025\/01\/01\/sermon-de-navidad-2024\/#breadcrumb"},"inLanguage":"es","potentialAction":[{"@type":"ReadAction","target":["https:\/\/academiacatolica.com\/index.php\/2025\/01\/01\/sermon-de-navidad-2024\/"]}]},{"@type":"ImageObject","inLanguage":"es","@id":"https:\/\/academiacatolica.com\/index.php\/2025\/01\/01\/sermon-de-navidad-2024\/#primaryimage","url":"https:\/\/academiacatolica.com\/wp-content\/uploads\/2025\/01\/a-black-and-white-sketch-drawing-with-so_8aK-Hm5FTQuDOBX8AkrLtA_a4zmZkYeQ0CfiTzUX4kkOA.png","contentUrl":"https:\/\/academiacatolica.com\/wp-content\/uploads\/2025\/01\/a-black-and-white-sketch-drawing-with-so_8aK-Hm5FTQuDOBX8AkrLtA_a4zmZkYeQ0CfiTzUX4kkOA.png","width":1312,"height":736,"caption":"A pencil drawing of a scene inside a large cave. The Virgin Mary is pregnant and is standing with Saint Joseph, her husband. There is a donkey near them, which is the animal they traveled with. There is a calm bull lying down near the entrance of the cave. The cave has multiple entrances and is illuminated by natural light."},{"@type":"BreadcrumbList","@id":"https:\/\/academiacatolica.com\/index.php\/2025\/01\/01\/sermon-de-navidad-2024\/#breadcrumb","itemListElement":[{"@type":"ListItem","position":1,"name":"Home","item":"https:\/\/academiacatolica.com\/"},{"@type":"ListItem","position":2,"name":"Serm\u00f3n de Navidad (2024)"}]},{"@type":"WebSite","@id":"https:\/\/academiacatolica.com\/#website","url":"https:\/\/academiacatolica.com\/","name":"academiacatolica.com | Hacia la contemplaci\u00f3n de la verdad","description":"P\u00e1gina Web Oficial del P. Tom\u00e1s Agust\u00edn Beroch - Catequesis digital","potentialAction":[{"@type":"SearchAction","target":{"@type":"EntryPoint","urlTemplate":"https:\/\/academiacatolica.com\/?s={search_term_string}"},"query-input":{"@type":"PropertyValueSpecification","valueRequired":true,"valueName":"search_term_string"}}],"inLanguage":"es"},{"@type":"Person","@id":"https:\/\/academiacatolica.com\/#\/schema\/person\/5be95da788414a993cef27f151ffd640","name":"academiacatolica.com","image":{"@type":"ImageObject","inLanguage":"es","@id":"https:\/\/secure.gravatar.com\/avatar\/b171d0886bae1524505616fe9b8ccc140215749d2de00d9eaf9288f17d5be9d4?s=96&d=mm&r=g","url":"https:\/\/secure.gravatar.com\/avatar\/b171d0886bae1524505616fe9b8ccc140215749d2de00d9eaf9288f17d5be9d4?s=96&d=mm&r=g","contentUrl":"https:\/\/secure.gravatar.com\/avatar\/b171d0886bae1524505616fe9b8ccc140215749d2de00d9eaf9288f17d5be9d4?s=96&d=mm&r=g","caption":"academiacatolica.com"},"sameAs":["https:\/\/academiacatolica.com"],"url":"https:\/\/academiacatolica.com\/index.php\/author\/academiacatolica-com\/"}]}},"_links":{"self":[{"href":"https:\/\/academiacatolica.com\/index.php\/wp-json\/wp\/v2\/posts\/578","targetHints":{"allow":["GET"]}}],"collection":[{"href":"https:\/\/academiacatolica.com\/index.php\/wp-json\/wp\/v2\/posts"}],"about":[{"href":"https:\/\/academiacatolica.com\/index.php\/wp-json\/wp\/v2\/types\/post"}],"author":[{"embeddable":true,"href":"https:\/\/academiacatolica.com\/index.php\/wp-json\/wp\/v2\/users\/1"}],"replies":[{"embeddable":true,"href":"https:\/\/academiacatolica.com\/index.php\/wp-json\/wp\/v2\/comments?post=578"}],"version-history":[{"count":3,"href":"https:\/\/academiacatolica.com\/index.php\/wp-json\/wp\/v2\/posts\/578\/revisions"}],"predecessor-version":[{"id":582,"href":"https:\/\/academiacatolica.com\/index.php\/wp-json\/wp\/v2\/posts\/578\/revisions\/582"}],"wp:featuredmedia":[{"embeddable":true,"href":"https:\/\/academiacatolica.com\/index.php\/wp-json\/wp\/v2\/media\/580"}],"wp:attachment":[{"href":"https:\/\/academiacatolica.com\/index.php\/wp-json\/wp\/v2\/media?parent=578"}],"wp:term":[{"taxonomy":"category","embeddable":true,"href":"https:\/\/academiacatolica.com\/index.php\/wp-json\/wp\/v2\/categories?post=578"},{"taxonomy":"post_tag","embeddable":true,"href":"https:\/\/academiacatolica.com\/index.php\/wp-json\/wp\/v2\/tags?post=578"}],"curies":[{"name":"wp","href":"https:\/\/api.w.org\/{rel}","templated":true}]}}