{"id":676,"date":"2025-02-05T16:26:41","date_gmt":"2025-02-05T21:26:41","guid":{"rendered":"https:\/\/academiacatolica.com\/?p=676"},"modified":"2025-06-01T22:17:52","modified_gmt":"2025-06-02T03:17:52","slug":"los-nueve-oficios-del-sagrado-corazon-de-jesus","status":"publish","type":"post","link":"https:\/\/academiacatolica.com\/index.php\/2025\/02\/05\/los-nueve-oficios-del-sagrado-corazon-de-jesus\/","title":{"rendered":"Los nueve oficios del Sagrado Coraz\u00f3n de Jes\u00fas"},"content":{"rendered":"<p>[et_pb_section fb_built=\u00bb1&#8243; specialty=\u00bbon\u00bb admin_label=\u00bbHeader &#038; Ebook Info\u00bb _builder_version=\u00bb4.27.4&#8243; _module_preset=\u00bbdefault\u00bb background_enable_color=\u00bboff\u00bb collapsed=\u00bbon\u00bb global_colors_info=\u00bb{}\u00bb][et_pb_column type=\u00bb1_2&#8243; specialty_columns=\u00bb2&#8243; _builder_version=\u00bb4.16&#8243; _module_preset=\u00bbdefault\u00bb custom_padding=\u00bb|||\u00bb global_colors_info=\u00bb{}\u00bb custom_padding__hover=\u00bb|||\u00bb][et_pb_row_inner _builder_version=\u00bb4.25.1&#8243; _module_preset=\u00bbdefault\u00bb global_colors_info=\u00bb{}\u00bb][et_pb_column_inner saved_specialty_column_type=\u00bb1_2&#8243; _builder_version=\u00bb4.25.1&#8243; _module_preset=\u00bbdefault\u00bb global_colors_info=\u00bb{}\u00bb][et_pb_heading title=\u00bbDevoci\u00f3n Cat\u00f3lica\u00bb _builder_version=\u00bb4.27.4&#8243; _module_preset=\u00bb974dd9a5-4999-4de6-a4dd-aff857163977&#8243; locked=\u00bboff\u00bb global_colors_info=\u00bb{}\u00bb][\/et_pb_heading][et_pb_heading title=\u00bbLos nueve oficios del Sagrado Coraz\u00f3n de Jes\u00fas\u00bb _builder_version=\u00bb4.27.4&#8243; _module_preset=\u00bbba93100a-ce2e-4cfd-9a0d-a81b6edd4944&#8243; title_font=\u00bbAbyssinica SIL|700|||||||\u00bb title_text_color=\u00bb#7c0600&#8243; title_font_size=\u00bb64px\u00bb custom_margin=\u00bb||10px||false|false\u00bb title_text_shadow_style=\u00bbpreset1&#8243; locked=\u00bboff\u00bb global_colors_info=\u00bb{}\u00bb][\/et_pb_heading][et_pb_text _builder_version=\u00bb4.27.4&#8243; _module_preset=\u00bbe23ef5f7-19d0-4bcf-9c41-22fb9f0c8814&#8243; text_font=\u00bbAbyssinica SIL||||||||\u00bb text_text_color=\u00bbrgba(10,30,47,0.66)\u00bb text_font_size=\u00bb17px\u00bb global_colors_info=\u00bb{}\u00bb]<\/p>\n<p>Una devoci\u00f3n revelada a Santa Margarita Mar\u00eda de Alacoque, donde cada alma es llamada a vivir un oficio especial en honor al Sagrado Coraz\u00f3n<\/p>\n<p>[\/et_pb_text][\/et_pb_column_inner][\/et_pb_row_inner][\/et_pb_column][et_pb_column type=\u00bb1_2&#8243; _builder_version=\u00bb4.16&#8243; _module_preset=\u00bbdefault\u00bb custom_padding=\u00bb|||\u00bb global_colors_info=\u00bb{}\u00bb custom_padding__hover=\u00bb|||\u00bb][et_pb_image src=\u00bbhttps:\/\/academiacatolica.com\/wp-content\/uploads\/2025\/02\/35a47e97d9e024d6c81852e33a3118b0.jpg\u00bb title_text=\u00bb35a47e97d9e024d6c81852e33a3118b0&#8243; _builder_version=\u00bb4.27.4&#8243; _module_preset=\u00bbdefault\u00bb box_shadow_style=\u00bbpreset1&#8243; box_shadow_color=\u00bb#0a0000&#8243; locked=\u00bboff\u00bb global_colors_info=\u00bb{}\u00bb][\/et_pb_image][\/et_pb_column][\/et_pb_section][et_pb_section fb_built=\u00bb1&#8243; admin_label=\u00bbEbook Details\u00bb _builder_version=\u00bb4.27.4&#8243; _module_preset=\u00bbdefault\u00bb background_color=\u00bb#ffffff\u00bb collapsed=\u00bbon\u00bb global_colors_info=\u00bb{}\u00bb][et_pb_row _builder_version=\u00bb4.25.1&#8243; _module_preset=\u00bbdefault\u00bb global_colors_info=\u00bb{}\u00bb][et_pb_column type=\u00bb4_4&#8243; _builder_version=\u00bb4.25.1&#8243; _module_preset=\u00bbdefault\u00bb global_colors_info=\u00bb{}\u00bb][et_pb_text _builder_version=\u00bb4.27.4&#8243; _module_preset=\u00bbe23ef5f7-19d0-4bcf-9c41-22fb9f0c8814&#8243; text_font=\u00bbAbyssinica SIL||||||||\u00bb text_text_color=\u00bbrgba(10,30,47,0.66)\u00bb text_font_size=\u00bb17px\u00bb header_2_font=\u00bbAbyssinica SIL|700|||||||\u00bb header_2_text_color=\u00bb#7c0600&#8243; header_2_font_size=\u00bb25px\u00bb global_colors_info=\u00bb{}\u00bb]<\/p>\n<h2><strong>Or\u00edgenes de la Devoci\u00f3n<\/strong><\/h2>\n<p>La devoci\u00f3n al Sagrado Coraz\u00f3n de Jes\u00fas tiene su fundamento en las revelaciones privadas que recibi\u00f3 Santa Margarita Mar\u00eda de Alacoque en el siglo XVII. Nuestro Se\u00f1or le manifest\u00f3 su ardiente deseo de ser amado por los hombres y de que su Divino Coraz\u00f3n fuese honrado con especial fervor.<\/p>\n<p>Entre las muchas pr\u00e1cticas que el Sagrado Coraz\u00f3n inspir\u00f3 a la santa, se encuentra la de los <strong>Nueve Oficios del Sagrado Coraz\u00f3n<\/strong>, un camino espiritual que permite a las almas unirse m\u00e1s \u00edntimamente a Cristo y participar de su obra redentora. En una carta del 8 de junio de 1686, Santa Margarita Mar\u00eda escribi\u00f3 a una religiosa:<\/p>\n<p>[\/et_pb_text][\/et_pb_column][\/et_pb_row][et_pb_row _builder_version=\u00bb4.25.1&#8243; _module_preset=\u00bbdefault\u00bb locked=\u00bboff\u00bb global_colors_info=\u00bb{}\u00bb][et_pb_column type=\u00bb4_4&#8243; _builder_version=\u00bb4.25.1&#8243; _module_preset=\u00bbdefault\u00bb custom_padding=\u00bb40px|40px|40px|40px|true|true\u00bb custom_padding_tablet=\u00bb30px|30px|30px|30px|true|true\u00bb custom_padding_phone=\u00bb20px|20px|20px|20px|true|true\u00bb custom_padding_last_edited=\u00bbon|phone\u00bb border_width_all=\u00bb2px\u00bb border_color_all=\u00bbrgba(0,0,0,0.12)\u00bb global_colors_info=\u00bb{}\u00bb][et_pb_heading title=\u00bb%22El Sagrado Coraz\u00f3n me ha dado su oficio, haci\u00e9ndome su mediadora, es decir, mediadora y promotora para pedir al Padre Eterno que haga conocer este Sagrado Coraz\u00f3n.%22&#8243; _builder_version=\u00bb4.27.4&#8243; _module_preset=\u00bb7e3c0e9e-e386-4450-b29b-2f47bad95aee\u00bb title_font=\u00bbAbyssinica SIL||||||||\u00bb title_text_align=\u00bbcenter\u00bb title_text_color=\u00bb#3A0400&#8243; title_font_size=\u00bb20px\u00bb custom_margin=\u00bb||9px|||\u00bb locked=\u00bboff\u00bb global_colors_info=\u00bb{}\u00bb][\/et_pb_heading][et_pb_heading title=\u00bbSanta Margarita Mar\u00eda de Alacoque\u00bb _builder_version=\u00bb4.27.4&#8243; _module_preset=\u00bb800069d4-64a6-4016-8999-4304684ed21a\u00bb title_font=\u00bbAbyssinica SIL||||||||\u00bb title_text_align=\u00bbcenter\u00bb custom_margin=\u00bb||0px||false|false\u00bb locked=\u00bboff\u00bb global_colors_info=\u00bb{}\u00bb][\/et_pb_heading][\/et_pb_column][\/et_pb_row][et_pb_row _builder_version=\u00bb4.25.1&#8243; _module_preset=\u00bbdefault\u00bb global_colors_info=\u00bb{}\u00bb][et_pb_column type=\u00bb4_4&#8243; _builder_version=\u00bb4.25.1&#8243; _module_preset=\u00bbdefault\u00bb global_colors_info=\u00bb{}\u00bb][et_pb_text _builder_version=\u00bb4.27.4&#8243; _module_preset=\u00bbe23ef5f7-19d0-4bcf-9c41-22fb9f0c8814&#8243; text_font=\u00bbAbyssinica SIL||||||||\u00bb text_text_color=\u00bbrgba(10,30,47,0.66)\u00bb text_font_size=\u00bb17px\u00bb header_2_font=\u00bbAbyssinica SIL|700|||||||\u00bb header_2_text_color=\u00bb#7c0600&#8243; header_2_font_size=\u00bb25px\u00bb header_3_font=\u00bbAbyssinica SIL||||||||\u00bb header_3_text_color=\u00bb#7c0600&#8243; header_3_font_size=\u00bb25px\u00bb global_colors_info=\u00bb{}\u00bb]<\/p>\n<p>Nuestro Se\u00f1or tambi\u00e9n le revel\u00f3 la necesidad de almas reparadoras que pidan perd\u00f3n por las injurias que \u00c9l recibe en el Sant\u00edsimo Sacramento del altar. En sus escritos, la santa se\u00f1ala que el Sagrado Coraz\u00f3n mismo deseaba que estos oficios fuesen asignados por sorteo, y afirm\u00f3 que no conoc\u00eda otra devoci\u00f3n m\u00e1s eficaz para llevar r\u00e1pidamente un alma a la perfecci\u00f3n.<\/p>\n<p>Desde entonces, esta piadosa pr\u00e1ctica ha sido seguida por diversas comunidades religiosas y laicos devotos. Actualmente, la Fraternidad Sacerdotal San P\u00edo X la mantiene viva, aunque puede adaptarse f\u00e1cilmente a familias o grupos de fieles.<\/p>\n<h2><strong>C\u00f3mo se realiza la devoci\u00f3n<\/strong><\/h2>\n<p>Cada mes, el <strong>primer viernes<\/strong>, se extrae por sorteo uno de los <strong>nueve oficios del Sagrado Coraz\u00f3n<\/strong>. Desde ese d\u00eda hasta el primer viernes del mes siguiente, el fiel se esfuerza en vivir el oficio asignado con toda perfecci\u00f3n, uniendo espiritualmente su servicio a un coro de \u00e1ngeles.<\/p>\n<h3><strong>Los Nueve Oficios del Sagrado Coraz\u00f3n de Jes\u00fas<\/strong><\/h3>\n<ol>\n<li><strong>Amante<\/strong> \u2013 Amar profundamente al Sagrado Coraz\u00f3n.<\/li>\n<li><strong>Disc\u00edpulo<\/strong> \u2013 Aprender y difundir sus ense\u00f1anzas.<\/li>\n<li><strong>Promotor<\/strong> \u2013 Propagar la devoci\u00f3n al Sagrado Coraz\u00f3n.<\/li>\n<li><strong>Adorador<\/strong> \u2013 Rendir continua adoraci\u00f3n a su Divino Coraz\u00f3n.<\/li>\n<li><strong>V\u00edctima<\/strong> \u2013 Ofrecer sacrificios por la conversi\u00f3n de los pecadores.<\/li>\n<li><strong>Reparador<\/strong> \u2013 Expiar las ofensas cometidas contra \u00c9l.<\/li>\n<li><strong>Celador<\/strong> \u2013 Buscar siempre la mayor gloria de Dios.<\/li>\n<li><strong>Esclavo<\/strong> \u2013 Consagrarse enteramente a su servicio.<\/li>\n<li><strong>Suplicante<\/strong> \u2013 Interceder por las almas ante Dios.<\/li>\n<\/ol>\n<h3><strong>Tres Clases de Culto que conlleva la devoci\u00f3n<\/strong><\/h3>\n<ol>\n<li><strong>Culto completo de amor<\/strong> al Divino Coraz\u00f3n.<\/li>\n<li><strong>Culto continuo de gratitud y reparaci\u00f3n<\/strong> por las ofensas recibidas.<\/li>\n<li><strong>Culto perpetuo<\/strong>, procurando atraer sin cesar nuevos adoradores.<\/li>\n<\/ol>\n<p>A trav\u00e9s de estos oficios, se intercede especialmente por:<\/p>\n<ul>\n<li>Los pecadores.<\/li>\n<li>Los necesitados.<\/li>\n<li>Los agonizantes.<\/li>\n<li>Las almas del purgatorio.<\/li>\n<li>Todas las almas redimidas por la Sangre de Cristo.<\/li>\n<li>Aquellos que no lo conocen.<\/li>\n<li>Los que lo blasfeman.<\/li>\n<li>Quienes luchan contra \u00c9l.<\/li>\n<\/ul>\n<h3><strong>Frutos Espirituales de esta Devoci\u00f3n<\/strong><\/h3>\n<ul>\n<li>Se busca en todo la mayor gloria de Dios.<\/li>\n<li>Se abre el coraz\u00f3n especialmente a la Sant\u00edsima Trinidad.<\/li>\n<li>Se profesa un amor profundo al Sagrado Coraz\u00f3n de Jes\u00fas.<\/li>\n<li>Se multiplican los obsequios y actos de amor al Sant\u00edsimo Sacramento.<\/li>\n<li>Se honra la Pasi\u00f3n de Cristo.<\/li>\n<li>Se venera a la Virgen Mar\u00eda y a San Jos\u00e9, viviendo cada oficio a trav\u00e9s de ellos.<\/li>\n<li>Se oculta el alma del mundo, uni\u00e9ndose a la adoraci\u00f3n de los santos \u00e1ngeles.<\/li>\n<li>Se atraen gracias y bendiciones sobre la Iglesia.<\/li>\n<li>Se ora por los religiosos y por las familias cristianas.<\/li>\n<li>Se reparan los ultrajes hechos a Dios.<\/li>\n<li>Se presentan a Dios todas las obras meritorias de los hombres.<\/li>\n<\/ul>\n<p>Esta pr\u00e1ctica de los Nueve Oficios del Sagrado Coraz\u00f3n no solo ayuda a crecer en la vida espiritual, sino que tambi\u00e9n es un medio eficaz para traer gracias sobre la Iglesia y sobre el mundo.<\/p>\n<p>[\/et_pb_text][\/et_pb_column][\/et_pb_row][et_pb_row column_structure=\u00bb1_4,1_4,1_4,1_4&#8243; make_equal=\u00bbon\u00bb _builder_version=\u00bb4.27.4&#8243; _module_preset=\u00bbdefault\u00bb global_colors_info=\u00bb{}\u00bb][et_pb_column type=\u00bb1_4&#8243; _builder_version=\u00bb4.27.4&#8243; _module_preset=\u00bbdefault\u00bb global_colors_info=\u00bb{}\u00bb][et_pb_blurb title=\u00bb1\u00b0 OFICIO: EL PROMOTOR\u00bb url=\u00bb#promotor\u00bb image=\u00bbhttps:\/\/academiacatolica.com\/wp-content\/uploads\/2025\/02\/Promotor.png\u00bb _builder_version=\u00bb4.27.4&#8243; _module_preset=\u00bbdefault\u00bb header_font=\u00bbAbyssinica SIL|700|||||||\u00bb header_text_align=\u00bbcenter\u00bb header_text_color=\u00bb#7c0600&#8243; header_font_size=\u00bb19px\u00bb body_font=\u00bbAbyssinica SIL||||||||\u00bb body_text_align=\u00bbcenter\u00bb custom_padding=\u00bb13px|13px|13px|13px|true|true\u00bb border_radii=\u00bbon|15px|15px|15px|15px\u00bb box_shadow_style=\u00bbpreset1&#8243; global_colors_info=\u00bb{}\u00bb transform_styles__hover_enabled=\u00bbon|hover\u00bb transform_scale__hover_enabled=\u00bbon|hover\u00bb transform_translate__hover_enabled=\u00bbon|desktop\u00bb transform_rotate__hover_enabled=\u00bbon|desktop\u00bb transform_skew__hover_enabled=\u00bbon|desktop\u00bb transform_origin__hover_enabled=\u00bbon|desktop\u00bb transform_scale__hover=\u00bb105%|105%\u00bb]<\/p>\n<p>Unido al coro de los Tronos, de las doce a las tres de la tarde<\/p>\n<p>[\/et_pb_blurb][\/et_pb_column][et_pb_column type=\u00bb1_4&#8243; _builder_version=\u00bb4.27.4&#8243; _module_preset=\u00bbdefault\u00bb global_colors_info=\u00bb{}\u00bb][et_pb_blurb title=\u00bb2\u00b0 OFICIO: EL REPARADOR\u00bb url=\u00bb#reparador\u00bb image=\u00bbhttps:\/\/academiacatolica.com\/wp-content\/uploads\/2025\/02\/Reparador.png\u00bb _builder_version=\u00bb4.27.4&#8243; _module_preset=\u00bbdefault\u00bb header_font=\u00bbAbyssinica SIL|700|||||||\u00bb header_text_align=\u00bbcenter\u00bb header_text_color=\u00bb#7c0600&#8243; header_font_size=\u00bb19px\u00bb body_font=\u00bbAbyssinica SIL||||||||\u00bb body_text_align=\u00bbcenter\u00bb custom_padding=\u00bb13px|13px|13px|13px|true|true\u00bb border_radii=\u00bbon|15px|15px|15px|15px\u00bb box_shadow_style=\u00bbpreset1&#8243; global_colors_info=\u00bb{}\u00bb transform_styles__hover_enabled=\u00bbon|hover\u00bb transform_scale__hover=\u00bb105%|105%\u00bb transform_scale__hover_enabled=\u00bbon|hover\u00bb transform_translate__hover_enabled=\u00bbon|desktop\u00bb transform_rotate__hover_enabled=\u00bbon|desktop\u00bb transform_skew__hover_enabled=\u00bbon|desktop\u00bb transform_origin__hover_enabled=\u00bbon|desktop\u00bb]<\/p>\n<p>Unido al coro de las Potestades, de las tres a las seis de la tarde<\/p>\n<p>[\/et_pb_blurb][\/et_pb_column][et_pb_column type=\u00bb1_4&#8243; _builder_version=\u00bb4.27.4&#8243; _module_preset=\u00bbdefault\u00bb global_colors_info=\u00bb{}\u00bb][et_pb_blurb title=\u00bb3\u00ba OFICIO: EL ADORADOR\u00bb url=\u00bb#adorador\u00bb image=\u00bbhttps:\/\/academiacatolica.com\/wp-content\/uploads\/2025\/02\/Adorador.png\u00bb _builder_version=\u00bb4.27.4&#8243; _module_preset=\u00bbdefault\u00bb header_font=\u00bbAbyssinica SIL|700|||||||\u00bb header_text_align=\u00bbcenter\u00bb header_text_color=\u00bb#7c0600&#8243; header_font_size=\u00bb19px\u00bb body_font=\u00bbAbyssinica SIL||||||||\u00bb body_text_align=\u00bbcenter\u00bb custom_padding=\u00bb13px|13px|13px|13px|true|true\u00bb border_radii=\u00bbon|15px|15px|15px|15px\u00bb box_shadow_style=\u00bbpreset1&#8243; global_colors_info=\u00bb{}\u00bb transform_styles__hover_enabled=\u00bbon|hover\u00bb transform_scale__hover=\u00bb105%|105%\u00bb transform_scale__hover_enabled=\u00bbon|hover\u00bb transform_translate__hover_enabled=\u00bbon|desktop\u00bb transform_rotate__hover_enabled=\u00bbon|desktop\u00bb transform_skew__hover_enabled=\u00bbon|desktop\u00bb transform_origin__hover_enabled=\u00bbon|desktop\u00bb]<\/p>\n<p><span>Unido al coro de las Dominaciones, de las seis a las nueve de la noche<\/span><\/p>\n<p>[\/et_pb_blurb][\/et_pb_column][et_pb_column type=\u00bb1_4&#8243; _builder_version=\u00bb4.27.4&#8243; _module_preset=\u00bbdefault\u00bb global_colors_info=\u00bb{}\u00bb][et_pb_blurb title=\u00bb  4\u00b0 OFICIO: EL AMANTE\u00bb url=\u00bb#amante\u00bb image=\u00bbhttps:\/\/academiacatolica.com\/wp-content\/uploads\/2025\/02\/Amante-1.png\u00bb _builder_version=\u00bb4.27.4&#8243; _module_preset=\u00bbdefault\u00bb header_font=\u00bbAbyssinica SIL|700|||||||\u00bb header_text_align=\u00bbcenter\u00bb header_text_color=\u00bb#7c0600&#8243; header_font_size=\u00bb19px\u00bb body_font=\u00bbAbyssinica SIL||||||||\u00bb body_text_align=\u00bbcenter\u00bb custom_padding=\u00bb13px|13px|13px|13px|true|true\u00bb border_radii=\u00bbon|15px|15px|15px|15px\u00bb box_shadow_style=\u00bbpreset1&#8243; global_colors_info=\u00bb{}\u00bb transform_styles__hover_enabled=\u00bbon|hover\u00bb transform_scale__hover=\u00bb105%|105%\u00bb transform_scale__hover_enabled=\u00bbon|hover\u00bb transform_translate__hover_enabled=\u00bbon|desktop\u00bb transform_rotate__hover_enabled=\u00bbon|desktop\u00bb transform_skew__hover_enabled=\u00bbon|desktop\u00bb transform_origin__hover_enabled=\u00bbon|desktop\u00bb]<\/p>\n<p><i>Unido al coro de los Tronos, de las doce a las tres de la tarde<\/i><\/p>\n<p>[\/et_pb_blurb][\/et_pb_column][\/et_pb_row][et_pb_row column_structure=\u00bb1_4,1_4,1_4,1_4&#8243; _builder_version=\u00bb4.27.4&#8243; _module_preset=\u00bbdefault\u00bb global_colors_info=\u00bb{}\u00bb][et_pb_column type=\u00bb1_4&#8243; _builder_version=\u00bb4.27.4&#8243; _module_preset=\u00bbdefault\u00bb global_colors_info=\u00bb{}\u00bb][et_pb_blurb title=\u00bb5\u00b0 OFICIO: EL DISCIPULO\u00bb url=\u00bb#discipulo\u00bb image=\u00bbhttps:\/\/academiacatolica.com\/wp-content\/uploads\/2025\/02\/Discipulo.png\u00bb _builder_version=\u00bb4.27.4&#8243; _module_preset=\u00bbdefault\u00bb header_font=\u00bbAbyssinica SIL|700|||||||\u00bb header_text_align=\u00bbcenter\u00bb header_text_color=\u00bb#7c0600&#8243; header_font_size=\u00bb19px\u00bb body_font=\u00bbAbyssinica SIL||||||||\u00bb body_text_align=\u00bbcenter\u00bb custom_padding=\u00bb13px|13px|13px|13px|true|true\u00bb border_radii=\u00bbon|15px|15px|15px|15px\u00bb box_shadow_style=\u00bbpreset1&#8243; global_colors_info=\u00bb{}\u00bb transform_styles__hover_enabled=\u00bbon|hover\u00bb transform_scale__hover=\u00bb105%|105%\u00bb transform_scale__hover_enabled=\u00bbon|hover\u00bb transform_translate__hover_enabled=\u00bbon|desktop\u00bb transform_rotate__hover_enabled=\u00bbon|desktop\u00bb transform_skew__hover_enabled=\u00bbon|desktop\u00bb transform_origin__hover_enabled=\u00bbon|desktop\u00bb]<\/p>\n<p>Unido al coro de las Potestades, de las tres a las seis de la tarde<\/p>\n<p>[\/et_pb_blurb][\/et_pb_column][et_pb_column type=\u00bb1_4&#8243; _builder_version=\u00bb4.27.4&#8243; _module_preset=\u00bbdefault\u00bb global_colors_info=\u00bb{}\u00bb][et_pb_blurb title=\u00bb6\u00ba OFICIO: LA V\u00cdCTIMA\u00bb url=\u00bb#victima\u00bb image=\u00bbhttps:\/\/academiacatolica.com\/wp-content\/uploads\/2025\/02\/Victima.png\u00bb _builder_version=\u00bb4.27.4&#8243; _module_preset=\u00bbdefault\u00bb header_font=\u00bbAbyssinica SIL|700|||||||\u00bb header_text_align=\u00bbcenter\u00bb header_text_color=\u00bb#7c0600&#8243; header_font_size=\u00bb19px\u00bb body_font=\u00bbAbyssinica SIL||||||||\u00bb body_text_align=\u00bbcenter\u00bb custom_padding=\u00bb13px|13px|13px|13px|true|true\u00bb border_radii=\u00bbon|15px|15px|15px|15px\u00bb box_shadow_style=\u00bbpreset1&#8243; global_colors_info=\u00bb{}\u00bb transform_styles__hover_enabled=\u00bbon|hover\u00bb transform_scale__hover=\u00bb105%|105%\u00bb transform_scale__hover_enabled=\u00bbon|hover\u00bb transform_translate__hover_enabled=\u00bbon|desktop\u00bb transform_rotate__hover_enabled=\u00bbon|desktop\u00bb transform_skew__hover_enabled=\u00bbon|desktop\u00bb transform_origin__hover_enabled=\u00bbon|desktop\u00bb]<\/p>\n<p><span>Unido al coro de las Dominaciones, de las seis a las nueve de la noche<\/span><\/p>\n<p>[\/et_pb_blurb][\/et_pb_column][et_pb_column type=\u00bb1_4&#8243; _builder_version=\u00bb4.27.4&#8243; _module_preset=\u00bbdefault\u00bb global_colors_info=\u00bb{}\u00bb][et_pb_blurb title=\u00bb7\u00b0 OFICIO: EL ESCLAVO\u00bb url=\u00bb#esclavo\u00bb image=\u00bbhttps:\/\/academiacatolica.com\/wp-content\/uploads\/2025\/02\/Esclavo.png\u00bb _builder_version=\u00bb4.27.4&#8243; _module_preset=\u00bbdefault\u00bb header_font=\u00bbAbyssinica SIL|700|||||||\u00bb header_text_align=\u00bbcenter\u00bb header_text_color=\u00bb#7c0600&#8243; header_font_size=\u00bb19px\u00bb body_font=\u00bbAbyssinica SIL||||||||\u00bb body_text_align=\u00bbcenter\u00bb custom_padding=\u00bb13px|13px|13px|13px|true|true\u00bb border_radii=\u00bbon|15px|15px|15px|15px\u00bb box_shadow_style=\u00bbpreset1&#8243; global_colors_info=\u00bb{}\u00bb transform_styles__hover_enabled=\u00bbon|hover\u00bb transform_scale__hover=\u00bb105%|105%\u00bb transform_scale__hover_enabled=\u00bbon|hover\u00bb transform_translate__hover_enabled=\u00bbon|desktop\u00bb transform_rotate__hover_enabled=\u00bbon|desktop\u00bb transform_skew__hover_enabled=\u00bbon|desktop\u00bb transform_origin__hover_enabled=\u00bbon|desktop\u00bb]<\/p>\n<p><i>Unido al coro de los Tronos, de las doce a las tres de la tarde<\/i><\/p>\n<p>[\/et_pb_blurb][\/et_pb_column][et_pb_column type=\u00bb1_4&#8243; _builder_version=\u00bb4.27.4&#8243; _module_preset=\u00bbdefault\u00bb global_colors_info=\u00bb{}\u00bb][et_pb_blurb title=\u00bb8\u00b0 OFICIO: EL SUPLICANTE\u00bb url=\u00bb#suplicante\u00bb image=\u00bbhttps:\/\/academiacatolica.com\/wp-content\/uploads\/2025\/02\/Suplicante.png\u00bb _builder_version=\u00bb4.27.4&#8243; _module_preset=\u00bbdefault\u00bb header_font=\u00bbAbyssinica SIL|700|||||||\u00bb header_text_align=\u00bbcenter\u00bb header_text_color=\u00bb#7c0600&#8243; header_font_size=\u00bb19px\u00bb body_font=\u00bbAbyssinica SIL||||||||\u00bb body_text_align=\u00bbcenter\u00bb custom_padding=\u00bb13px|13px|13px|13px|true|true\u00bb border_radii=\u00bbon|15px|15px|15px|15px\u00bb box_shadow_style=\u00bbpreset1&#8243; global_colors_info=\u00bb{}\u00bb transform_styles__hover_enabled=\u00bbon|hover\u00bb transform_scale__hover=\u00bb105%|105%\u00bb transform_scale__hover_enabled=\u00bbon|hover\u00bb transform_translate__hover_enabled=\u00bbon|desktop\u00bb transform_rotate__hover_enabled=\u00bbon|desktop\u00bb transform_skew__hover_enabled=\u00bbon|desktop\u00bb transform_origin__hover_enabled=\u00bbon|desktop\u00bb]<\/p>\n<p>Unido al coro de las Potestades, de las tres a las seis de la tarde<\/p>\n<p>[\/et_pb_blurb][\/et_pb_column][\/et_pb_row][et_pb_row column_structure=\u00bb1_3,1_3,1_3&#8243; _builder_version=\u00bb4.27.4&#8243; _module_preset=\u00bbdefault\u00bb custom_margin=\u00bb|auto|64px|auto||\u00bb global_colors_info=\u00bb{}\u00bb][et_pb_column type=\u00bb1_3&#8243; _builder_version=\u00bb4.27.4&#8243; _module_preset=\u00bbdefault\u00bb global_colors_info=\u00bb{}\u00bb][\/et_pb_column][et_pb_column type=\u00bb1_3&#8243; _builder_version=\u00bb4.27.4&#8243; _module_preset=\u00bbdefault\u00bb global_colors_info=\u00bb{}\u00bb][et_pb_blurb title=\u00bb9\u00ba OFICIO: EL CELADOR\u00bb url=\u00bb#celador\u00bb image=\u00bbhttps:\/\/academiacatolica.com\/wp-content\/uploads\/2025\/02\/Celador.png\u00bb _builder_version=\u00bb4.27.4&#8243; _module_preset=\u00bbdefault\u00bb header_font=\u00bbAbyssinica SIL|700|||||||\u00bb header_text_align=\u00bbcenter\u00bb header_text_color=\u00bb#7c0600&#8243; header_font_size=\u00bb19px\u00bb body_font=\u00bbAbyssinica SIL||||||||\u00bb body_text_align=\u00bbcenter\u00bb custom_padding=\u00bb13px|13px|13px|13px|true|true\u00bb border_radii=\u00bbon|15px|15px|15px|15px\u00bb box_shadow_style=\u00bbpreset1&#8243; global_colors_info=\u00bb{}\u00bb transform_styles__hover_enabled=\u00bbon|hover\u00bb transform_scale__hover=\u00bb105%|105%\u00bb transform_scale__hover_enabled=\u00bbon|hover\u00bb transform_translate__hover_enabled=\u00bbon|desktop\u00bb transform_rotate__hover_enabled=\u00bbon|desktop\u00bb transform_skew__hover_enabled=\u00bbon|desktop\u00bb transform_origin__hover_enabled=\u00bbon|desktop\u00bb]<\/p>\n<p><span>Unido al coro de las Dominaciones, de las seis a las nueve de la noche<\/span><\/p>\n<p>[\/et_pb_blurb][\/et_pb_column][et_pb_column type=\u00bb1_3&#8243; _builder_version=\u00bb4.27.4&#8243; _module_preset=\u00bbdefault\u00bb global_colors_info=\u00bb{}\u00bb][\/et_pb_column][\/et_pb_row][et_pb_row module_id=\u00bbpromotor\u00bb _builder_version=\u00bb4.27.4&#8243; _module_preset=\u00bbdefault\u00bb global_colors_info=\u00bb{}\u00bb][et_pb_column type=\u00bb4_4&#8243; _builder_version=\u00bb4.25.1&#8243; _module_preset=\u00bbdefault\u00bb global_colors_info=\u00bb{}\u00bb][et_pb_text module_id=\u00bbPromotor\u00bb _builder_version=\u00bb4.27.4&#8243; _module_preset=\u00bbe23ef5f7-19d0-4bcf-9c41-22fb9f0c8814&#8243; text_font=\u00bbAbyssinica SIL||||||||\u00bb text_text_color=\u00bbrgba(10,30,47,0.66)\u00bb text_font_size=\u00bb17px\u00bb header_2_font=\u00bbAbyssinica SIL|700|||||||\u00bb header_3_font=\u00bbAbyssinica SIL||||||||\u00bb header_3_text_align=\u00bbcenter\u00bb header_3_text_color=\u00bb#9b0000&#8243; header_3_font_size=\u00bb25px\u00bb header_3_letter_spacing=\u00bb1px\u00bb header_3_line_height=\u00bb1.2em\u00bb header_4_font=\u00bbAbyssinica SIL||||||||\u00bb header_4_text_color=\u00bb#283e51&#8243; header_4_font_size=\u00bb20px\u00bb text_orientation=\u00bbjustified\u00bb global_colors_info=\u00bb{}\u00bb]<\/p>\n<h3 style=\"text-align: center;\"><strong>1\u00b0 OFICIO: EL PROMOTOR<\/strong><br \/>Unido al Coro de los tronos, de las 12 a las 3 de la tarde<\/h3>\n<h4 style=\"font-weight: 400;\"><strong><\/strong><\/h4>\n<h4 style=\"font-weight: 400;\"><strong><\/strong><\/h4>\n<h4 style=\"font-weight: 400;\"><strong><\/strong><\/h4>\n<h4 style=\"font-weight: 400;\"><strong>Fin Especial<\/strong><\/h4>\n<p style=\"font-weight: 400;\">Promover la devoci\u00f3n al Sagrado Coraz\u00f3n de Jes\u00fas y esforzarse por llegar a ser, unido al Coraz\u00f3n Inmaculado de Mar\u00eda, como el \u201cmediador\u201d entre Dios y los hombres, en orden al establecimiento del Reino Universal del Coraz\u00f3n de Cristo Rey<\/p>\n<h4><strong>Promesa particular<\/strong><\/h4>\n<p>(Hecha a Santa Margarita Mar\u00eda), como podemos creer piadosamente, para los que cumplan este o\ufb01cio: \u00abJes\u00fas mismo ser\u00e1 su Mediador (de una manera m\u00e1s especial) ante su Padre Eterno\u201d.<\/p>\n<h4 style=\"font-weight: 400;\"><strong>Ofrecimiento de la pr\u00e1ctica del o\ufb01cio para todo el mes (primer viernes de mes):<\/strong><\/h4>\n<p style=\"font-weight: 400;\">\u00a1Oh Se\u00f1or Jesucristo! Por medio del Coraz\u00f3n inmaculado de Mar\u00eda y unido al coro de los Tronos, ofrezco a vuestro Divino Coraz\u00f3n todas mis oraciones, actividades y sufrimientos de este mes por todas las intenciones por las que os inmol\u00e1is continuamente en los Altares. M\u00e1s particularmente las ofrezco suplicando al Padre Celestial que ilumine a los pobres hombres para que conozcan por fin las aspiraciones, los ideales, los afectos, las delicadezas y todas las excelentes y eminentes virtudes de vuestro Coraz\u00f3n, y as\u00ed sean inducidos todos a tomarlas como regla de conducta entre s\u00ed, en su vida privada, y en todas sus relaciones sociales, pol\u00edticas y religiosas. De este modo vendr\u00e1 a nosotros vuestro reino y se establecer\u00e1 plenamente sobre la tierra.<\/p>\n<p style=\"font-weight: 400;\">Las ofrezco para que el Esp\u00edritu Santo inflame a los hombres en el amor hacia vuestro Divino Coraz\u00f3n y en el deseo de ver al mundo abrasado del fuego que hab\u00e9is venido a traer. Las ofrezco. En fin. Para que la Sant\u00edsima Virgen interponga su poderosa mediaci\u00f3n, para que todo el mundo, sobre todo los que conf\u00edan en vuestra bondad. Experimenten los poderosos y saludables efectos del Reino de vuestro Coraz\u00f3n de Majestad infinita. As\u00ed sea. \u201d<\/p>\n<h4 style=\"font-weight: 400;\"><strong>Virtud particular<\/strong><\/h4>\n<p style=\"font-weight: 400;\">Ser\u00e1 procurar con gran solicitud atraer alg\u00fan alma a la devoci\u00f3n del Sagrado Coraz\u00f3n de Jes\u00fas, e infamar m\u00e1s y m\u00e1s a los que la profesan, para lo cual se har\u00e1n varias oraciones y Sacri\ufb01cio, y se hablar\u00e1 a menudo de las excelencias y ventajas de este devoci\u00f3n<\/p>\n<h4 style=\"font-weight: 400;\"><strong>Pr\u00e1ctica de la virtud<\/strong><\/h4>\n<p style=\"font-weight: 400;\">Al menos cinco veces por dia, acord\u00e1ndose, por ejemplo, de las Cinco Llagas de Jes\u00fas Cruci\ufb01cado, hacer algunos actos como los que siguen:<\/p>\n<ul>\n<li style=\"font-weight: 400;\"><span><\/span>Esforzarse por reproducir en nosotros las aspiraciones y virtudes de nuestro Rey.<\/li>\n<li style=\"font-weight: 400;\"><span><\/span>Aprovechar las ocasiones para promover la devoci\u00f3n al Sagrado Coraz\u00f3n.<\/li>\n<li style=\"font-weight: 400;\"><span><\/span>Repetir la oraci\u00f3n o la jaculatoria correspondiente al O\ufb01cio, o simplemente decir: \u00abCoraz\u00f3n Sagrado de Jes\u00fas, deseo ardientemente que todos los hombres os conozcan y os adoren cada vez m\u00e1s\u00bb.<\/li>\n<li style=\"font-weight: 400;\"><span><\/span>Ofrecer en esp\u00edritu las misas que se celebran en el mundo, para que la Verdad, la Justicia y la Misericordia del Coraz\u00f3n de Jes\u00fas, reinen en la tierra.<\/li>\n<\/ul>\n<h4 style=\"font-weight: 400;\"><strong>Visitas al Sant\u00edsimo \/ Oraciones:<\/strong><\/h4>\n<p style=\"font-weight: 400;\">\u00a0\u00a0\u00a0\u00a0\u00a0 \u201cJes\u00fas, Rey de Coraz\u00f3n Divino, uni\u00e9ndome al Coraz\u00f3n inmaculado de Mar\u00eda y al Coro de los Tronos para suplir mi insu\ufb01ciencia, os adoro en esp\u00edritu durante todo el dia, pero m\u00e1s particularmente durante estas tres horas, en las Sagradas Hostias donde permanec\u00e9is realmente por mi amor; y me refugio con ardiente afecto en lo m\u00e1s \u00edntimo de Vuestro Sagrado Coraz\u00f3n. Que todos los hombres, conociendo sus tesoros inagotables y repudiando los placeres y satisfacciones mundanas, vengan a gustar las delicias inefables que reserv\u00e1is en este Coraz\u00f3n para los que os aman\u00bb.<\/p>\n<p style=\"font-weight: 400;\">\u00a0\u00a0\u00a0\u00a0\u00a0\u00a0 \u00a1Oh dulc\u00edsimo Jes\u00fas, haz que conociendo todos los hombres los inestimables tesoros de tu divino Coraz\u00f3n y abandonando los placeres del mundo, vengan a \u2018gustar las inefables delicias que en tu Coraz\u00f3n tienes preparadas a los que te aman!<\/p>\n<p style=\"font-weight: 400;\">\u00a0\u00a0\u00a0\u00a0\u00a0\u00a0\u00a0 Rezar tres Padrenuestros, y tres Salves, pidiendo a Dios por intercesi\u00f3n de los Sagrados Corazones de Jes\u00fas y de Mar\u00eda que encienda en los de todos los hombres, y en particular de los congregantes el fuego santo de su divino amor.<\/p>\n<p style=\"font-weight: 400;\">\u00a0\u00a0\u00a0\u00a0\u00a0\u00a0\u00a0 \u00a0Despu\u00e9s de un profundo acto de fe y de adoraci\u00f3n a Jes\u00fas en el Sant\u00edsimo Sacramento, procurando unirse a los\u00a0 sentimientos de Mediador que palpitan en su Coraz\u00f3n, se dir\u00e1:<\/p>\n<p style=\"font-weight: 400;\">\u201c\u00a1Oh Coraz\u00f3n Sagrado de Jes\u00fas! Uni\u00e9ndome al Coraz\u00f3n inmaculado de la Sant\u00edsima Virgen, y a los esp\u00edritus celestiales del Coro de los Tronos, os pido con vivas instancias que. Por los m\u00e9ritos in\ufb01nito de vuestro Coraz\u00f3n, os dign\u00e9is reinar como Maestro Supremo en \u2018nuestra Congregaci\u00f3n, y en el Coraz\u00f3n de cada uno de sus hijos; en todas las otras Congregaciones Religiosas, en la Santa Iglesia Jer\u00e1rquica, en toda la sociedad humana, sobretodo en tantos millones de almas que os han costado vuestra sangre, pero que no os adoran porque no os conocen. Os pido adem\u00e1s que nos conced\u00e1is la gracia de cumplir \ufb01elmente la adoraci\u00f3n en esp\u00edritu y la virtud del O\ufb01cio\u00bb<\/p>\n<p style=\"font-weight: 400;\">(recordarla por un simple pensamiento).<\/p>\n<p style=\"font-weight: 400;\">\n<h4 style=\"font-weight: 400;\"><span>\u00a0<\/span><strong>Jaculatorias:<\/strong><\/h4>\n<ul>\n<li style=\"font-weight: 400;\"><span><\/span>\u201cCoraz\u00f3n Sagrado de Jes\u00fas, venga a nosotros tu reino\u201d<\/li>\n<li style=\"font-weight: 400;\"><span><\/span>\u00a0\u201cCu\u00e1ndo, Se\u00f1or, os conocer\u00e1n y amar\u00e1n los hombres cual vos merec\u00e9is<\/li>\n<li style=\"font-weight: 400;\"><span><\/span>\u201cCoraz\u00f3n de mi amable Salvador, haz que siempre arda y siempre crezca en mi tu amor<\/li>\n<li style=\"font-weight: 400;\"><span><\/span>\u00a0\u201cCoraz\u00f3n Sagrado de Jes\u00fas, deseo ardientemente que todos los hombres<br \/>os conozcan y adoren cada vez m\u00e1s\u201d<\/li>\n<li style=\"font-weight: 400;\"><span><\/span>\u00a0\u201cSantificado sea, Se\u00f1or, tu santo nombre\u201d<\/li>\n<\/ul>\n<p>[\/et_pb_text][\/et_pb_column][\/et_pb_row][et_pb_row _builder_version=\u00bb4.27.4&#8243; _module_preset=\u00bbdefault\u00bb global_colors_info=\u00bb{}\u00bb][et_pb_column type=\u00bb4_4&#8243; module_id=\u00bbreparador\u00bb _builder_version=\u00bb4.27.4&#8243; _module_preset=\u00bbdefault\u00bb global_colors_info=\u00bb{}\u00bb][et_pb_text _builder_version=\u00bb4.27.4&#8243; _module_preset=\u00bbe23ef5f7-19d0-4bcf-9c41-22fb9f0c8814&#8243; text_font=\u00bbAbyssinica SIL||||||||\u00bb text_text_color=\u00bbrgba(10,30,47,0.66)\u00bb text_font_size=\u00bb17px\u00bb header_font=\u00bb||||||||\u00bb header_2_font=\u00bbAbyssinica SIL|700|||||||\u00bb header_3_font=\u00bbAbyssinica SIL||||||||\u00bb header_3_text_align=\u00bbcenter\u00bb header_3_text_color=\u00bb#9b0000&#8243; header_3_font_size=\u00bb25px\u00bb header_4_font=\u00bbAbyssinica SIL||||||||\u00bb header_4_text_color=\u00bb#283E51&#8243; header_4_font_size=\u00bb20px\u00bb global_colors_info=\u00bb{}\u00bb]<\/p>\n<h3 style=\"font-weight: 400;\"><strong>2\u00b0 OFICIO: EL REPARADOR<br \/><\/strong>Unido al coro de las Potestades, de las 3 a las 6 de la tarde<\/h3>\n<p style=\"font-weight: 400;\"><strong><\/strong><\/p>\n<p style=\"font-weight: 400;\"><strong><\/strong><\/p>\n<h4 style=\"font-weight: 400;\"><strong>Fin especial<\/strong><strong><\/strong><\/h4>\n<p style=\"font-weight: 400;\">Pedir perd\u00f3n de las injurias que se hacen a Jes\u00fas en el Sant\u00edsimo Sacramento y procurar con oraciones y comuniones fervorosas reparar tantos agravios. \u00a1Ay Se\u00f1or, si s\u00f3lo os ofendiesen los infieles, los herejes o imp\u00edos! M\u00e1s \u00a1ay! Son tambi\u00e9n los cristianos&#8230; \u00a1he sido yo mismo!<\/p>\n<h4 style=\"font-weight: 400;\"><strong>Promesa particular<\/strong><\/h4>\n<p style=\"font-weight: 400;\">\u201cEl que se emplea en reparar los pecados de los otros, es tan agradable a Nuestro Se\u00f1or seg\u00fan su promesa, puede humildemente tener con confianza de que El a su vez obtendr\u00e1 misericordia\u00bb.<\/p>\n<h4 style=\"font-weight: 400;\"><strong>Ofrecimiento de la pr\u00e1ctica del oficio para todo el mes (primer viernes de mes)<\/strong><\/h4>\n<p style=\"font-weight: 400;\">\u00abAdorable Jes\u00fas, por medio del Coraz\u00f3n Inmaculada de Mar\u00eda. Y unido al Coro de las Potestades, os \u00bftodas las oraciones, obras y sufrimientos de este mes, por todas las intenciones por las que os inmol\u00e1is sobre los Altares.<\/p>\n<p style=\"font-weight: 400;\">Os las ofrezco m\u00e1s particularmente para daros una satisfacci\u00f3n, ofrezcas una reparaci\u00f3n y obtener de misericordia el perd\u00f3n de los ultrajes y ofensas de los hombres; sobre todo de las que han cometido contra el Sant\u00edsimo Sacramento de la Eucarist\u00eda. As\u00ed sea\u00bb<\/p>\n<h4 style=\"font-weight: 400;\"><strong>Virtud particular<\/strong><\/h4>\n<p style=\"font-weight: 400;\">Su virtud ser\u00e1 la fidelidad en el exacto cumplimiento de \u00abtodas las obligaciones de su estado venciendo todos los obst\u00e1culos y respetos humanos que se lo impidan: har\u00e1 cada dia cinco actos de esta virtud, ha por ejemplo, los trabajos de su oficio del mejor modo que sepa, y los ofrecer\u00e1 a Dios en uni\u00f3n de los m\u00e9ritos del Sagrado Coraz\u00f3n.<\/p>\n<h4 style=\"font-weight: 400;\"><strong>Pr\u00e1ctica de la virtud<\/strong><\/h4>\n<p style=\"font-weight: 400;\">Al menos cinco veces por dia, hacer algunos de los actos propuestos a continuaci\u00f3n, en honor de las Cinco Llagas de Nuestro Se\u00f1or:<\/p>\n<ul>\n<li style=\"font-weight: 400;\"><span><\/span>\u00a0Observar la m\u00e1s afectuosa y profunda reverencia hacia el Sant\u00edsimo Sacramento<\/li>\n<li style=\"font-weight: 400;\"><span><\/span>\u00a0Hacer alg\u00fan acto de observancia regular o renovar la intenci\u00f3n de hacerlo. ,<\/li>\n<li style=\"font-weight: 400;\"><span><\/span>Vencer todo respeto humano en el cumplimiento de cualquier deber.<\/li>\n<li style=\"font-weight: 400;\"><span><\/span>\u00a0Pedir perd\u00f3n por las flaquezas y tomarla resoluci\u00f3n de re-pararlas enseguida<\/li>\n<li style=\"font-weight: 400;\"><span><\/span>Ofrecer en esp\u00edritu de reparaci\u00f3n las Santas Misas que continuamente se celebran en toda la tierra.<\/li>\n<\/ul>\n<h4 style=\"font-weight: 400;\"><strong>Visitas al Sant\u00edsimo \/ Oraciones:<\/strong><\/h4>\n<p style=\"font-weight: 400;\">\u201cJes\u00fas, Rey de Coraz\u00f3n Divino, uni\u00e9ndome al Coraz\u00f3n Inmaculado de Mar\u00eda y al Coro de las Potestades para suplir mi insuficiencia, os adoro en el Sant\u00edsimo Sacramento del Altar durante todo el d\u00eda, pero m\u00e1s particular durante estas tres horas, encerr\u00e1ndome en vuestro Coraz\u00f3n Sagrado como en una prisi\u00f3n de Amor y ofreciendo vuestros m\u00e9ritos infinitos a la Majestad Divina ofendida y ultrajada en este Sacramento adorable\u201d<\/p>\n<p style=\"font-weight: 400;\">\u00a1Oh Jes\u00fas m\u00edo!, tu coraz\u00f3n es un tesoro, y nuestra confianza es la llave con que se puede abrir. Haz que conozcamos su inestimable precio<\/p>\n<p style=\"font-weight: 400;\">\u00a1Que tenga yo un solo coraz\u00f3n y est\u00e9 tan fr\u00edo, Se\u00f1or, para corresponder a vuestro Amor, y resarcir la tibieza de tantos hombres ingratos para con Vos!<\/p>\n<p style=\"font-weight: 400;\">Despu\u00e9s de un acto de viva fe y profunda adoraci\u00f3n a Jes\u00fas presente en las Sagradas Hostias del Sagrario se dir\u00e1 de todo coraz\u00f3n:<\/p>\n<p style=\"font-weight: 400;\">\u00ab\u00a1Oh Coraz\u00f3n Divino de Jes\u00fas! Unido al Coraz\u00f3n inmaculado de la Sant\u00edsima Virgen y a los esp\u00edritus celestiales del Coro de las Potestades, quiero pediros perd\u00f3n y desagraviaros de las misas mal celebradas, de las comuniones con tibieza, sobre todo por las almas que \u00a0est\u00e1n especialmente consagradas, y de las faltas cometidas en la Comunidad que m\u00e1s han podido desagradar a vuestro Divino Coraz\u00f3n. Os pido tambi\u00e9n que me conced\u00e1is la gracia de cumplir fielmente la adoraci\u00f3n en esp\u00edritu y la virtud del Oficio\u00bb (recordarla por un simple pensamiento).<br \/>Acto de reparaci\u00f3n (para leerlo durante la visita): \u00abOs adoro, Jes\u00fas, Rey amant\u00edsimo, por todos los que no os adoran, os amo por todos los que no os aman; deseo reparar toda la ingratitud que vuestro Coraz\u00f3n recibe de los hombres y para mostraros mi amor, os doy mi coraz\u00f3n y me consagro enteramente a Vos, ahora y por toda la eternidad. As\u00ed sea\u00bb<\/p>\n<h4 style=\"font-weight: 400;\"><strong>Jaculatorias<\/strong><\/h4>\n<ul>\n<li style=\"font-weight: 400;\"><span><\/span>\u00a1Oh Dios m\u00edo! \u00a1Os ofrezco los m\u00e9ritos infinitos de vuestro Sagrado Coraz\u00f3n en reparaci\u00f3n en reparaci\u00f3n sobre las injurias que recib\u00eds en el Sant\u00edsimo Sacramento!<\/li>\n<li style=\"font-weight: 400;\"><span><\/span>\u201cCoraz\u00f3n de mi amable Salvador, haz que arda y siempre crezca en mi tu amor<\/li>\n<li style=\"font-weight: 400;\"><span><\/span>\u201cMar\u00eda, Madre m\u00eda, gu\u00e1rdame de todo pecado y de toda mala compa\u00f1\u00eda\u201d<\/li>\n<\/ul>\n<p>[\/et_pb_text][\/et_pb_column][\/et_pb_row][et_pb_row module_id=\u00bbadorador\u00bb _builder_version=\u00bb4.27.4&#8243; _module_preset=\u00bbdefault\u00bb global_colors_info=\u00bb{}\u00bb][et_pb_column type=\u00bb4_4&#8243; _builder_version=\u00bb4.25.1&#8243; _module_preset=\u00bbdefault\u00bb global_colors_info=\u00bb{}\u00bb][et_pb_text _builder_version=\u00bb4.27.4&#8243; _module_preset=\u00bbe23ef5f7-19d0-4bcf-9c41-22fb9f0c8814&#8243; text_font=\u00bbAbyssinica SIL||||||||\u00bb text_text_color=\u00bbrgba(10,30,47,0.66)\u00bb text_font_size=\u00bb17px\u00bb header_2_font=\u00bbAbyssinica SIL|700|||||||\u00bb header_3_font=\u00bbAbyssinica SIL||||||||\u00bb header_3_text_align=\u00bbcenter\u00bb header_3_text_color=\u00bb#9b0000&#8243; header_3_font_size=\u00bb25px\u00bb global_colors_info=\u00bb{}\u00bb]<\/p>\n<h3 style=\"font-weight: 400;\"><strong>3\u00ba OFICIO: EL ADORADOR<\/strong><br \/>Unido al coro de las Dominaciones, de las 6 a las 9 de la noche<\/h3>\n<p>&nbsp;<\/p>\n<h4 style=\"font-weight: 400;\"><strong>Fin especial<\/strong><\/h4>\n<p style=\"font-weight: 400;\">Uniendo sus humildes alabanzas a las que el Sagrado Coraz\u00f3n rinde continuamente a la Sant\u00edsima Trinidad, el Adorador se esforzar\u00e1 en suplir con frecuentes adoraciones el deplorable y general olvido de Dios que el mundo.<\/p>\n<h4 style=\"font-weight: 400;\"><strong>Promesa particular<\/strong><\/h4>\n<p style=\"font-weight: 400;\">\u201cEl Padre busca tales adoradores&#8230; que adoren a Dios en esp\u00edritu y en verdad\u00bb<\/p>\n<h4 style=\"font-weight: 400;\"><strong>Ofrecimiento de la pr\u00e1ctica del oficio para todo el mes (primer viernes de mes<\/strong>):<\/h4>\n<p style=\"font-weight: 400;\">\u201cDivino Coraz\u00f3n de Jes\u00fas, por el Coraz\u00f3n Inmaculada de Mar\u00eda y asociado al Coro de las Dominaci\u00f3n ofrezco las oraciones, obras y sufrimientos de este mes, por todas las in\u2014tenciones por las que Vos os inmol\u00e1is altares. Os las ofrezco en particular para reparar el olvido de Dios que hay en el mundo, uniendo mis alabanzas a las que Vos ofrec\u00e9is continuamente a la Sant\u00edsima Trinidad. Y os consagro y dedico para vuestra mayor gloria todo e que se haga en toda la tierra\u2026 As\u00ed sea\u201d<\/p>\n<h4 style=\"font-weight: 400;\"><strong>Virtud particular<\/strong><\/h4>\n<p style=\"font-weight: 400;\">Guardar la m\u00e1s profunda reverencia en las iglesias y capillas guardando verdadero recogimiento y respetuoso silencio, sobre todo porque Jesucristo habita en ellas.<br \/>Pr\u00e1ctica de la virtud: Al menos cinco veces por dia, en honor de las cinco Llagas de Nuestro Se\u00f1or:<\/p>\n<ul>\n<li style=\"font-weight: 400;\"><span><\/span>Pedir que se observe el m\u00e1s profundo respeto en las iglesias y capillas en donde habita Jesucristo en el Sant\u00edsimo Sacramento.<\/li>\n<li style=\"font-weight: 400;\"><span><\/span>Durante este mes, tener siempre la m\u00e1s recogida actitud, en la capilla o en las iglesias.<\/li>\n<li style=\"font-weight: 400;\"><span><\/span>Yendo a visitar al Sant\u00edsimo Sacramento, hacer el equivalente de la segunda adici\u00f3n de la segunda semana de los Ejercicios Espirituales de San Ignacio: \u00abPensar a d\u00f3nde voy y delante de qui\u00e9n, acord\u00e1ndose de Aqu\u00e9l que nuestras adoraciones\u201d<\/li>\n<li style=\"font-weight: 400;\"><span><\/span>Cuando se sale, al ver un campanario o una iglesia, saludar a Dios que all\u00ed se ha hecho prisionero, dulce compa\u00f1ero de nuestro destierro.<\/li>\n<\/ul>\n<h4 style=\"font-weight: 400;\"><strong>Visitas al Sant\u00edsimo \/ Oraciones<\/strong><\/h4>\n<p style=\"font-weight: 400;\"><strong><span>\u00a0<\/span><\/strong>\u201cDivino Coraz\u00f3n de Jes\u00fas, por medio del Coraz\u00f3n inmaculado de Mar\u00eda y en uni\u00f3n del Coro de<strong><span>\u00a0<\/span><\/strong>Dominaciones, para suplir mi insuficiencia, &#8216;es adoro durante todo el dia, pero m\u00e1s profundamente durante estas tres horas<strong><span>\u00a0<\/span><\/strong>en el Sant\u00edsimo Sacramento del Altar, deleit\u00e1ndome interiormente con el c\u00e1ntico que los Bienaventurados entonan cielo a la Sant\u00edsima Trinidad: Santo, Santo, Santo es el Se\u00f1or, Dios de los ej\u00e9rcitos\u00bb<\/p>\n<p style=\"font-weight: 400;\">\u00a1Oh Jes\u00fas m\u00edo, digno adorador de la Majestad divina! yo me uno con todo mi esp\u00edritu a las continuas adoraciones, que rindes a vuestro Padre celestial en el secreto de vuestro Divino Coraz\u00f3n, y quisiera que exhalase mi alma todos los afectos que vos comunic\u00e1is a Mar\u00eda Sant\u00edsima, y a vuestros santos, para honraros y glorificaros dignamente por toda la eternidad!<\/p>\n<p style=\"font-weight: 400;\">\u201cYa que no puedo, Trinidad Augusta, adoraros cual Vos merec\u00e9is, os ofrezco las adoraciones que os rinde justos y la Reina de los Santos, con las que os rindi\u00f3 Jesucristo en el secreto de su Coraz\u00f3n\u201d<\/p>\n<p style=\"font-weight: 400;\">Despu\u00e9s de un acto de viva fe y profunda adoraci\u00f3n a Jes\u00fas presente en las Sagradas Hostias del Sagrario se de todo coraz\u00f3n: \u201cDivino Coraz\u00f3n de Jes\u00fas, os adoro con toda mi alma por el Coraz\u00f3n inmaculado de Mar\u00eda. Por su intercesi\u00f3n, y en uni\u00f3n del Coro de las Dominaciones, os suplico que conced\u00e1is a cada miembro de esta Comunidad nombre de la cual yo hago esta visita, a todos los miembros de esta Congregaci\u00f3n, a los religiosos de otras \u00f3rdenes y a todos los sacerdotes seculares, el esp\u00edritu de fervor y de celo para cumplir las obligaciones de su estado \u201cYo os ofrezco tambi\u00e9n, oh Coraz\u00f3n Sagrado, vuestros m\u00e9ritos infinitos en reparaci\u00f3n del deplorable y general olvido de Dios en el mundo suplic\u00e1ndoos en cambio que nos conced\u00e1is la gracia de observar fielmente la adoraci\u00f3n en esp\u00edritu y de cumplir la virtud del Oficio\u00bb (recordarla por un simple pensamiento).<\/p>\n<p style=\"font-weight: 400;\">\u201cOh Coraz\u00f3n Divino, verdadero adorador y perfect\u00edsimo amante de la Divinidad, tened misericordia de mi\u00bb (tres vece honor de la Sant\u00edsima Trinidad).<\/p>\n<h4 style=\"font-weight: 400;\"><strong>Jaculatorias:<\/strong><\/h4>\n<ul>\n<li style=\"font-weight: 400;\"><span><\/span>\u201cCoraz\u00f3n de mi amable Salvador, haz que arda, y siempre crezca en tu amor\u201d<\/li>\n<li style=\"font-weight: 400;\"><span><\/span>\u201cMar\u00eda, madre m\u00eda, Gu\u00e1rdame de todo pecado y de toda mala compa\u00f1\u00eda\u201d<\/li>\n<li style=\"font-weight: 400;\"><span><\/span>\u201cJes\u00fas, Dios m\u00edo, yo os adoro aqu\u00ed presente en el Sacramento de vuestro amor\u201d<\/li>\n<\/ul>\n<p>[\/et_pb_text][\/et_pb_column][\/et_pb_row][et_pb_row module_id=\u00bbamante\u00bb _builder_version=\u00bb4.27.4&#8243; _module_preset=\u00bbdefault\u00bb global_colors_info=\u00bb{}\u00bb][et_pb_column type=\u00bb4_4&#8243; _builder_version=\u00bb4.25.1&#8243; _module_preset=\u00bbdefault\u00bb global_colors_info=\u00bb{}\u00bb][et_pb_text _builder_version=\u00bb4.27.4&#8243; _module_preset=\u00bbe23ef5f7-19d0-4bcf-9c41-22fb9f0c8814&#8243; text_font=\u00bbAbyssinica SIL||||||||\u00bb text_text_color=\u00bbrgba(10,30,47,0.66)\u00bb header_2_font=\u00bbAbyssinica SIL|700|||||||\u00bb header_3_font=\u00bbAbyssinica SIL||||||||\u00bb header_3_text_align=\u00bbcenter\u00bb header_3_text_color=\u00bb#9b0000&#8243; header_3_font_size=\u00bb25px\u00bb global_colors_info=\u00bb{}\u00bb]<\/p>\n<h3 style=\"font-weight: 400;\"><strong>4\u00ba OFICIO: EL AMANTE<br \/><\/strong>Unido al coro de los Serafines, de las 9 de la noche a las 6 de la ma\u00f1ana<\/h3>\n<p style=\"font-weight: 400;\"><strong><\/strong><\/p>\n<p style=\"font-weight: 400;\"><strong><\/strong><\/p>\n<p style=\"font-weight: 400;\"><strong>Fin especial:<\/strong><span>\u00a0<\/span>resarcir\u00e1 la indiferencia y frialdad de los corazones consagrados a Dios<\/p>\n<p><strong>Promesa particular:<\/strong><span>\u00a0<\/span>\u201cSi desterr\u00e1is todo sentimiento de amor propio y todo respeto humano, gustar\u00e9is la suavidad de su dulce intimidad\u201d (Santa Margarita Mar\u00eda).<\/p>\n<p style=\"font-weight: 400;\"><strong>Ofrecimiento de la pr\u00e1ctica del oficio para todo el mes (primer viernes de mes):<br \/><\/strong>\u00abAdorable Jes\u00fas, por medio del Coraz\u00f3n Inmaculada de Mar\u00eda y asociado al Coro de los Serafines, os ofrezco todas mis oraciones, obras y sufrimientos de este mes por todas las intenciones por las que Vos os inmol\u00e1is en los altares.<br \/>Os las ofrezco en particular para reparar la indiferencia de los corazones que os est\u00e1n consagrados\u00bb.<\/p>\n<p style=\"font-weight: 400;\"><strong>Virtud particular:<\/strong><span>\u00a0<\/span>La fidelidad de la esposa que roba el coraz\u00f3n del esposo con sus puros y ardientes afectos.\u00a0\u00a0\u00a0\u00a0 Exactitud en las cosas peque\u00f1as. Pero todo por amor y en todas las cosas.<\/p>\n<p><strong>Pr\u00e1ctica de la virtud:<\/strong><\/p>\n<ul>\n<li style=\"font-weight: 400;\"><span><\/span>Hacer lugar al divino amor en nuestro coraz\u00f3n luchando contra el amor propio, desterrando toda afici\u00f3n puramente natural, todo respeto humano, toda ambici\u00f3n terrestre, todo deseo de consolaci\u00f3n humana.<\/li>\n<li style=\"font-weight: 400;\"><span><\/span>Hacer a menudo algunos actos de amor y de petici\u00f3n de amor.<\/li>\n<li style=\"font-weight: 400;\"><span><\/span>En todas nuestras acciones y sufrimientos tener el cuidado de mostrar nuestro amor a Jes\u00fas, de ser \u201cdel peque\u00f1o n\u00famero de sus amigos\u00bb (Santa Teresa del Ni\u00f1o Jes\u00fas).<\/li>\n<li style=\"font-weight: 400;\"><span><\/span>Recordar que la Oraci\u00f3n y la Comuni\u00f3n son las dos hogueras donde se inflama el amor divino. Multiplicar durante el dia las comuniones espirituales.<\/li>\n<li style=\"font-weight: 400;\"><span><\/span>Todos los mi\u00e9rcoles har\u00e1 a Jes\u00fas Sacramentado una visita, y le pedir\u00e1 se digne conceder a todos los asociados un coraz\u00f3n seg\u00fan Dios, que sepa amarle cuanto es debido.<\/li>\n<\/ul>\n<p style=\"font-weight: 400;\"><strong>Visitas al Sant\u00edsimo \/ Oraciones:<br \/><span>\u00a0<\/span><\/strong>\u201cOh Coraz\u00f3n Divino de Jes\u00fas, os adoro en las Sagradas Hostias consagradas del Sagrario, por el Coraz\u00f3n Inmaculado<strong><span>\u00a0<\/span><\/strong>de Mar\u00eda y en uni\u00f3n del coro de los Serafines, para suplir mi insuficiencia, y encierro mi coraz\u00f3n dentro de vuestro Sagrario, en vuestra dulce compa\u00f1\u00eda\u201d.<\/p>\n<p style=\"font-weight: 400;\">\u00a1Oh Coraz\u00f3n amant\u00edsimo de Jes\u00fas, fragua divina donde arde aquel amoroso fuego que viniste a traer a la tierra y en que con tanto ah\u00ednco deseas ver encendidos nuestros pechos! Ardan. Se\u00f1or, hasta consumirse en esa llama suav\u00edsima.\u00a0\u00a0\u00a0\u00a0 Ser\u00e1ficos esp\u00edritus de la corte celestial, os suplico rendidamente dig\u00e1is al autor de mi vida que yo quisiera amarlo hasta desfallecer en su dulc\u00edsimo amor.<\/p>\n<p style=\"font-weight: 400;\"><u>Antes de dormirse:<\/u><span>\u00a0<\/span>\u201cYo dormir\u00e9, pero mi coraz\u00f3n permanecer\u00e1 en vela dentro del de mi Amado\u00bb \u00abOh Coraz\u00f3n adorable de Jes\u00fas, yo suplico al Coraz\u00f3n lnmaculado de Mar\u00eda y a los esp\u00edritus celestiales del Coro de los Serafines que os amen y os adoren en mi lugar y en mi nombre todo el tiempo que dure mi descanso\u00bb.<\/p>\n<p style=\"font-weight: 400;\"><u>Durante las oraciones de la ma\u00f1ana:<\/u><span>\u00a0<\/span>\u201cOs adoro, Coraz\u00f3n Divino de mi adorable Redentor, por el Coraz\u00f3n Inmaculado de Mar\u00eda y, dando fervientes acciones de gracias a los esp\u00edritus celestiales que se han dignado suplir mi ausencia delante de Vos con sus ardientes oraciones, os renuevo, oh Coraz\u00f3n Dulc\u00edsimo, mis protestas de amor. Y por el mismo Coraz\u00f3n Pur\u00edsimo de vuestra Madre y la intercesi\u00f3n del Coro de los Serafines os suplico que os dign\u00e9is inflamar en el fuego de vuestro divino amor los corazones tibios y l\u00e1nguidos para que ahora y eternamente vivamos abrasados en\u00a0\u00a0\u00a0\u00a0\u00a0 vuestras celestiales llamas. Tambi\u00e9n os suplico que nos conced\u00e1is la gracia de guardar fielmente la adoraci\u00f3n en esp\u00edritu y de poner en pr\u00e1ctica la virtud del Oficio\u00bb (recordarlo por un simple pensamiento).<\/p>\n<p style=\"font-weight: 400;\">Despu\u00e9s de un acto de viva fe y profunda adoraci\u00f3n a Jes\u00fas presente en las Sagradas Hostias del Sagrario se dir\u00e1 de todo coraz\u00f3n:<\/p>\n<p><strong>Jaculatorias:<\/strong><\/p>\n<ul>\n<li style=\"font-weight: 400;\"><span><\/span>\u00a0\u201cOh Coraz\u00f3n amabil\u00edsimo, que nuestro coraz\u00f3n se abrase en el fuego de Vuestro en el tiempo y en la eternidad\u201d<\/li>\n<li style=\"font-weight: 400;\"><span><\/span>\u201cOs amo, dulce Jes\u00fas m\u00edo: \u00a1quien os hubiese amado siempre\u201d<\/li>\n<li style=\"font-weight: 400;\"><span><\/span>\u201cCoraz\u00f3n de mi amable Salvador, haz que arda, y siempre crezca en tu amor\u201d<\/li>\n<\/ul>\n<p>[\/et_pb_text][\/et_pb_column][\/et_pb_row][et_pb_row _builder_version=\u00bb4.25.1&#8243; _module_preset=\u00bbdefault\u00bb global_colors_info=\u00bb{}\u00bb][et_pb_column type=\u00bb4_4&#8243; _builder_version=\u00bb4.25.1&#8243; _module_preset=\u00bbdefault\u00bb global_colors_info=\u00bb{}\u00bb][et_pb_text module_id=\u00bbdiscipulo\u00bb _builder_version=\u00bb4.27.4&#8243; _module_preset=\u00bbe23ef5f7-19d0-4bcf-9c41-22fb9f0c8814&#8243; text_font=\u00bbAbyssinica SIL||||||||\u00bb text_text_color=\u00bbrgba(10,30,47,0.66)\u00bb header_2_font=\u00bbAbyssinica SIL|700|||||||\u00bb header_3_font=\u00bb||||||||\u00bb header_3_text_align=\u00bbcenter\u00bb header_3_text_color=\u00bb#9b0000&#8243; header_3_font_size=\u00bb25px\u00bb global_colors_info=\u00bb{}\u00bb]<\/p>\n<h3 style=\"font-weight: 400;\"><strong>5\u00ba OFICIO: EL DISC\u00cdPULO<\/strong><br \/>Unido al coro de los Querubines, de las 6 a las 9 de la ma\u00f1ana.<\/h3>\n<p style=\"font-weight: 400;\"><strong><\/strong><\/p>\n<p style=\"font-weight: 400;\"><strong><\/strong><\/p>\n<p style=\"font-weight: 400;\"><strong>Fin especial<\/strong>: pedir\u00e1 al Se\u00f1or se digne derramar los abundantes raudales de su divina sabidur\u00eda en los entendimientos de todos los hombres, y tomar\u00e1 como particularmente dirigidas a si estas palabras del divino Maestro:<span>\u00a0<\/span><strong>\u00ab<\/strong><span>\u00a0<\/span>Aprended de m\u00ed que soy manso y humilde de Coraz\u00f3n.\u00bb<\/p>\n<p style=\"font-weight: 400;\">\u00a0\u00a0\u00a0\u00a0<span>\u00a0<\/span><strong>Promesa particular:<\/strong><span>\u00a0<\/span>\u201cCuanto m\u00e1s silencioso seas, m\u00e1s ser\u00e1s ense\u00f1ado y m\u00e1s se grabar\u00e1 en tu coraz\u00f3n la importante lecci\u00f3n de tu adorable Maestro: su dulzura y su humildad\u00bb.<\/p>\n<p style=\"font-weight: 400;\">\u00a0\u00a0\u00a0\u00a0<span>\u00a0<\/span><strong>Ofrecimiento de la pr\u00e1ctica del oficio para todo el mes (primer viernes de mes):<br \/><\/strong>\u201cAdorable Jes\u00fas, por medio del Coraz\u00f3n Inmaculada de Mar\u00eda y unido al Coro de los Querubines, yo os ofrezco todas mis oraciones, obras y sufrimientos de este mes, por todas las intenciones por las que os inmol\u00e1is sobre los Altares los ofrezco en particular para obtener la gracia de ser d\u00f3cil a vuestras ense\u00f1anzas y vuestras inspiraciones sobre todo en la oraci\u00f3n y en la Comuni\u00f3n, y para que los que est\u00e1n encargados de ense\u00f1ar sean fieles a vuestra doctrina y no se<strong><span>\u00a0<\/span><\/strong>aparten jam\u00e1s de ella. Am\u00e9n\u201d.<\/p>\n<p style=\"font-weight: 400;\">Virtud particular: Su virtud ser\u00e1 corresponder fielmente a las divinas inspiraciones, especialmente por el recogimiento y silencio, no hablando sin necesidad. \u00ab<\/p>\n<p style=\"font-weight: 400;\">\u00a0\u00a0\u00a0\u00a0\u00a0<span>\u00a0<\/span><strong>\u00a0Pr\u00e1ctica de la virtud:<\/strong><\/p>\n<ul>\n<li style=\"font-weight: 400;\"><span><\/span>Examinar\u00e1 cada dia los buenos pensamientos que haya tenido, y el modo como ha correspondido a ellos; y si all\u00e1 haber cometido alguna falta pedir\u00e1 a Dios perd\u00f3n, y pondr\u00e1 en ejecuci\u00f3n sus buenos pensamientos, aconsej\u00e1ndose antes con su director espiritual.<\/li>\n<li style=\"font-weight: 400;\"><span><\/span>Leer durante algunos minutos al dia alguna buena lectura<\/li>\n<li style=\"font-weight: 400;\"><span><\/span>Acordarse de rogar por los profesores y los escritores, y m\u00e1s particularmente por los profesores de Universidades, facultades y seminarios cat\u00f3licos. No olvidarse de los protestantes, modernistas, ateos, etc\u00e9tera.\u2026<\/li>\n<li style=\"font-weight: 400;\"><span><\/span>Guardar de una manera m\u00e1s particular durante este mes todas las Reglas del silencio y del recogimiento.<\/li>\n<li style=\"font-weight: 400;\"><span><\/span>Ponerse en la escuela del Sagrado Coraz\u00f3n. Cuando se ha de tomar una resoluci\u00f3n decirle: \u00bfQu\u00e9 quieres que haga?<\/li>\n<li style=\"font-weight: 400;\"><span><\/span>En la oraci\u00f3n y las ocupaciones verle por la fe, dici\u00e9ndonos: \u00abAprended de M\u00ed que soy manso y humilde de coraz\u00f3n\u201d<\/li>\n<li style=\"font-weight: 400;\"><span><\/span>Procurar acordarse interiormente de las lecciones recibidas y ponerlas en pr\u00e1ctica en orden a nuestra perfecci\u00f3n<\/li>\n<\/ul>\n<p style=\"font-weight: 400;\"><strong>Visitas al Sant\u00edsimo \/ Oraciones:<\/strong><\/p>\n<p style=\"font-weight: 400;\">\u00a1Oh Coraz\u00f3n lleno de infinita sabidur\u00eda, que dichosos son Se\u00f1or, los que aprenden en vuestra escuela! Ense\u00f1arme, amabil\u00edsimo Coraz\u00f3n, pues os hab\u00e9is dignado admitirme por vuestro disc\u00edpulo: haced a mi Coraz\u00f3n d\u00f3cil a vuestras divinas lecciones, y traed a vos con eficacia a todos los que resisten a la verdad.<\/p>\n<p style=\"font-weight: 400;\">\u00a1Oh Coraz\u00f3n lleno de infinita sabidur\u00eda, cu\u00e1nto aprenden y que pronto, los que logran tenerte por Ens\u00e9\u00f1ame, amabil\u00edsimo Coraz\u00f3n, pues te has dignado admitirme por disc\u00edpulo tuyo. Haz mi coraz\u00f3n d\u00f3cil a tus divinas lecciones. Y atrae a Ti con eficacia a todos los que resisten a la verdad.<\/p>\n<p style=\"font-weight: 400;\">\u00a0\u00a0\u00a0\u00a0\u00a0\u00a0<span>\u00a0<\/span><em>\u201cJes\u00fas Rey de Coraz\u00f3n divino, uni\u00e9ndome al Coraz\u00f3n Inmaculada de Mar\u00eda y al Coro de los Querubines para suplir mi insuficiencia, os adoro durante todo el dia; pero m\u00e1s particularmente durante estas tres horas. En el Sant\u00edsimo Sacramento del Altar, entrando en vuestro Coraz\u00f3n Divino como en una divina escuela donde se aprende la ciencia del casto amor que hace olvidar las vanidades del mundo, deseando poner en pr\u00e1ctica vuestras lecciones para mi perfecci\u00f3n\u201d.<\/em><\/p>\n<p style=\"font-weight: 400;\">\u00a0\u00a0\u00a0\u00a0\u00a0\u00a0 Despu\u00e9s de un acto de viva fe y profunda adoraci\u00f3n a Jes\u00fas presente eh las Sagradas Hostias del Sagrario se dir\u00e1 de todo coraz\u00f3n:<br \/><em>\u201cOh Divino Coraz\u00f3n de Jes\u00fas en el cual est\u00e1n todos los tesoros de la Sabidur\u00eda y de la Ciencia. Oh, cuanto aprenden y cu\u00e1n presto, los que llegan a teneros a Vos por Maestro. Ense\u00f1adme, oh Coraz\u00f3n amabil\u00edsimo y condescendiente, puesto que Vos hab\u00e9is decidido recibirme como disc\u00edpulo vuestro. Haced mi coraz\u00f3n d\u00f3cil a vuestras divinas ense\u00f1anzas. Guiad a los que est\u00e1n encargados de instruir y atraed a Vos a los que resisten a la verdad\u201d.<\/em><br \/><em><br \/><\/em><\/p>\n<p style=\"font-weight: 400;\"><strong><em>Veni Creator Spiritus.<br \/><\/em><\/strong>\u00a0Ven, Esp\u00edritu Creador, visita las almas de tus fieles y llena de la divina gracia los corazones, que tu \u00a0\u00a0\u00a0mimo creaste\u00a0\u00a0\u00a0\u00a0\u00a0\u00a0 .<br \/>T\u00fa eres nuestro Consolador, don de Dios Alt\u00edsimo, fuente viva, fuego, caridad y espiritual unci\u00f3n.<br \/>T\u00fa derramas sobre nosotros los siete dones; tu&#8217;, el dedo de la mano de Dios; t\u00fa, el prometido del Padre; t\u00fa, que pones en nuestros labios los tesoros de tu palabra.<br \/>Enciende con tu luz nuestros sentidos; infunde tu amor en nuestros corazones; y, con tu perpetuo auxilio, fortalece nuestra d\u00e9bil carne\u00a0\u00a0\u00a0\u00a0\u00a0\u00a0\u00a0\u00a0\u00a0 .<br \/>Aleja de nosotros al enemigo, danos pronto la paz. Se t\u00fa mismo nuestro gu\u00eda. Y puestos bajo tu direcci\u00f3n evitaremos todo lo nocivo.<br \/>Por ti conozcamos al Padre, y tambi\u00e9n al Hijo; y que en ti, Esp\u00edritu de entrambos. Creamos en todo tiempo\u00a0\u00a0\u00a0\u00a0\u00a0\u00a0 .<br \/>Gloria a Dios Padre, y al Hijo que resucit\u00f3, y al Esp\u00edritu Consolador. Por los siglos infinitos. Am\u00e9n.<\/p>\n<ol>\n<li style=\"font-weight: 400;\"><strong> V<\/strong>. Env\u00eda tu Esp\u00edritu y ser\u00e1n creados\u00a0\u00a0\u00a0\u00a0\u00a0\u00a0\u00a0\u00a0 .<br \/><strong> R<\/strong>. Y renovar\u00e1s la faz de la tierra.<\/li>\n<\/ol>\n<p style=\"font-weight: 400;\"><strong>\u00a0\u00a0\u00a0\u00a0\u00a0 Oraci\u00f3n:<\/strong><span>\u00a0<\/span>Oh Dios, que has instruido los corazones de los fieles con la luz del Esp\u00edritu Santo, conc\u00e9denos seg\u00fan el mismo Esp\u00edritu, conocer las cosas rectas y gozar siempre de sus divinos consuelos. Por Jesucristo nuestro Se\u00f1or Am\u00e9n.<\/p>\n<p style=\"font-weight: 400;\">\u00a0\u00a0\u00a0\u00a0\u00a0\u00a0\u00a0<span>\u00a0<\/span><strong>\u00a0\u00a0Himno al Esp\u00edritu Santo.<br \/><span>\u00a0<\/span><\/strong>Ven Esp\u00edritu Santo y env\u00eda desde el cielo, un rayo de Tu luz.<strong><br \/><span>\u00a0<\/span><\/strong>Ven, Padre de los pobres, ven, Dador de los dones, ven, luz de los corazones,<strong><br \/><span>\u00a0<\/span><\/strong>Consolador \u00d3ptimo, dulce Hu\u00e9sped del Alma, suave alivio.<strong><br \/><span>\u00a0<\/span><\/strong>Descanso en el trabajo, brisa en el ardiente est\u00edo, consuelo en el llanto.<strong><br \/><span>\u00a0<\/span><\/strong>\u00a1Oh luz Sant\u00edsima, llena lo m\u00e1s \u00edntimo de los corazones de Tus fieles!<strong><br \/><span>\u00a0<\/span><\/strong>Sin tu ayuda, nada hay en el hombre, nada que sea inocente.<strong><br \/><span>\u00a0<\/span><\/strong>Lava lo que est\u00e1 manchado, riega lo que es \u00e1rido, sana lo que est\u00e1 enfermo.<br \/>Doblega lo que es r\u00edgido, Calienta lo que est\u00e1 fr\u00edo, Endereza lo que est\u00e1 desviado.<strong><br \/><span>\u00a0<\/span><\/strong>Concede a Tus fieles Que en Ti conf\u00edan, -Tus sagrados dones.<strong><br \/><span>\u00a0<\/span><\/strong>Dales el premio de la virtud, dales el puerto de la salvaci\u00f3n, dales la felicidad eterna. Am\u00e9n.<\/p>\n<p style=\"font-weight: 400;\">\u00a0\u00a0\u00a0\u00a0\u00a0\u00a0\u00a0\u00a0\u00a0<span>\u00a0<\/span><strong>Jaculatorias:<\/strong><\/p>\n<ul>\n<li style=\"font-weight: 400;\"><span><\/span>\u201cEns\u00e9\u00f1ame, Se\u00f1or, a hacer tu voluntad\u201d<\/li>\n<li style=\"font-weight: 400;\"><span><\/span>\u00a0\u00abJes\u00fas, manso y humilde de Coraz\u00f3n, haced mi coraz\u00f3n semejante al vuestro\u00bb<\/li>\n<li style=\"font-weight: 400;\"><span><\/span>\u201cAprenda yo, Se\u00f1or, a ser como Vos, manso y humilde de coraz\u00f3n\u201d<\/li>\n<\/ul>\n<p>[\/et_pb_text][\/et_pb_column][\/et_pb_row][et_pb_row module_id=\u00bbvictima\u00bb _builder_version=\u00bb4.27.4&#8243; _module_preset=\u00bbdefault\u00bb global_colors_info=\u00bb{}\u00bb][et_pb_column type=\u00bb4_4&#8243; _builder_version=\u00bb4.25.1&#8243; _module_preset=\u00bbdefault\u00bb global_colors_info=\u00bb{}\u00bb][et_pb_text _builder_version=\u00bb4.27.4&#8243; _module_preset=\u00bbe23ef5f7-19d0-4bcf-9c41-22fb9f0c8814&#8243; text_font=\u00bbAbyssinica SIL||||||||\u00bb text_text_color=\u00bbrgba(10,30,47,0.66)\u00bb header_2_font=\u00bbAbyssinica SIL|700|||||||\u00bb header_3_font=\u00bb||||||||\u00bb header_3_text_align=\u00bbcenter\u00bb header_3_text_color=\u00bb#9b0000&#8243; header_3_font_size=\u00bb25px\u00bb global_colors_info=\u00bb{}\u00bb]<\/p>\n<h3 style=\"font-weight: 400;\"><strong>6\u00ba OFICIO: LA V\u00cdCTIMA<\/strong><br \/>Unida al coro de las Virtudes, desde las 9 hasta las 12 de la ma\u00f1ana<\/h3>\n<p style=\"font-weight: 400;\"><strong><\/strong><\/p>\n<p style=\"font-weight: 400;\"><strong>Fin especial:<\/strong><span>\u00a0<\/span>Ofrecerse como V\u00edctima a Jes\u00fas en uni\u00f3n con su Coraz\u00f3n Sagrado para que sus<br \/>divinos designios de aplacar la Justicia Divina se cumplan. Esp\u00edritu de sacrificio, para aplacar el enojo divino contra los pecadores<br \/><span>\u00a0<\/span><strong>Promesa particular<\/strong>: A los que cumplen el Oficio de V\u00edctima por \u00e9l: Que no teman, El ser\u00e1 su fuerza.<br \/><strong>\u00a0\u00a0\u00a0\u00a0 Ofrecimiento de la pr\u00e1ctica del oficio para todo el mes (primer viernes de mes):<br \/><\/strong>\u201cOh Se\u00f1or Jesucristo, por media del Inmaculada Coraz\u00f3n de Mar\u00eda, y asociado al Coro de las Virtudes, ofrezco a Vuestro<strong><span>\u00a0<\/span><\/strong>Divino Coraz\u00f3n todas mis oraciones, actividades y sufrimientos de este mes, unida a las intenciones por las<strong><span>\u00a0<\/span><\/strong>os inmol\u00e1is en las Altares. Os las ofrezco en particular uni\u00e9ndome a vuestra estado de V\u00edctima en la Santa Mis<strong><span>\u00a0<\/span><\/strong>Sant\u00edsimo Sacramento, deseoso de participar en vuestra inmolaci\u00f3n, con vuestra ayuda, en reparaci\u00f3n de las pecados del<strong><span>\u00a0<\/span><\/strong>mundo y para aplacar la c\u00f3lera divina indignada contra los pecadores y obtener misericordia\u201d<\/p>\n<p style=\"font-weight: 400;\">\u00a0\u00a0\u00a0\u00a0\u00a0\u00a0\u00a0<span>\u00a0<\/span><strong>Virtud particular:<\/strong><span>\u00a0<\/span>Abnegaci\u00f3n sumisa y resignada. Esp\u00edritu de mortificaci\u00f3n, guarda de los sentidos<\/p>\n<p style=\"font-weight: 400;\"><strong>\u00a0\u00a0\u00a0\u00a0\u00a0\u00a0\u00a0 Pr\u00e1ctica de la virtud:<\/strong><span>\u00a0<\/span>\u00ed<\/p>\n<ul>\n<li style=\"font-weight: 400;\"><span><\/span>Unirse espiritualmente a Jesucristo en esp\u00edritu de v\u00edctima, ofreci\u00e9ndose a cada instante del dia y de la noche como v\u00edctima expiatoria y propiciatoria<\/li>\n<li style=\"font-weight: 400;\"><span><\/span>Aceptar ser tratado como Nuestro Se\u00f1or lo fue, sobre todo en el Calvario y en el Sant\u00edsimo Sacramento<\/li>\n<li style=\"font-weight: 400;\"><span><\/span>Dar gracias humildemente a Dios por nuestras penas y sufrimientos, acord\u00e1ndonos de las palabras en la Agon\u00eda, o aquellas del Salmo: \u201cFiat(h\u00e1gase), Fiat&#8230;Am\u00e9n\u201d<\/li>\n<li style=\"font-weight: 400;\"><span><\/span>\u00a0Hacer actos de mortificaci\u00f3n exteriores y sobre todo interiores.<\/li>\n<li style=\"font-weight: 400;\"><span><\/span>\u00a0Reprimir alguna de las pasiones desordenadas, o su mal genio, o abstenerse de comer alguna cosa todos los viernes, y mortificando algunas veces en el d\u00eda su curiosidad de mirar o hablar.<\/li>\n<\/ul>\n<p style=\"font-weight: 400;\">\u00a0\u00a0\u00a0\u00a0\u00a0\u00a0<span>\u00a0<\/span><strong>Visitas al Sant\u00edsimo \/ Oraciones:<br \/><\/strong><em>\u00a1Oh Coraz\u00f3n humild\u00edsima, v\u00edctima perpetua de amor sacrificada en nuestros altares! \u00bfPed\u00eds Se\u00f1or otra v\u00edctima que os<strong><span>\u00a0<\/span><\/strong>acompa\u00f1e en vuestro sacrificio? Heme aqu\u00ed, Dios m\u00edo, rendido a vuestra voluntad para ser hostia inmolada y<strong><span>\u00a0<\/span><\/strong>consumida en las llamas de vuestra divina amor para mayor gloria de vuestro Eterno Padre y por la conversi\u00f3n de los<strong><span>\u00a0<\/span><\/strong>pecadores!<\/em><\/p>\n<p style=\"font-weight: 400;\">\u00a0\u00a0<span>\u00a0<\/span><em>\u00abJes\u00fas, Rey de Coraz\u00f3n Divina, uni\u00e9ndome al Coraz\u00f3n Inmaculada de Mar\u00eda, y a los esp\u00edritus celestiales del Coro de las Virtudes, para suplir mi insuficiencia, as adoro durante todo el\u00a0d\u00eda, pero m\u00e1s\u00a0particularmente durante es horas, y me ofrezco a vuestra Coraz\u00f3n Divino para participar en vuestro estado de Victima en la Santa Misa y en el Sant\u00edsimo Sacramento del Altar. &#8216;<br \/>\u201cOh Padre Eterno, puesto que os hab\u00e9is dignado elegirme por V\u00edctima, recibid con benevolencia mi sacrificio en uni\u00f3n con el de vuestra Hija adorable. As\u00ed sea\u201d.<\/em><\/p>\n<p style=\"font-weight: 400;\">\u00a0\u00a0\u00a0\u00a0\u00a0\u00a0\u00a0 \u201cCoraz\u00f3n Divino de Jes\u00fas, uni\u00e9ndome al Coraz\u00f3n Inmaculada de Mar\u00eda y al Coro de las Virtudes, adoro, prosternado en esp\u00edritu, la Justicia divina, llena de santa indignaci\u00f3n contra la desgraciada humanidad est\u00fapidamente levantada contra vuestra Majestad, su santa Ley y su Iglesia. Deseo unirme a los sentimientos de ardiente caridad y de profunda sumisi\u00f3n de vuestro Coraz\u00f3n hacia vuestra Padre Eterno, y le suplica con las m\u00e1s afectuosos instancias aplacarse por vuestras m\u00e9ritos infinitas y use de misericordia con el mundo entero\u00bb.<\/p>\n<p style=\"font-weight: 400;\">\u00a0\u00a0\u00a0\u00a0\u00a0\u00a0\u00a0\u00a0\u00a0<span>\u00a0<\/span><strong>Acto de reparaci\u00f3n:<\/strong><span>\u00a0<\/span>\u201cPostrada a vuestros pies, y ansioso de probaras mi amor, Oh coraz\u00f3n de Jes\u00fas traspasado de dolor a causa de nuestros pecados, as consagra mi cuerpo y mi alma. Todos mis pensamientos. Deseos, intenciones palabras y acciones; as ofrezco todos los latidos de mi coraz\u00f3n, durante mi vida y en la hora de mi muerte. Que manos de vuestra Padre en esp\u00edritu de inmolaci\u00f3n, con todas sus angustias, penas y dolores. Deseo por ello haceros un acta de desagravio, para reparar todas nuestras tibiezas e ingratitudes, para daros satisfacci\u00f3n de todas nuestras ofensas, sobre todo de las que m\u00e1s han herido el amor que nos hab\u00e9is mostrado instituyendo la Santa Misa y permaneciendo dia y noche en el Sant\u00edsimo Sacramento: para reparar en fin todos los males o esc\u00e1ndalos por los cuales yo o el pr\u00f3jimo hayamos podido causar detrimento a la creencia de vuestra Presencia real, impedir la reverencia debida a vuestra Majestad Eucar\u00edstica, y disminuir la confianza en vuestra amar misericordioso \u00ab<\/p>\n<p style=\"font-weight: 400;\"><strong>\u00a0\u00a0\u00a0\u00a0 Jaculatorias:<\/strong><\/p>\n<ul>\n<li style=\"font-weight: 400;\"><span><\/span>\u201cQuien pudiera inmolarse en las llamas de vuestro divino amor por la salvaci\u00f3n de los pecadores Acepad oh padre Eterno, mi sacrifica, unido al Coraz\u00f3n de Jes\u00fas, crucificado por m\u00ed\u00bb\u201d<\/li>\n<li style=\"font-weight: 400;\"><span><\/span>\u201cCoraz\u00f3n de Jes\u00fas, V\u00edctima de amor, haced que ya sea por Vos una hostia viva, santa y agradable a Dios\u201d (por esta jaculatoria se pueden renovar las actas de adoraci\u00f3n en esp\u00edritu m\u00e1s brevemente)<\/li>\n<li style=\"font-weight: 400;\"><span><\/span>\u201cCuando el que sacrifica la v\u00edctima es el amor divino, por dolorosas que sean los golpes, parecen suaves\u201d<\/li>\n<\/ul>\n<p>[\/et_pb_text][et_pb_text module_id=\u00bbesclavo\u00bb _builder_version=\u00bb4.27.4&#8243; _module_preset=\u00bbe23ef5f7-19d0-4bcf-9c41-22fb9f0c8814&#8243; text_font=\u00bbAbyssinica SIL||||||||\u00bb text_text_color=\u00bbrgba(10,30,47,0.66)\u00bb header_2_font=\u00bbAbyssinica SIL|700|||||||\u00bb header_3_font=\u00bb||||||||\u00bb header_3_text_align=\u00bbcenter\u00bb header_3_text_color=\u00bb#9b0000&#8243; header_3_font_size=\u00bb25px\u00bb global_colors_info=\u00bb{}\u00bb]<\/p>\n<h3><strong>7\u00ba OFICIO: EL ESCLAVO \u00a0<\/strong><br \/>Unido al coro de los Arc\u00e1ngeles, durante todo el dia<\/h3>\n<p style=\"font-weight: 400;\"><em>\u00a0<\/em><\/p>\n<p style=\"font-weight: 400;\">\u00a0\u00a0\u00a0\u00a0\u00a0\u00a0\u00a0\u00a0<span>\u00a0<\/span><strong>Fin especial:<\/strong><span>\u00a0<\/span>Honrar el anonadamiento del Coraz\u00f3n de Jes\u00fas en el Sant\u00edsimo Sacramento, trabajando con fervor en su servicio en calidad de esclavo fiel, \u201cServus Christi\u201d (Cor. 7, 22). Poner toda nuestra gloria y nuestra dicha llevar las cadenas del tierno y generoso amor que tienen al Redentor cautivo en las Sagradas Hostias.<\/p>\n<p><strong>Promesa particular:<\/strong><span>\u00a0<\/span>Jes\u00fas recompensar\u00e1 vuestras acciones en su servicio, en la medida de vuestro amor.<\/p>\n<p style=\"font-weight: 400;\">\u00a0\u00a0\u00a0\u00a0\u00a0\u00a0\u00a0\u00a0<span>\u00a0<\/span><strong>Ofrecimiento de la pr\u00e1ctica del oficio para todo el mes (primer viernes de mes):<br \/><\/strong><em>\u201cOh Jes\u00fas, nuestro Rey y Maestro Divino, por el Coraz\u00f3n de vuestra Esclava Inmaculada y unido a los esp\u00edritus celestiales del Coro de los fieles Arc\u00e1ngeles, ofrezco a vuestro Coraz\u00f3n<span>\u00a0<\/span><strong>\u00ab<\/strong>hecho obediente hasta la muere\u201d,\u00a0 todas mis oraciones, obras y sufrimientos de este mes por todas las intenciones por las que os inmol\u00e1is continuamente en los Altares. Os los ofrezco m\u00e1s particularmente para que os dign\u00e9is hacer comprender a los hombres el amor que os ha inducido a convertiros en su verdadero esclavo, obedeciendo hasta la muerte por ellos, y quedando incomprensible sumisi\u00f3n a los hombres en el Sant\u00edsimo Sacramento.<br \/>\u00abVenced, dulce Jes\u00fas, por el atractivo de vuestra humildad eucar\u00edstica, la resistencia del mundo orgullo serviros\u00bb.<\/em><\/p>\n<p style=\"font-weight: 400;\">\u00a0\u00a0\u00a0\u00a0\u00a0\u00a0\u00a0<span>\u00a0<\/span><strong>Virtud particular:<\/strong><span>\u00a0<\/span>Conformidad con la voluntad de Dios<\/p>\n<p style=\"font-weight: 400;\">\u00a0\u00a0\u00a0\u00a0\u00a0\u00a0\u00a0\u00a0<span>\u00a0<\/span><strong>Pr\u00e1ctica de la virtud:<\/strong><\/p>\n<ul>\n<li style=\"font-weight: 400;\"><span><\/span>Actos de particular sumisi\u00f3n a los representantes de Dios, obedeci\u00e9ndoles con alegr\u00eda y prontitud.<\/li>\n<li style=\"font-weight: 400;\"><span><\/span>Ejercitarse en la fidelidad en las cosas m\u00e1s peque\u00f1as.<\/li>\n<li style=\"font-weight: 400;\"><span><\/span>Ser fiel y estar atento a las inspiraciones divinas.<\/li>\n<li style=\"font-weight: 400;\"><span><\/span>Ofrecerse a los hermanos con algunos humildes servicios<\/li>\n<li style=\"font-weight: 400;\"><span><\/span>Acordarse particularmente de los hombres, de los dirigentes de las naciones y de los estados, que se han rebelado contra el Divino Maestro<\/li>\n<li style=\"font-weight: 400;\"><span><\/span>En cada hora del d\u00eda renovar\u00e1 la servidumbre que ha ofrecido al divino Coraz\u00f3n de Jes\u00fas, como a su Due\u00f1o y Se\u00f1or, con estas palabras:<span>\u00a0<\/span><em>\u00a1Oh Se\u00f1or!, siervo tuyo soy<\/em>; \u00a0con estas:<span>\u00a0<\/span><em>Ens\u00e9\u00f1ame a cumplir tu voluntad, pues T\u00fa eres mi Dios.<\/em><\/li>\n<\/ul>\n<p style=\"font-weight: 400;\">\u00a0\u00a0\u00a0\u00a0 \u00a0\u00a0\u00a0\u00a0<strong>Visitas al Sant\u00edsimo \/ Oraciones:<\/strong><\/p>\n<p style=\"font-weight: 400;\"><em>\u00a0\u00a0\u00a0\u00a0\u00a0\u00a0\u00a0 \u201cOh Coraz\u00f3n de mi Maestro Jes\u00fas, os adoro en las Sagradas Hostias, unido al Coraz\u00f3n Inmaculado de Mar\u00eda y asociado al Coro de los Arc\u00e1ngeles, para suplir mi insuficiencia; y renueva con todo mi coraz\u00f3n mi esclavitud de amor hacia Vos y mi voluntad de serviros fielmente hasta la muerte. \u00a1Serviros es reinar!\u201d<\/em><\/p>\n<p style=\"font-weight: 400;\">\u00a0\u00a0\u00a0\u00a0<span>\u00a0<\/span><em>\u00a0\u00a0\u00a0\u00a0\u00a0\u00abOh Coraz\u00f3n Divino de Jes\u00fas, que habiendo tomado la condici\u00f3n de esclavo, hecho como el \u00faltimo hab\u00e9is venido a este mundo para servir y no hacer m\u00e1s que la voluntad de Vuestro Padre, unido al Coraz\u00f3n inmaculado de la Sant\u00edsima Virgen Mar\u00eda y asociado a los esp\u00edritus celestiales del coro de los Arc\u00e1ngeles, os adoro aqu\u00ed presente y os suplico que me conced\u00e1is la gracia de que yo tambi\u00e9n sepa emplearme sin reserva, en vuestro servicio. Admirado profundamente de veros sometido en este Sacramento, al arbitrio de los hombres, de una manera tan sorprendente, os ruego que todos mis actos de sumisi\u00f3n de este dia, para que vuestra servidumbre eucar\u00edstica llegue a producir en el mundo efectos saludables\u201d<\/em><\/p>\n<p style=\"font-weight: 400;\">\u00a0\u00a0\u00a0\u00a0\u00a0\u00a0\u00a0\u00a0<span>\u00a0<\/span><em>\u00abPadre Celestial, haced que vuestro Hijo Encarnado sea en este Sacramento mejor honrado, m\u00e1s frecuentemente recibido y ofrecido en sacrificio con mayor fe y amor. Permitidme todav\u00eda que os pida la gracia de cumplir fielmente la virtud del Oficio y de guardar la adoraci\u00f3n en esp\u00edritu\u00bb<\/em><\/p>\n<p style=\"font-weight: 400;\">\u00a0\u00a0\u00a0\u00a0\u00a0\u00a0\u00a0<span>\u00a0<\/span><em>\u201cAmor omnipotente, que has roto las cadenas que me ten\u00edan cautivo lejos de Ti. \u00a1Oh, si yo pudiera hacer que me siguiesen todos cuantos andan fugitivos y descarriados, como anduve yo, y que gustasen a tus pies, como gusto yo\u00a0 ahora, las delicias de esta nueva y regalada servidumbre, que constituye otros tantos felices cuantos esclavos tiene! \u00a1Oh misteriosa sujeci\u00f3n de Jes\u00fas en el Sacramento de su amor! \u00a1Oh im\u00e1n de las almas! \u00a1Oh dulc\u00edsimo Jes\u00fas! yo me consagro eternamente a honrarte y glorificarte y a procurar con mis esfuerzos y deseos traer a Ti todos los corazones\u201d<\/em><\/p>\n<p style=\"font-weight: 400;\">\u00a0\u00a0\u00a0\u00a0\u00a0<span>\u00a0<\/span><em>\u201cLlama, Se\u00f1or, a todos los pecadores, l\u00edbralos del duro yugo y cautiverio del pecado, adm\u00edtelos a tu servicio, para que te amen, alaben y bendigan con los justos ahora y por toda la eternidad\u201d<\/em><\/p>\n<p style=\"font-weight: 400;\">\u00a0\u00a0<strong>Ofrenda total:<\/strong><span>\u00a0<\/span><em>\u201cTomad, Se\u00f1or, y recib\u00eda \u00a0toda mi libertad, mi memoria, mi entendimiento y toda mi voluntad: todo mi haber y mi poseer; Vos me lo disteis, a Vos Se\u00f1or lo torno; todo es vuestro, disponed de todo seg\u00fan vuestra voluntad.<br \/>Dadme vuestro amor y gracia, que \u00e9sta me basta\u00bb<\/em><\/p>\n<p style=\"font-weight: 400;\">\u00a0 \u00a0 \u00a0<strong>Jaculatorias:<\/strong><\/p>\n<ul>\n<li style=\"font-weight: 400;\"><span><\/span>\u201cOh Se\u00f1or yo soy vuestro esclavo\u00bb<\/li>\n<li style=\"font-weight: 400;\"><span><\/span><strong>Decir con la Virgen Sant\u00edsima.<\/strong><span>\u00a0<\/span>\u00abHe aqu\u00ed la (el) esclava(o) del Se\u00f1or h\u00e1gase en mi seg\u00fan tu palabra<\/li>\n<li style=\"font-weight: 400;\"><span><\/span>\u201cCoraz\u00f3n de mi amable Salvador, haz que arda, y siempre crezca en mi tu amor<\/li>\n<\/ul>\n<p>[\/et_pb_text][et_pb_text module_id=\u00bbsuplicante\u00bb _builder_version=\u00bb4.27.4&#8243; _module_preset=\u00bbe23ef5f7-19d0-4bcf-9c41-22fb9f0c8814&#8243; text_font=\u00bbAbyssinica SIL||||||||\u00bb text_text_color=\u00bbrgba(10,30,47,0.66)\u00bb text_font_size=\u00bb17px\u00bb header_2_font=\u00bbAbyssinica SIL|700|||||||\u00bb header_3_font=\u00bbAbyssinica SIL||||||||\u00bb header_3_text_align=\u00bbcenter\u00bb header_3_text_color=\u00bb#9b0000&#8243; header_3_font_size=\u00bb25px\u00bb global_colors_info=\u00bb{}\u00bb]<\/p>\n<h3 style=\"font-weight: 400;\"><strong>8\u00ba OFICIO: EL SUPLICANTE <\/strong><br \/>Unido al coro de los \u00c1ngeles, durante todo el\u00a0d\u00eda<\/h3>\n<p>&nbsp;<\/p>\n<h4 style=\"font-weight: 400;\"><strong>Fin especial<\/strong><\/h4>\n<p style=\"font-weight: 400;\">Ofreciendo al Eterno Padre los m\u00e9ritos infinitos de Jesucristo, pedir\u00e1 con fe viva gracias abundantes para todos los asociados al Sagrado Coraz\u00f3n de Jes\u00fas, y para todos los que se hallen en alguna necesidad, rogando en especial por los que est\u00e9n en la agon\u00eda, por las almas del purgatorio, por la conversi\u00f3n de los pecadores, por el Pont\u00edfice y la Iglesia Cat\u00f3lica, y por la paz y concordia entre los pr\u00edncipes cristianos.<\/p>\n<h4 style=\"font-weight: 400;\"><strong>Promesa particular<\/strong><\/h4>\n<p style=\"font-weight: 400;\">\u201cTodo lo que pid\u00e1is al Padre en mi nombre, os lo conceder\u00e1 Pedid y recibir\u00e9is\u201d<\/p>\n<h4 style=\"font-weight: 400;\"><strong>Ofrecimiento de la pr\u00e1ctica del oficio para todo el mes (primer viernes de mes):<\/strong><\/h4>\n<p style=\"font-weight: 400;\">Adorable Jes\u00fas, por el coraz\u00f3n inmaculado de Mar\u00eda y asociado al Coro de los \u00c1ngeles, y en particular a las oraciones, la Guarda, os ofrezca las oraciones, las obras y los sufrimientos de este mes, en reparaci\u00f3n de todas nuestras ofensas y por todas las intenciones por las que os inmol\u00e1is sobre el altar; los ofrezco en particular al Padre Eterno, suplic\u00e1ndole se digne derramar las inmensas gracias de vuestro Divino Coraz\u00f3n sobre todos nosotros, sobre todos los que se encuentran en alg\u00fan grave peligro espiritual o temporal y especialmente sobre los moribundos, y las almas del purgatorio\u201d<\/p>\n<h4 style=\"font-weight: 400;\"><strong>Virtud particular:<\/strong><span>\u00a0<\/span><\/h4>\n<p style=\"font-weight: 400;\">perseverancia en la oraci\u00f3n, (Caridad Fraterna)<\/p>\n<h4 style=\"font-weight: 400;\"><strong>Pr\u00e1ctica de la virtud:<\/strong><\/h4>\n<ul>\n<li style=\"font-weight: 400;\"><span><\/span>Cinco veces, en honor de las cinco llagas, decir con gran humildad: \u201cOh divino Coraz\u00f3n, por la llaga concedednos a todos el esp\u00edritu de fervor y la perseverancia final \u201d<\/li>\n<li style=\"font-weight: 400;\"><span><\/span>Rogar por todas las personas que mueren y comparecen cada d\u00eda ante Dios (Aprox. 160000) \u00abOh Dios m\u00edo, yo te ofrezco todas las Misas que se celebran hoy en el mundo entero por los pecadores que est\u00e1n en agon\u00eda) por la conversi\u00f3n de los pecadores, por los van a morir hoy, Que la Sangre preciosa de Jesucristo Redentor. les obtenga misericordia\u00bb<\/li>\n<li style=\"font-weight: 400;\"><span><\/span>Permanece constante y confiado en nuestro oficio de suplicante a\u00fan en medio de las sequedades<\/li>\n<li style=\"font-weight: 400;\"><span><\/span>Ofrecer por medio de la Sant\u00edsima Virgen, las llagas de Nuestro Se\u00f1or, por la conversi\u00f3n de los pecadores, por los que hacen ejercicios espirituales, por los devotos del Sagrado Coraz\u00f3n etc.<\/li>\n<li style=\"font-weight: 400;\"><span><\/span>Pedir a Dios, especialmente en las comuniones y en la oraci\u00f3n, que oiga benignamente nuestros ruegos, por ese Coraz\u00f3n adorable, digno objeto de sus complacencias.<\/li>\n<li style=\"font-weight: 400;\"><span><\/span>Practicar la humildad, humill\u00e1ndose alguna vez, por ejemplo, hablando a su enemigo, o saludando al que le tiene rencor, o dando la preferencia a otro; dir\u00e1 cinco veces cada dia:<span>\u00a0<\/span><strong>\u00ab<\/strong>Si no me hago como ni\u00f1o, no entrar\u00e9 en el reino de los cielos.\u00bb<\/li>\n<\/ul>\n<h4 style=\"font-weight: 400;\"><strong>Visitas al Sant\u00edsimo \/ Oraciones:<\/strong><\/h4>\n<p style=\"font-weight: 400;\">\u201cJes\u00fas, Rey de Coraz\u00f3n Divino uni\u00e9ndome al Coraz\u00f3n Inmaculada de Mar\u00eda y asociado al coro de los \u00c1ngeles especialmente al de los \u00c1ngeles de la guarda para suplir mi insuficiencia os adoro durante todo el dia y os ofrezco las oraciones, los trabajos, los sufrimientos de hoy, uni\u00e9ndolos a los m\u00e9ritos infinitos de vuestro Sagrado Coraz\u00f3n en reparaci\u00f3n de todas nuestras ofensas y por todas las intenciones por las que os inmol\u00e1is sobre el Altar, Suplico a vuestra misericordia que quiera derramar abundantes gracias sobre la Santa Iglesia, sobre nuestra congragaci\u00f3n. Sobre nuestros miembros. Os pido particularmente por todos los que se encuentran en al alg\u00fan grave peligro espiritual o temporal, por los agonizantes, por los que han de morir sin agon\u00eda y por las almas del purgatorio\u201d<\/p>\n<p style=\"font-weight: 400;\">\u201cDivino Coraz\u00f3n de Jes\u00fas os adoro con todo el afecto de mi alma por el Coraz\u00f3n Inmaculada de Mar\u00eda. Por su intercesi\u00f3n y unido al coro de los \u00c1ngeles especialmente de los \u00c1ngeles de la Guarda suplico a vuestro Sagrado Coraz\u00f3n que derrame abundantes gracias sobre nosotros para nuestra santificaci\u00f3n, sobre los que se encuentran un grave peligro espiritual o corporal y sobre los que est\u00e1n a punto de morir. Os suplico en fin. que os dign\u00e9is librar a las almas del Purgatorio. Como prenda de su rescate os \u00a0ofrezco vuestras santas Llagas por el Coraz\u00f3n Inmaculado de Mar\u00eda. Oh Coraz\u00f3n dulc\u00edsimo, dignaos concedernos igualmente la gracia de guardar fielmente la adoraci\u00f3n en esp\u00edritu y de cumplir la virtud del oficio\u201d<\/p>\n<p style=\"font-weight: 400;\">\u00a0\u201cPadre Santo, os ofrezco todas y cada una de las Misas celebradas o que se van a celebrar hay en toda la Iglesia, af\u00edn de que por la Sangre de Jes\u00fas, vuestro sz0, y la intercesi\u00f3n de la Bienaventurada Virgen Mar\u00eda, transida de dolor al pie de la Cruz, os dign\u00e9is conceder a los justos el gran don de la perseverancia, a los pecadores la gracia de una perfecta conversi\u00f3n, y a todos los fieles de Cristo, sobre todo a m\u00ed y a mis hermanos en el momento de la muerte la recepci\u00f3n del Santo Viatico, la santa unci\u00f3n y una muerte preciosa a vuestros ojos. Por el mismo Jesucristo Nuestro Se\u00f1or\u201d<\/p>\n<p>\u201cEscucha \u00a1Oh Coraz\u00f3n clement\u00edsimo! Las voces de los menesteroso y se el consuelo de los atribulados, pues tu mayor placer siempre fue perdonar y hacer\u00a0 bien a los hombres\u201d<\/p>\n<h4><strong>Jaculatorias<\/strong><\/h4>\n<ul>\n<li style=\"font-weight: 400;\"><span><\/span>\u201cCoraz\u00f3n Sagrado de Jes\u00fas, ten piedad de nosotros\u201d<\/li>\n<li style=\"font-weight: 400;\"><span><\/span>\u201cMar\u00eda Madre m\u00eda, l\u00edbranos de todo pecado y toda mala compa\u00f1\u00eda\u201d<\/li>\n<li style=\"font-weight: 400;\"><span><\/span>\u201cCoraz\u00f3n de mi amable Salvador, haz que arda siempre crezca en mi tu amor\u201d<\/li>\n<\/ul>\n<p>[\/et_pb_text][et_pb_text module_id=\u00bbcelador\u00bb _builder_version=\u00bb4.27.4&#8243; _module_preset=\u00bbe23ef5f7-19d0-4bcf-9c41-22fb9f0c8814&#8243; text_font=\u00bbAbyssinica SIL||||||||\u00bb text_text_color=\u00bbrgba(10,30,47,0.66)\u00bb text_font_size=\u00bb17px\u00bb header_2_font=\u00bbAbyssinica SIL|700|||||||\u00bb header_3_font=\u00bbAbyssinica SIL||||||||\u00bb header_3_text_align=\u00bbcenter\u00bb header_3_text_color=\u00bb#9b0000&#8243; header_3_font_size=\u00bb25px\u00bb header_4_font=\u00bb||||||||\u00bb header_4_text_align=\u00bbjustify\u00bb header_4_font_size=\u00bb20px\u00bb text_orientation=\u00bbjustified\u00bb global_colors_info=\u00bb{}\u00bb]<\/p>\n<h3 style=\"font-weight: 400;\"><strong>9\u00ba OFICIO: EL CELADOR\u00a0<\/strong><br \/>Unido al coro de los Principados (los nueve coros de \u00c1ngeles), durante todo el dia<\/h3>\n<h3 style=\"font-weight: 400;\"><em>\u00a0<\/em><\/h3>\n<h4 style=\"font-weight: 400;\"><strong>Fin especial<\/strong><\/h4>\n<p style=\"font-weight: 400;\">Procurar por todos los medios posibles la gloria del Sagrado Coraz\u00f3n de Jes\u00fas, velando atentan por la salvaci\u00f3n y perfecci\u00f3n del pr\u00f3jimo, especialmente de los propios hermanos. Pensar especialmente en la misiones, sobre todo en las de Asia, Africa y Ocean\u00eda<\/p>\n<h4 style=\"font-weight: 400;\"><strong>Promesa particular<\/strong><\/h4>\n<p style=\"font-weight: 400;\">\u201cNuestro Se\u00f1or reserva a los que hacen este Oficio incalculables tesoros de gracia y nos asegura que su nombre ser\u00e1 grabado para siempre en su coraz\u00f3n (Santa Margarita Mar\u00eda)<\/p>\n<h4 style=\"font-weight: 400;\"><strong>Ofrecimiento de la pr\u00e1ctica del oficio para todo el mes (primer viernes de mes)<\/strong><\/h4>\n<p style=\"font-weight: 400;\">\u00abAdorable Jes\u00fas, por el Coraz\u00f3n Inmaculada de Mar\u00eda y asociado a os nueve coros Ang\u00e9licos y especialmente al Coraz\u00f3n\u00a0 los Principados, os ofrezco todas mis oraciones, obras y sufrimientos de este mes por todas las intenciones por las que os inmol\u00e1is sobre los Altares. Os los ofrezco en particular para que el Coraz\u00f3n de Jes\u00fas sea conocido y adorado en toda la tierra, y alabado y glorificado por mis hermanos y compa\u00f1eros. \u00ab<\/p>\n<p style=\"font-weight: 400;\">Virtud particular: Aprovechar con celo y con una discreta prudencia todas las ocasiones para \u00a0impedir cualquier ultraje al Sagrado Coraz\u00f3n, extender el amor de este Coraz\u00f3n adorable y aumentar el n\u00famero de adoradores ejemplo y con la palabra.<\/p>\n<h4 style=\"font-weight: 400;\"><strong>Pr\u00e1ctica de la virtud<\/strong><\/h4>\n<ul>\n<li style=\"font-weight: 400;\"><span><\/span>Ingeniarse para impedir las ofensas a Dios entre los que nos rodean<\/li>\n<li style=\"font-weight: 400;\"><span><\/span>evitar\u00e1 cuanto le, sea posible los pecados de murmuraci\u00f3n, hablando bien de todos, y manifestando su disgusto, aunque sea tan solo mostr\u00e1ndose triste con los que murmuraren<\/li>\n<li style=\"font-weight: 400;\"><span><\/span>Procurar enfervorizar las almas cristianas, especialmente las de nuestros hermanos, comunic\u00e1ndoles la llama del verdadero Celo.<\/li>\n<li style=\"font-weight: 400;\"><span><\/span>Dirigir peticiones al Sagrado Coraz\u00f3n para que impida las ofensas hacia \u00c9l y hacia su amor<\/li>\n<li style=\"font-weight: 400;\"><span><\/span>Rogar para que aumente, por nuestros ejemplos y palabras, el n\u00famero de los verdaderos adoradores<\/li>\n<li style=\"font-weight: 400;\"><span><\/span>En cada hora del dia adorar\u00e1, desde donde se halle, al divino Coraz\u00f3n, pidi\u00e9ndole humildemente que disimule faltas que los compa\u00f1eros hayan cometido en aquella hora, en el cumplimiento de sus obligaciones.<\/li>\n<\/ul>\n<h4 style=\"font-weight: 400;\"><strong>Visitas al Sant\u00edsimo \/ Oraciones<\/strong><\/h4>\n<p><strong> <\/strong><\/p>\n<p><strong>\u00a0\u00a0\u00a0\u00a0\u00a0\u00a0<span>\u00a0<\/span><\/strong>\u201cDivino Coraz\u00f3n de Jes\u00fas. os adoro en el Sant\u00edsimo Sacramento durante Todo el dia. Por el Coraz\u00f3n Inmaculado<strong><span>\u00a0<\/span><\/strong>de Mar\u00eda y en uni\u00f3n de los nueve coros de \u00c1ngeles, y especialmente el de los principados, para suplir mi insuficiencia, y ofrecer un culto de amor ardiente e inflamado\u201d<\/p>\n<p style=\"font-weight: 400;\">\u00a0\u00a0\u00a0\u00a0\u00a0\u00a0\u00a0 \u201cDivino Coraz\u00f3n de Jes\u00fas, os adoro con toda mi alma por el Coraz\u00f3n Inmaculada de Mar\u00eda. Por su intercesi\u00f3n y unido a los nueves Coros de los \u00c1ngeles, especialmente al coro de los Principados, os pido con instancias que vuestro Coraz\u00f3n sea conocido en toda la tierra, que los id\u00f3latras y los infieles que no os conocen, y que todos los cristianos que no viven en conformidad con su Fe, sean atra\u00eddos por vuestro Amor. Dignaos concedernos la gracia de guardar fielmente la adoraci\u00f3n en esp\u00edritu y de cumplir la virtud del oficio\u201d<\/p>\n<p style=\"font-weight: 400;\">\u00a0\u00a0\u00a0\u00a0\u00a0\u00a0\u00a0\u00a0 \u201cOh ardiente Coraz\u00f3n de Jes\u00fas, tan amable como amante del hombre \u00bfCu\u00e1ndo te ver\u00e9 amado por todos ardent\u00edsimamente? S\u00e9ame dado, Se\u00f1or, por gracia tuya, publicar en todo el mundo las maravillas de tu amor, o logre por lo menos, atraerte un alma que te ame de todo coraz\u00f3n. Pero esto es poco: conc\u00e9deme que gane para Ti los corazones de cuantos hombres viven sobre la tierra\u201d<\/p>\n<p style=\"font-weight: 400;\">\u00a0\u00a0\u00a0\u00a0\u00a0\u00a0\u00a0 Pedir a Jesucristo la conversi\u00f3n de tantos infelices, ped\u00edrsela al coraz\u00f3n pur\u00edsimo de Mar\u00eda, refugio pecadores. Rezar nueve veces el<span>\u00a0<\/span><em>\u00abGloria Patri.\u201d<\/em><\/p>\n<p style=\"font-weight: 400;\"><em><\/em><\/p>\n<h4 style=\"font-weight: 400;\"><strong>Jaculatorias<\/strong><\/h4>\n<ul>\n<li style=\"font-weight: 400;\">\u201cDonde no hay celo, no hay Amor\u201d (San Agust\u00edn)<\/li>\n<li style=\"font-weight: 400;\">\u201cOh Coraz\u00f3n el m\u00e1s amable y amante de los hombres \u00bfCu\u00e1ndo ser\u00e9is amado de todos ardient\u00edsimamente?<\/li>\n<li style=\"font-weight: 400;\"><span><\/span>\u201cMar\u00eda Madre m\u00eda, l\u00edbranos de todo pecado y de toda mala compa\u00f1\u00eda\u201d<\/li>\n<li style=\"font-weight: 400;\">\u201cCoraz\u00f3n de mi amable Salvador, haz que arda y siempre crezca en mi tu amor\u201d<\/li>\n<\/ul>\n<p>[\/et_pb_text][\/et_pb_column][\/et_pb_row][\/et_pb_section]<\/p>\n","protected":false},"excerpt":{"rendered":"<p>Una devoci\u00f3n revelada a Santa Margarita Mar\u00eda de Alacoque, donde cada alma es llamada a vivir un oficio especial en honor al Sagrado Coraz\u00f3nOr\u00edgenes de la Devoci\u00f3n La devoci\u00f3n al Sagrado Coraz\u00f3n de Jes\u00fas tiene su fundamento en las revelaciones privadas que recibi\u00f3 Santa Margarita Mar\u00eda de Alacoque en el siglo XVII. Nuestro Se\u00f1or le [&hellip;]<\/p>\n","protected":false},"author":1,"featured_media":0,"comment_status":"open","ping_status":"open","sticky":false,"template":"","format":"standard","meta":{"_et_pb_use_builder":"on","_et_pb_old_content":"","_et_gb_content_width":"2880","footnotes":""},"categories":[24,25],"tags":[],"class_list":["post-676","post","type-post","status-publish","format-standard","hentry","category-oraciones","category-sagrado-corazon-de-jesus"],"yoast_head":"<!-- This site is optimized with the Yoast SEO plugin v27.5 - https:\/\/yoast.com\/product\/yoast-seo-wordpress\/ -->\n<title>Los nueve oficios del Sagrado Coraz\u00f3n de Jes\u00fas - academiacatolica.com | Hacia la contemplaci\u00f3n de la verdad<\/title>\n<meta name=\"robots\" content=\"index, follow, max-snippet:-1, max-image-preview:large, max-video-preview:-1\" \/>\n<link rel=\"canonical\" href=\"https:\/\/academiacatolica.com\/index.php\/2025\/02\/05\/los-nueve-oficios-del-sagrado-corazon-de-jesus\/\" \/>\n<meta property=\"og:locale\" content=\"es_ES\" \/>\n<meta property=\"og:type\" content=\"article\" \/>\n<meta property=\"og:title\" content=\"Los nueve oficios del Sagrado Coraz\u00f3n de Jes\u00fas - academiacatolica.com | Hacia la contemplaci\u00f3n de la verdad\" \/>\n<meta property=\"og:description\" content=\"Una devoci\u00f3n revelada a Santa Margarita Mar\u00eda de Alacoque, donde cada alma es llamada a vivir un oficio especial en honor al Sagrado Coraz\u00f3nOr\u00edgenes de la Devoci\u00f3n La devoci\u00f3n al Sagrado Coraz\u00f3n de Jes\u00fas tiene su fundamento en las revelaciones privadas que recibi\u00f3 Santa Margarita Mar\u00eda de Alacoque en el siglo XVII. Nuestro Se\u00f1or le [&hellip;]\" \/>\n<meta property=\"og:url\" content=\"https:\/\/academiacatolica.com\/index.php\/2025\/02\/05\/los-nueve-oficios-del-sagrado-corazon-de-jesus\/\" \/>\n<meta property=\"og:site_name\" content=\"academiacatolica.com | Hacia la contemplaci\u00f3n de la verdad\" \/>\n<meta property=\"article:published_time\" content=\"2025-02-05T21:26:41+00:00\" \/>\n<meta property=\"article:modified_time\" content=\"2025-06-02T03:17:52+00:00\" \/>\n<meta name=\"author\" content=\"academiacatolica.com\" \/>\n<meta name=\"twitter:card\" content=\"summary_large_image\" \/>\n<meta name=\"twitter:label1\" content=\"Escrito por\" \/>\n\t<meta name=\"twitter:data1\" content=\"academiacatolica.com\" \/>\n\t<meta name=\"twitter:label2\" content=\"Tiempo de lectura\" \/>\n\t<meta name=\"twitter:data2\" content=\"38 minutos\" \/>\n<script type=\"application\/ld+json\" class=\"yoast-schema-graph\">{\"@context\":\"https:\\\/\\\/schema.org\",\"@graph\":[{\"@type\":\"Article\",\"@id\":\"https:\\\/\\\/academiacatolica.com\\\/index.php\\\/2025\\\/02\\\/05\\\/los-nueve-oficios-del-sagrado-corazon-de-jesus\\\/#article\",\"isPartOf\":{\"@id\":\"https:\\\/\\\/academiacatolica.com\\\/index.php\\\/2025\\\/02\\\/05\\\/los-nueve-oficios-del-sagrado-corazon-de-jesus\\\/\"},\"author\":{\"name\":\"academiacatolica.com\",\"@id\":\"https:\\\/\\\/academiacatolica.com\\\/#\\\/schema\\\/person\\\/5be95da788414a993cef27f151ffd640\"},\"headline\":\"Los nueve oficios del Sagrado Coraz\u00f3n de Jes\u00fas\",\"datePublished\":\"2025-02-05T21:26:41+00:00\",\"dateModified\":\"2025-06-02T03:17:52+00:00\",\"mainEntityOfPage\":{\"@id\":\"https:\\\/\\\/academiacatolica.com\\\/index.php\\\/2025\\\/02\\\/05\\\/los-nueve-oficios-del-sagrado-corazon-de-jesus\\\/\"},\"wordCount\":11137,\"commentCount\":0,\"articleSection\":[\"Oraciones\",\"Sagrado Coraz\u00f3n de Jes\u00fas\"],\"inLanguage\":\"es\",\"potentialAction\":[{\"@type\":\"CommentAction\",\"name\":\"Comment\",\"target\":[\"https:\\\/\\\/academiacatolica.com\\\/index.php\\\/2025\\\/02\\\/05\\\/los-nueve-oficios-del-sagrado-corazon-de-jesus\\\/#respond\"]}]},{\"@type\":\"WebPage\",\"@id\":\"https:\\\/\\\/academiacatolica.com\\\/index.php\\\/2025\\\/02\\\/05\\\/los-nueve-oficios-del-sagrado-corazon-de-jesus\\\/\",\"url\":\"https:\\\/\\\/academiacatolica.com\\\/index.php\\\/2025\\\/02\\\/05\\\/los-nueve-oficios-del-sagrado-corazon-de-jesus\\\/\",\"name\":\"Los nueve oficios del Sagrado Coraz\u00f3n de Jes\u00fas - academiacatolica.com | Hacia la contemplaci\u00f3n de la verdad\",\"isPartOf\":{\"@id\":\"https:\\\/\\\/academiacatolica.com\\\/#website\"},\"datePublished\":\"2025-02-05T21:26:41+00:00\",\"dateModified\":\"2025-06-02T03:17:52+00:00\",\"author\":{\"@id\":\"https:\\\/\\\/academiacatolica.com\\\/#\\\/schema\\\/person\\\/5be95da788414a993cef27f151ffd640\"},\"breadcrumb\":{\"@id\":\"https:\\\/\\\/academiacatolica.com\\\/index.php\\\/2025\\\/02\\\/05\\\/los-nueve-oficios-del-sagrado-corazon-de-jesus\\\/#breadcrumb\"},\"inLanguage\":\"es\",\"potentialAction\":[{\"@type\":\"ReadAction\",\"target\":[\"https:\\\/\\\/academiacatolica.com\\\/index.php\\\/2025\\\/02\\\/05\\\/los-nueve-oficios-del-sagrado-corazon-de-jesus\\\/\"]}]},{\"@type\":\"BreadcrumbList\",\"@id\":\"https:\\\/\\\/academiacatolica.com\\\/index.php\\\/2025\\\/02\\\/05\\\/los-nueve-oficios-del-sagrado-corazon-de-jesus\\\/#breadcrumb\",\"itemListElement\":[{\"@type\":\"ListItem\",\"position\":1,\"name\":\"Home\",\"item\":\"https:\\\/\\\/academiacatolica.com\\\/\"},{\"@type\":\"ListItem\",\"position\":2,\"name\":\"Los nueve oficios del Sagrado Coraz\u00f3n de Jes\u00fas\"}]},{\"@type\":\"WebSite\",\"@id\":\"https:\\\/\\\/academiacatolica.com\\\/#website\",\"url\":\"https:\\\/\\\/academiacatolica.com\\\/\",\"name\":\"academiacatolica.com | Hacia la contemplaci\u00f3n de la verdad\",\"description\":\"P\u00e1gina Web Oficial del P. Tom\u00e1s Agust\u00edn Beroch - Catequesis digital\",\"potentialAction\":[{\"@type\":\"SearchAction\",\"target\":{\"@type\":\"EntryPoint\",\"urlTemplate\":\"https:\\\/\\\/academiacatolica.com\\\/?s={search_term_string}\"},\"query-input\":{\"@type\":\"PropertyValueSpecification\",\"valueRequired\":true,\"valueName\":\"search_term_string\"}}],\"inLanguage\":\"es\"},{\"@type\":\"Person\",\"@id\":\"https:\\\/\\\/academiacatolica.com\\\/#\\\/schema\\\/person\\\/5be95da788414a993cef27f151ffd640\",\"name\":\"academiacatolica.com\",\"image\":{\"@type\":\"ImageObject\",\"inLanguage\":\"es\",\"@id\":\"https:\\\/\\\/secure.gravatar.com\\\/avatar\\\/b171d0886bae1524505616fe9b8ccc140215749d2de00d9eaf9288f17d5be9d4?s=96&d=mm&r=g\",\"url\":\"https:\\\/\\\/secure.gravatar.com\\\/avatar\\\/b171d0886bae1524505616fe9b8ccc140215749d2de00d9eaf9288f17d5be9d4?s=96&d=mm&r=g\",\"contentUrl\":\"https:\\\/\\\/secure.gravatar.com\\\/avatar\\\/b171d0886bae1524505616fe9b8ccc140215749d2de00d9eaf9288f17d5be9d4?s=96&d=mm&r=g\",\"caption\":\"academiacatolica.com\"},\"sameAs\":[\"https:\\\/\\\/academiacatolica.com\"],\"url\":\"https:\\\/\\\/academiacatolica.com\\\/index.php\\\/author\\\/academiacatolica-com\\\/\"}]}<\/script>\n<!-- \/ Yoast SEO plugin. -->","yoast_head_json":{"title":"Los nueve oficios del Sagrado Coraz\u00f3n de Jes\u00fas - academiacatolica.com | Hacia la contemplaci\u00f3n de la verdad","robots":{"index":"index","follow":"follow","max-snippet":"max-snippet:-1","max-image-preview":"max-image-preview:large","max-video-preview":"max-video-preview:-1"},"canonical":"https:\/\/academiacatolica.com\/index.php\/2025\/02\/05\/los-nueve-oficios-del-sagrado-corazon-de-jesus\/","og_locale":"es_ES","og_type":"article","og_title":"Los nueve oficios del Sagrado Coraz\u00f3n de Jes\u00fas - academiacatolica.com | Hacia la contemplaci\u00f3n de la verdad","og_description":"Una devoci\u00f3n revelada a Santa Margarita Mar\u00eda de Alacoque, donde cada alma es llamada a vivir un oficio especial en honor al Sagrado Coraz\u00f3nOr\u00edgenes de la Devoci\u00f3n La devoci\u00f3n al Sagrado Coraz\u00f3n de Jes\u00fas tiene su fundamento en las revelaciones privadas que recibi\u00f3 Santa Margarita Mar\u00eda de Alacoque en el siglo XVII. Nuestro Se\u00f1or le [&hellip;]","og_url":"https:\/\/academiacatolica.com\/index.php\/2025\/02\/05\/los-nueve-oficios-del-sagrado-corazon-de-jesus\/","og_site_name":"academiacatolica.com | Hacia la contemplaci\u00f3n de la verdad","article_published_time":"2025-02-05T21:26:41+00:00","article_modified_time":"2025-06-02T03:17:52+00:00","author":"academiacatolica.com","twitter_card":"summary_large_image","twitter_misc":{"Escrito por":"academiacatolica.com","Tiempo de lectura":"38 minutos"},"schema":{"@context":"https:\/\/schema.org","@graph":[{"@type":"Article","@id":"https:\/\/academiacatolica.com\/index.php\/2025\/02\/05\/los-nueve-oficios-del-sagrado-corazon-de-jesus\/#article","isPartOf":{"@id":"https:\/\/academiacatolica.com\/index.php\/2025\/02\/05\/los-nueve-oficios-del-sagrado-corazon-de-jesus\/"},"author":{"name":"academiacatolica.com","@id":"https:\/\/academiacatolica.com\/#\/schema\/person\/5be95da788414a993cef27f151ffd640"},"headline":"Los nueve oficios del Sagrado Coraz\u00f3n de Jes\u00fas","datePublished":"2025-02-05T21:26:41+00:00","dateModified":"2025-06-02T03:17:52+00:00","mainEntityOfPage":{"@id":"https:\/\/academiacatolica.com\/index.php\/2025\/02\/05\/los-nueve-oficios-del-sagrado-corazon-de-jesus\/"},"wordCount":11137,"commentCount":0,"articleSection":["Oraciones","Sagrado Coraz\u00f3n de Jes\u00fas"],"inLanguage":"es","potentialAction":[{"@type":"CommentAction","name":"Comment","target":["https:\/\/academiacatolica.com\/index.php\/2025\/02\/05\/los-nueve-oficios-del-sagrado-corazon-de-jesus\/#respond"]}]},{"@type":"WebPage","@id":"https:\/\/academiacatolica.com\/index.php\/2025\/02\/05\/los-nueve-oficios-del-sagrado-corazon-de-jesus\/","url":"https:\/\/academiacatolica.com\/index.php\/2025\/02\/05\/los-nueve-oficios-del-sagrado-corazon-de-jesus\/","name":"Los nueve oficios del Sagrado Coraz\u00f3n de Jes\u00fas - academiacatolica.com | Hacia la contemplaci\u00f3n de la verdad","isPartOf":{"@id":"https:\/\/academiacatolica.com\/#website"},"datePublished":"2025-02-05T21:26:41+00:00","dateModified":"2025-06-02T03:17:52+00:00","author":{"@id":"https:\/\/academiacatolica.com\/#\/schema\/person\/5be95da788414a993cef27f151ffd640"},"breadcrumb":{"@id":"https:\/\/academiacatolica.com\/index.php\/2025\/02\/05\/los-nueve-oficios-del-sagrado-corazon-de-jesus\/#breadcrumb"},"inLanguage":"es","potentialAction":[{"@type":"ReadAction","target":["https:\/\/academiacatolica.com\/index.php\/2025\/02\/05\/los-nueve-oficios-del-sagrado-corazon-de-jesus\/"]}]},{"@type":"BreadcrumbList","@id":"https:\/\/academiacatolica.com\/index.php\/2025\/02\/05\/los-nueve-oficios-del-sagrado-corazon-de-jesus\/#breadcrumb","itemListElement":[{"@type":"ListItem","position":1,"name":"Home","item":"https:\/\/academiacatolica.com\/"},{"@type":"ListItem","position":2,"name":"Los nueve oficios del Sagrado Coraz\u00f3n de Jes\u00fas"}]},{"@type":"WebSite","@id":"https:\/\/academiacatolica.com\/#website","url":"https:\/\/academiacatolica.com\/","name":"academiacatolica.com | Hacia la contemplaci\u00f3n de la verdad","description":"P\u00e1gina Web Oficial del P. Tom\u00e1s Agust\u00edn Beroch - Catequesis digital","potentialAction":[{"@type":"SearchAction","target":{"@type":"EntryPoint","urlTemplate":"https:\/\/academiacatolica.com\/?s={search_term_string}"},"query-input":{"@type":"PropertyValueSpecification","valueRequired":true,"valueName":"search_term_string"}}],"inLanguage":"es"},{"@type":"Person","@id":"https:\/\/academiacatolica.com\/#\/schema\/person\/5be95da788414a993cef27f151ffd640","name":"academiacatolica.com","image":{"@type":"ImageObject","inLanguage":"es","@id":"https:\/\/secure.gravatar.com\/avatar\/b171d0886bae1524505616fe9b8ccc140215749d2de00d9eaf9288f17d5be9d4?s=96&d=mm&r=g","url":"https:\/\/secure.gravatar.com\/avatar\/b171d0886bae1524505616fe9b8ccc140215749d2de00d9eaf9288f17d5be9d4?s=96&d=mm&r=g","contentUrl":"https:\/\/secure.gravatar.com\/avatar\/b171d0886bae1524505616fe9b8ccc140215749d2de00d9eaf9288f17d5be9d4?s=96&d=mm&r=g","caption":"academiacatolica.com"},"sameAs":["https:\/\/academiacatolica.com"],"url":"https:\/\/academiacatolica.com\/index.php\/author\/academiacatolica-com\/"}]}},"_links":{"self":[{"href":"https:\/\/academiacatolica.com\/index.php\/wp-json\/wp\/v2\/posts\/676","targetHints":{"allow":["GET"]}}],"collection":[{"href":"https:\/\/academiacatolica.com\/index.php\/wp-json\/wp\/v2\/posts"}],"about":[{"href":"https:\/\/academiacatolica.com\/index.php\/wp-json\/wp\/v2\/types\/post"}],"author":[{"embeddable":true,"href":"https:\/\/academiacatolica.com\/index.php\/wp-json\/wp\/v2\/users\/1"}],"replies":[{"embeddable":true,"href":"https:\/\/academiacatolica.com\/index.php\/wp-json\/wp\/v2\/comments?post=676"}],"version-history":[{"count":75,"href":"https:\/\/academiacatolica.com\/index.php\/wp-json\/wp\/v2\/posts\/676\/revisions"}],"predecessor-version":[{"id":982,"href":"https:\/\/academiacatolica.com\/index.php\/wp-json\/wp\/v2\/posts\/676\/revisions\/982"}],"wp:attachment":[{"href":"https:\/\/academiacatolica.com\/index.php\/wp-json\/wp\/v2\/media?parent=676"}],"wp:term":[{"taxonomy":"category","embeddable":true,"href":"https:\/\/academiacatolica.com\/index.php\/wp-json\/wp\/v2\/categories?post=676"},{"taxonomy":"post_tag","embeddable":true,"href":"https:\/\/academiacatolica.com\/index.php\/wp-json\/wp\/v2\/tags?post=676"}],"curies":[{"name":"wp","href":"https:\/\/api.w.org\/{rel}","templated":true}]}}