{"id":712,"date":"2025-02-05T17:47:34","date_gmt":"2025-02-05T22:47:34","guid":{"rendered":"https:\/\/academiacatolica.com\/?p=712"},"modified":"2025-02-05T17:47:35","modified_gmt":"2025-02-05T22:47:35","slug":"coraza-de-san-patricio","status":"publish","type":"post","link":"https:\/\/academiacatolica.com\/index.php\/2025\/02\/05\/coraza-de-san-patricio\/","title":{"rendered":"Coraza de San Patricio"},"content":{"rendered":"\n<p>Me levanto hoy<br>Por medio de poderosa fuerza,<br>la invocaci\u00f3n de la Trinidad,<br>Por medio de creer en sus Tres Personas,<br>Por medio de confesar la Unidad,<br>Del Creador de la Creaci\u00f3n.<\/p>\n\n\n\n<p>Me levanto hoy<br>Por medio de la fuerza del nacimiento de Cristo y su bautismo,<br>Por medio de la fuerza de Su crucifixi\u00f3n y su sepulcro,<br>Por medio de la fuerza de Su resurrecci\u00f3n y ascenci\u00f3n,<br>Por medio de la fuerza de Su descenso para juzgar el mal.<\/p>\n\n\n\n<p>Me levanto hoy<br>Por medio de la fuerza del amor de Querubines,<br>En obediencia de \u00c1ngeles, En servicio de Arc\u00e1ngeles,<br>En la esperanza que la resurrecci\u00f3n encuentra recompensa,<br>En oraciones de Patriarcas,En palabras de Profetas,<br>En pr\u00e9dicas de Ap\u00f3stoles, En inocencia de Santas V\u00edrgenes,<br>En obras de hombres de bien.<\/p>\n\n\n\n<p>Me levanto hoy<br>Por medio del poder del cielo:<br>Luz del sol,<br>Esplendor del fuego,<br>Rapidez del rayo,<br>Ligereza del viento,<br>Profundidad de los mares,<br>Estabilidad de la tierra,<br>Firmeza de la roca.<\/p>\n\n\n\n<p>Me levanto hoy<br>Por medio de la fuerza de Dios que me conduce:<br>Poder de Dios que me sostiene,<br>Sabidur\u00eda de Dios que me gu\u00eda,<br>Mirada de Dios que me vigila,<br>O\u00eddo de Dios que me escucha,<br>Palabra de Dios que habla por m\u00ed,<br>Mano de Dios que me guarda,<br>Sendero de Dios tendido frente a m\u00ed,<br>Escudo de Dios que me protege,<br>Legiones de Dios para salvarme<br>De trampas del demonio,<br>De tentaciones de vicios,<br>De cualquiera que me desee mal,<br>Lejanos y cercanos,<br>Solos o en multitud.<\/p>\n\n\n\n<p>Yo invoco \u00e9ste d\u00eda todos estos poderes entre m\u00ed y el malvado,<br>Contra despiadados poderes que se opongan a mi cuerpo y alma,<br>Contra conjuros de falsos profetas,<br>Contra las negras leyes de los paganos,<br>Contra las falsas leyes de los herejes,<br>Contra obras y fetiches de idolatr\u00eda,<br>Contra encantamientos de brujas, forjas y hechiceros,<br>Contra cualquier conocimiento corruptor de cuerpo y alma.<\/p>\n\n\n\n<p>Cristo esc\u00fadame hoy<br>Contra filtros y venenos, Contra quemaduras,<br>Contra sofocaci\u00f3n, Contra heridas,<br>De tal forma que pueda recibir recompensa en abundancia.<\/p>\n\n\n\n<p>Cristo conmigo,<br>Cristo frente a m\u00ed,<br>Cristo tras de m\u00ed,<br>Cristo en m\u00ed, Cristo a mi diestra,<br>Cristo a mi siniestra,<br>Cristo al descansar,<br>Cristo al levantar,<br>Cristo en el coraz\u00f3n de cada hombre que piense en m\u00ed,<br>Cristo en la boca de todos los que hablen de m\u00ed,<br>Cristo en cada ojo que me mira,<br>Cristo en cada o\u00eddo que me escucha.<\/p>\n\n\n\n<p>Me levanto hoy<br>Por medio de poderosa fuerza, la invocaci\u00f3n de la Trinidad,<br>Por medio de creer en sus Tres Personas,<br>Por medio de confesar la Unidad,<br>Del Creador de la Creaci\u00f3n.<\/p>\n","protected":false},"excerpt":{"rendered":"<p>Me levanto hoyPor medio de poderosa fuerza,la invocaci\u00f3n de la Trinidad,Por medio de creer en sus Tres Personas,Por medio de confesar la Unidad,Del Creador de la Creaci\u00f3n. Me levanto hoyPor medio de la fuerza del nacimiento de Cristo y su bautismo,Por medio de la fuerza de Su crucifixi\u00f3n y su sepulcro,Por medio de la fuerza [&hellip;]<\/p>\n","protected":false},"author":1,"featured_media":0,"comment_status":"open","ping_status":"open","sticky":false,"template":"","format":"standard","meta":{"_et_pb_use_builder":"off","_et_pb_old_content":"","_et_gb_content_width":"1080","footnotes":""},"categories":[26,24],"tags":[],"class_list":["post-712","post","type-post","status-publish","format-standard","hentry","category-manana","category-oraciones"],"yoast_head":"<!-- This site is optimized with the Yoast SEO plugin v27.5 - https:\/\/yoast.com\/product\/yoast-seo-wordpress\/ -->\n<title>Coraza de San Patricio - academiacatolica.com | Hacia la contemplaci\u00f3n de la verdad<\/title>\n<meta name=\"robots\" content=\"index, follow, max-snippet:-1, max-image-preview:large, max-video-preview:-1\" \/>\n<link rel=\"canonical\" href=\"https:\/\/academiacatolica.com\/index.php\/2025\/02\/05\/coraza-de-san-patricio\/\" \/>\n<meta property=\"og:locale\" content=\"es_ES\" \/>\n<meta property=\"og:type\" content=\"article\" \/>\n<meta property=\"og:title\" content=\"Coraza de San Patricio - academiacatolica.com | Hacia la contemplaci\u00f3n de la verdad\" \/>\n<meta property=\"og:description\" content=\"Me levanto hoyPor medio de poderosa fuerza,la invocaci\u00f3n de la Trinidad,Por medio de creer en sus Tres Personas,Por medio de confesar la Unidad,Del Creador de la Creaci\u00f3n. Me levanto hoyPor medio de la fuerza del nacimiento de Cristo y su bautismo,Por medio de la fuerza de Su crucifixi\u00f3n y su sepulcro,Por medio de la fuerza [&hellip;]\" \/>\n<meta property=\"og:url\" content=\"https:\/\/academiacatolica.com\/index.php\/2025\/02\/05\/coraza-de-san-patricio\/\" \/>\n<meta property=\"og:site_name\" content=\"academiacatolica.com | Hacia la contemplaci\u00f3n de la verdad\" \/>\n<meta property=\"article:published_time\" content=\"2025-02-05T22:47:34+00:00\" \/>\n<meta property=\"article:modified_time\" content=\"2025-02-05T22:47:35+00:00\" \/>\n<meta name=\"author\" content=\"academiacatolica.com\" \/>\n<meta name=\"twitter:card\" content=\"summary_large_image\" \/>\n<meta name=\"twitter:label1\" content=\"Escrito por\" \/>\n\t<meta name=\"twitter:data1\" content=\"academiacatolica.com\" \/>\n\t<meta name=\"twitter:label2\" content=\"Tiempo de lectura\" \/>\n\t<meta name=\"twitter:data2\" content=\"2 minutos\" \/>\n<script type=\"application\/ld+json\" class=\"yoast-schema-graph\">{\"@context\":\"https:\\\/\\\/schema.org\",\"@graph\":[{\"@type\":\"Article\",\"@id\":\"https:\\\/\\\/academiacatolica.com\\\/index.php\\\/2025\\\/02\\\/05\\\/coraza-de-san-patricio\\\/#article\",\"isPartOf\":{\"@id\":\"https:\\\/\\\/academiacatolica.com\\\/index.php\\\/2025\\\/02\\\/05\\\/coraza-de-san-patricio\\\/\"},\"author\":{\"name\":\"academiacatolica.com\",\"@id\":\"https:\\\/\\\/academiacatolica.com\\\/#\\\/schema\\\/person\\\/5be95da788414a993cef27f151ffd640\"},\"headline\":\"Coraza de San Patricio\",\"datePublished\":\"2025-02-05T22:47:34+00:00\",\"dateModified\":\"2025-02-05T22:47:35+00:00\",\"mainEntityOfPage\":{\"@id\":\"https:\\\/\\\/academiacatolica.com\\\/index.php\\\/2025\\\/02\\\/05\\\/coraza-de-san-patricio\\\/\"},\"wordCount\":450,\"commentCount\":0,\"articleSection\":[\"Ma\u00f1ana\",\"Oraciones\"],\"inLanguage\":\"es\",\"potentialAction\":[{\"@type\":\"CommentAction\",\"name\":\"Comment\",\"target\":[\"https:\\\/\\\/academiacatolica.com\\\/index.php\\\/2025\\\/02\\\/05\\\/coraza-de-san-patricio\\\/#respond\"]}]},{\"@type\":\"WebPage\",\"@id\":\"https:\\\/\\\/academiacatolica.com\\\/index.php\\\/2025\\\/02\\\/05\\\/coraza-de-san-patricio\\\/\",\"url\":\"https:\\\/\\\/academiacatolica.com\\\/index.php\\\/2025\\\/02\\\/05\\\/coraza-de-san-patricio\\\/\",\"name\":\"Coraza de San Patricio - academiacatolica.com | Hacia la contemplaci\u00f3n de la verdad\",\"isPartOf\":{\"@id\":\"https:\\\/\\\/academiacatolica.com\\\/#website\"},\"datePublished\":\"2025-02-05T22:47:34+00:00\",\"dateModified\":\"2025-02-05T22:47:35+00:00\",\"author\":{\"@id\":\"https:\\\/\\\/academiacatolica.com\\\/#\\\/schema\\\/person\\\/5be95da788414a993cef27f151ffd640\"},\"breadcrumb\":{\"@id\":\"https:\\\/\\\/academiacatolica.com\\\/index.php\\\/2025\\\/02\\\/05\\\/coraza-de-san-patricio\\\/#breadcrumb\"},\"inLanguage\":\"es\",\"potentialAction\":[{\"@type\":\"ReadAction\",\"target\":[\"https:\\\/\\\/academiacatolica.com\\\/index.php\\\/2025\\\/02\\\/05\\\/coraza-de-san-patricio\\\/\"]}]},{\"@type\":\"BreadcrumbList\",\"@id\":\"https:\\\/\\\/academiacatolica.com\\\/index.php\\\/2025\\\/02\\\/05\\\/coraza-de-san-patricio\\\/#breadcrumb\",\"itemListElement\":[{\"@type\":\"ListItem\",\"position\":1,\"name\":\"Home\",\"item\":\"https:\\\/\\\/academiacatolica.com\\\/\"},{\"@type\":\"ListItem\",\"position\":2,\"name\":\"Coraza de San Patricio\"}]},{\"@type\":\"WebSite\",\"@id\":\"https:\\\/\\\/academiacatolica.com\\\/#website\",\"url\":\"https:\\\/\\\/academiacatolica.com\\\/\",\"name\":\"academiacatolica.com | Hacia la contemplaci\u00f3n de la verdad\",\"description\":\"P\u00e1gina Web Oficial del P. Tom\u00e1s Agust\u00edn Beroch - Catequesis digital\",\"potentialAction\":[{\"@type\":\"SearchAction\",\"target\":{\"@type\":\"EntryPoint\",\"urlTemplate\":\"https:\\\/\\\/academiacatolica.com\\\/?s={search_term_string}\"},\"query-input\":{\"@type\":\"PropertyValueSpecification\",\"valueRequired\":true,\"valueName\":\"search_term_string\"}}],\"inLanguage\":\"es\"},{\"@type\":\"Person\",\"@id\":\"https:\\\/\\\/academiacatolica.com\\\/#\\\/schema\\\/person\\\/5be95da788414a993cef27f151ffd640\",\"name\":\"academiacatolica.com\",\"image\":{\"@type\":\"ImageObject\",\"inLanguage\":\"es\",\"@id\":\"https:\\\/\\\/secure.gravatar.com\\\/avatar\\\/b171d0886bae1524505616fe9b8ccc140215749d2de00d9eaf9288f17d5be9d4?s=96&d=mm&r=g\",\"url\":\"https:\\\/\\\/secure.gravatar.com\\\/avatar\\\/b171d0886bae1524505616fe9b8ccc140215749d2de00d9eaf9288f17d5be9d4?s=96&d=mm&r=g\",\"contentUrl\":\"https:\\\/\\\/secure.gravatar.com\\\/avatar\\\/b171d0886bae1524505616fe9b8ccc140215749d2de00d9eaf9288f17d5be9d4?s=96&d=mm&r=g\",\"caption\":\"academiacatolica.com\"},\"sameAs\":[\"https:\\\/\\\/academiacatolica.com\"],\"url\":\"https:\\\/\\\/academiacatolica.com\\\/index.php\\\/author\\\/academiacatolica-com\\\/\"}]}<\/script>\n<!-- \/ Yoast SEO plugin. -->","yoast_head_json":{"title":"Coraza de San Patricio - academiacatolica.com | Hacia la contemplaci\u00f3n de la verdad","robots":{"index":"index","follow":"follow","max-snippet":"max-snippet:-1","max-image-preview":"max-image-preview:large","max-video-preview":"max-video-preview:-1"},"canonical":"https:\/\/academiacatolica.com\/index.php\/2025\/02\/05\/coraza-de-san-patricio\/","og_locale":"es_ES","og_type":"article","og_title":"Coraza de San Patricio - academiacatolica.com | Hacia la contemplaci\u00f3n de la verdad","og_description":"Me levanto hoyPor medio de poderosa fuerza,la invocaci\u00f3n de la Trinidad,Por medio de creer en sus Tres Personas,Por medio de confesar la Unidad,Del Creador de la Creaci\u00f3n. Me levanto hoyPor medio de la fuerza del nacimiento de Cristo y su bautismo,Por medio de la fuerza de Su crucifixi\u00f3n y su sepulcro,Por medio de la fuerza [&hellip;]","og_url":"https:\/\/academiacatolica.com\/index.php\/2025\/02\/05\/coraza-de-san-patricio\/","og_site_name":"academiacatolica.com | Hacia la contemplaci\u00f3n de la verdad","article_published_time":"2025-02-05T22:47:34+00:00","article_modified_time":"2025-02-05T22:47:35+00:00","author":"academiacatolica.com","twitter_card":"summary_large_image","twitter_misc":{"Escrito por":"academiacatolica.com","Tiempo de lectura":"2 minutos"},"schema":{"@context":"https:\/\/schema.org","@graph":[{"@type":"Article","@id":"https:\/\/academiacatolica.com\/index.php\/2025\/02\/05\/coraza-de-san-patricio\/#article","isPartOf":{"@id":"https:\/\/academiacatolica.com\/index.php\/2025\/02\/05\/coraza-de-san-patricio\/"},"author":{"name":"academiacatolica.com","@id":"https:\/\/academiacatolica.com\/#\/schema\/person\/5be95da788414a993cef27f151ffd640"},"headline":"Coraza de San Patricio","datePublished":"2025-02-05T22:47:34+00:00","dateModified":"2025-02-05T22:47:35+00:00","mainEntityOfPage":{"@id":"https:\/\/academiacatolica.com\/index.php\/2025\/02\/05\/coraza-de-san-patricio\/"},"wordCount":450,"commentCount":0,"articleSection":["Ma\u00f1ana","Oraciones"],"inLanguage":"es","potentialAction":[{"@type":"CommentAction","name":"Comment","target":["https:\/\/academiacatolica.com\/index.php\/2025\/02\/05\/coraza-de-san-patricio\/#respond"]}]},{"@type":"WebPage","@id":"https:\/\/academiacatolica.com\/index.php\/2025\/02\/05\/coraza-de-san-patricio\/","url":"https:\/\/academiacatolica.com\/index.php\/2025\/02\/05\/coraza-de-san-patricio\/","name":"Coraza de San Patricio - academiacatolica.com | Hacia la contemplaci\u00f3n de la verdad","isPartOf":{"@id":"https:\/\/academiacatolica.com\/#website"},"datePublished":"2025-02-05T22:47:34+00:00","dateModified":"2025-02-05T22:47:35+00:00","author":{"@id":"https:\/\/academiacatolica.com\/#\/schema\/person\/5be95da788414a993cef27f151ffd640"},"breadcrumb":{"@id":"https:\/\/academiacatolica.com\/index.php\/2025\/02\/05\/coraza-de-san-patricio\/#breadcrumb"},"inLanguage":"es","potentialAction":[{"@type":"ReadAction","target":["https:\/\/academiacatolica.com\/index.php\/2025\/02\/05\/coraza-de-san-patricio\/"]}]},{"@type":"BreadcrumbList","@id":"https:\/\/academiacatolica.com\/index.php\/2025\/02\/05\/coraza-de-san-patricio\/#breadcrumb","itemListElement":[{"@type":"ListItem","position":1,"name":"Home","item":"https:\/\/academiacatolica.com\/"},{"@type":"ListItem","position":2,"name":"Coraza de San Patricio"}]},{"@type":"WebSite","@id":"https:\/\/academiacatolica.com\/#website","url":"https:\/\/academiacatolica.com\/","name":"academiacatolica.com | Hacia la contemplaci\u00f3n de la verdad","description":"P\u00e1gina Web Oficial del P. Tom\u00e1s Agust\u00edn Beroch - Catequesis digital","potentialAction":[{"@type":"SearchAction","target":{"@type":"EntryPoint","urlTemplate":"https:\/\/academiacatolica.com\/?s={search_term_string}"},"query-input":{"@type":"PropertyValueSpecification","valueRequired":true,"valueName":"search_term_string"}}],"inLanguage":"es"},{"@type":"Person","@id":"https:\/\/academiacatolica.com\/#\/schema\/person\/5be95da788414a993cef27f151ffd640","name":"academiacatolica.com","image":{"@type":"ImageObject","inLanguage":"es","@id":"https:\/\/secure.gravatar.com\/avatar\/b171d0886bae1524505616fe9b8ccc140215749d2de00d9eaf9288f17d5be9d4?s=96&d=mm&r=g","url":"https:\/\/secure.gravatar.com\/avatar\/b171d0886bae1524505616fe9b8ccc140215749d2de00d9eaf9288f17d5be9d4?s=96&d=mm&r=g","contentUrl":"https:\/\/secure.gravatar.com\/avatar\/b171d0886bae1524505616fe9b8ccc140215749d2de00d9eaf9288f17d5be9d4?s=96&d=mm&r=g","caption":"academiacatolica.com"},"sameAs":["https:\/\/academiacatolica.com"],"url":"https:\/\/academiacatolica.com\/index.php\/author\/academiacatolica-com\/"}]}},"_links":{"self":[{"href":"https:\/\/academiacatolica.com\/index.php\/wp-json\/wp\/v2\/posts\/712","targetHints":{"allow":["GET"]}}],"collection":[{"href":"https:\/\/academiacatolica.com\/index.php\/wp-json\/wp\/v2\/posts"}],"about":[{"href":"https:\/\/academiacatolica.com\/index.php\/wp-json\/wp\/v2\/types\/post"}],"author":[{"embeddable":true,"href":"https:\/\/academiacatolica.com\/index.php\/wp-json\/wp\/v2\/users\/1"}],"replies":[{"embeddable":true,"href":"https:\/\/academiacatolica.com\/index.php\/wp-json\/wp\/v2\/comments?post=712"}],"version-history":[{"count":1,"href":"https:\/\/academiacatolica.com\/index.php\/wp-json\/wp\/v2\/posts\/712\/revisions"}],"predecessor-version":[{"id":713,"href":"https:\/\/academiacatolica.com\/index.php\/wp-json\/wp\/v2\/posts\/712\/revisions\/713"}],"wp:attachment":[{"href":"https:\/\/academiacatolica.com\/index.php\/wp-json\/wp\/v2\/media?parent=712"}],"wp:term":[{"taxonomy":"category","embeddable":true,"href":"https:\/\/academiacatolica.com\/index.php\/wp-json\/wp\/v2\/categories?post=712"},{"taxonomy":"post_tag","embeddable":true,"href":"https:\/\/academiacatolica.com\/index.php\/wp-json\/wp\/v2\/tags?post=712"}],"curies":[{"name":"wp","href":"https:\/\/api.w.org\/{rel}","templated":true}]}}