{"id":79,"date":"2024-03-07T16:06:45","date_gmt":"2024-03-07T21:06:45","guid":{"rendered":"https:\/\/academiacatolica.com\/?p=79"},"modified":"2025-01-01T11:28:33","modified_gmt":"2025-01-01T16:28:33","slug":"lo-que-es-una-madre","status":"publish","type":"post","link":"https:\/\/academiacatolica.com\/index.php\/2024\/03\/07\/lo-que-es-una-madre\/","title":{"rendered":"Lo que es una madre"},"content":{"rendered":"\n<p class=\"has-small-font-size\"><\/p>\n\n\n\n<p>Queridos hermanos, me gustar\u00eda empezar este serm\u00f3n, hablando de las madres.<\/p>\n\n\n\n<p>\u00bfQu\u00e9 es lo que es una madre? Yo creo que aunque reuni\u00e9semos todo lo que sobre ella se ha escrito, nos quedar\u00edamos cortos al describirla.<\/p>\n\n\n\n<p>Voy a contarles una an\u00e9cdota de mi mam\u00e1, que yo no me la acuerdo, pero ella siempre me la dijo. Cuando yo ten\u00eda 5 a\u00f1os, fui a la escuela \u201cjard\u00edn de infantes\u201d. Por alg\u00fan motivo u otro, yo ten\u00eda problemas de aprendizaje. Las maestras no quer\u00edan que yo pasara a la escuela primaria, porque dec\u00edan que hacerme estudiar era ponerme una carga que yo no iba a poder sobrellevar. Las maestras dec\u00edan que mi coeficiente intelectual era bajo, y que por eso el estudio no era para mi. A mi mam\u00e1 le doli\u00f3 lo que las docentes dijeron, pero lo que ella remarc\u00f3 fue lo siguiente: \u201ctenemos que averiguar si es verdad\u201d. Entonces me mandaron a una psicopedag\u00f3ga, para que indagara sobre esta afirmaci\u00f3n de las maestras. Luego de hacer la terapia, la psicopedag\u00f3ga le dijo a mi madre: \u201csu hijo tiene coeficiente intelectual para estudiar. Solo que tiene baja autoestima, y las docentes mucho no lo ayudan. Trate de alentarlo a estudiar y dar todo de su parte, porque la inteligencia le funciona. Tiene que trabajar m\u00e1s en la autoestima\u201d.<\/p>\n\n\n\n<p>Al final del a\u00f1o, las maestras les ped\u00edan a los ni\u00f1os que se aprendan de memoria una poes\u00eda. Eso se lo pidieron a todos, excepto a mi. No me la dieron porque estaban m\u00e1s que seguras de que \u201cnunca la va a aprender\u201d. Cuando llegu\u00e9 a mi casa, le cont\u00e9 a mis padres que no me hab\u00edan dado la poes\u00eda, y mi mam\u00e1 se enfureci\u00f3 y fue a pelearse con las maestras, y les exigi\u00f3 rot\u00fandamente que me la dieran. Ella les dijo: \u201cles aseguro que a fin de a\u00f1o, mi hijo les va a decir de memoria la poes\u00eda como los dem\u00e1s ni\u00f1os\u201d. Mi madre se sent\u00f3 al lado m\u00edo con la santa paciencia, y me ayud\u00f3 a memorizar la poes\u00eda. Lleg\u00f3 el fin de a\u00f1o y lleg\u00f3 mi turno. Seg\u00fan mi mam\u00e1, recit\u00e9 la poes\u00eda con la fluidez y soltura que ped\u00edan los docentes.<\/p>\n\n\n\n<p>Los maestros dec\u00edan que yo no era capaz de estudiar. Hoy puedo decir que termin\u00e9 la escuela primaria, la escuela secundaria, hice el seminario, soy sacerdote, y adem\u00e1s estudi\u00e9 en la universidad y adquir\u00ed mis t\u00edtulos universitarios (mi maestr\u00eda y licenciatura en filosof\u00eda). Los maestros dec\u00edan que yo ni siquiera iba a poder hablar bien. Hoy en d\u00eda hablo demasiado, y lo puedo hacer en 4 idiomas distintos. Obviamente, no soy mejor que quien no ha estudiado, y me considero el m\u00e1s pecador de todos los hombres. Pero lo que quiero decir es que soy lo que soy, porque tuve padres que creyeron en m\u00ed. Todav\u00eda los tengo, porque ellos est\u00e1n vivos. Tengo un excelente padre, y una excelente madre. Hoy toca hablar de la madre, pero ambos dos son muy buenos.<\/p>\n\n\n\n<p>Mi madre hizo dos cosas que me parece que puede servir de ejemplo:<\/p>\n\n\n\n<p>La primera: cuando las maestras le dijeron que yo no ten\u00eda inteligencia para estudiar, ella no actu\u00f3 solo con el coraz\u00f3n, sino tambi\u00e9n con la cabeza. Me mand\u00f3 a la psicopedag\u00f3ga porque escuch\u00f3 lo que dijeron los educadores, y aunque le doli\u00f3 dijo: \u201csi es verdad lo tenemos que aceptar\u201d. Muchas veces las madres aman mucho a sus hijos, pero los aman con el coraz\u00f3n, no con la cabeza. Cuando una madre no reconoce que su hijo tiene un problema, no lo puede ayudar. Hay madres que no pueden ayudar a sus hijos porque no reconocen que los mismos tienen una adicci\u00f3n. Lo saben, pero no lo quieren aceptar. Es por eso que no los pueden ayudar. Una madre tiene que amar a su hijo con el coraz\u00f3n, pero tambi\u00e9n con la cabeza. El coraz\u00f3n de una madre es grandioso, pero muchas veces no pueden ver la realidad, y es por eso que sus hijos terminan siendo malos hombres, porque no los corrigieron cuando pudieron haberlo hecho. Por eso, mi madre estuvo abierta a la verdad. Si las maestras dec\u00edan que yo ten\u00eda un problema de la inteligencia y eso era verdad, hab\u00eda que aceptarlo.<\/p>\n\n\n\n<p>Lo segundo que ella hizo fue creer en mi: una vez que la psicopedag\u00f3ga dijo que lo que dec\u00edan las docentes era incorrecto, se sent\u00f3 a estudiar conmigo durante todo el tiempo que fuese necesario, y me ayud\u00f3 a ser el hombre que soy hoy en d\u00eda (no soy perfecto y soy un gran pecador, pero estar\u00eda peor sin la ayuda de la susodicha). No s\u00e9 que hubi\u00e9se sido de mi sin un buen padre y una buena madre.<\/p>\n\n\n\n<p>Queridos hermanos, yo no s\u00e9 si se puede definir lo que es una madre, pero lo que podemos afirmar de ella siempre ser\u00e1 poco. Una buena madre es el mejor ejemplo de lo que es el amor de Dios. Nadie ama m\u00e1s que Dios, pero en esta tierra nadie ama m\u00e1s que una madre.<\/p>\n\n\n\n<p>Una madre da a luz a sus hijos con dolor, una madre se desvela todas las noches para cuidar de sus ni\u00f1os, una madre es capaz de sacarse el pan de la boca para alimentarlos, una madre es capaz de morir para que ellos tengan vida. Es por eso que el cr\u00edmen del aborto es tan grave, porque es totalmente antimaterno. Una madre debe dar la vida por sus hijos, no matarlos, y el aborto es demon\u00edaco porque hace todo lo contrario. Es lo m\u00e1s antimaterno que hay. Una madre es capaz de quitarse los ojos, para que sus hijos vean y de arrancarse el coraz\u00f3n si de esa manera los puede salvar.<\/p>\n\n\n\n<p>Queridas madres, si quieren conocer la definici\u00f3n de MADRE CON MAY\u00daSCULAS, hay que mirar al ejemplo de la Sant\u00edsima Virgen Mar\u00eda, la Madre del Salvador. Ella am\u00f3 a su Hijo Jesucristo m\u00e1s que cualquier otra madre. Sin embargo, no evit\u00f3 que muriera en la cruz. Pese a que para ella fue una gran dolor, supo aceptar que su Hijo deb\u00eda morir en la cruz para salvar a toda la humanidad.<\/p>\n\n\n\n<p>Queridas madres, su misi\u00f3n con sus hijos es buscar que ellos vayan al cielo. Es por eso que los tienen que amar con el coraz\u00f3n, pero tambi\u00e9n con la cabeza. Muchas veces las madres buscan evitarles a sus hijos todo sufrimiento, y eso es algo bueno, pero no siempre lo es tanto. No podemos ir al cielo si no aprendemos a sufrir, porque Cristo lo dijo claramente: quien no toma su cruz y me sigue, no puede ser mi disc\u00edpulo. Es bueno que las madres den caricias, pero si por el bien del hijo hay que darle un castigo deben hacerlo sin titubear. Hay que decirles a los hijos que si, pero tambi\u00e9n hay que saber decirles que no cuando corresponde, ya que si no lo hacen los padres, lo har\u00e1 la vida, y ser\u00e1 m\u00e1s doloroso a\u00fan. Hay que hacerles regalos a los hijos, pero hay veces que las cosas se las tienen que ganar (mis padres me dijeron una vez: no te vas con tus amigos, si no apruebas el ex\u00e1men). En definitiva, una madre tiene que amar siempre a sus hijos, haga lo que haga, y a veces el modo de amarlos es permitiendo en sus vidas alg\u00fan sufrimiento. No hay que hacerlos sufrir a prop\u00f3sito, obviamente, pero cuando es un sufrimiento que repercute en un bien, muchas veces aunque duela hay que exig\u00edrselos. La misi\u00f3n de una madre no es solo que su hijo sea un hombre o mujer de bien, sino un santo. Su hijo o hija debe ir al cielo luego de esta vida terrenal. Su hijo o hija debe rezar, debe confesarse, debe participar de la Misa, debe cumplir los mandamientos divinos y debe saber que el camino al cielo es el camino de la Cruz del Se\u00f1or. Los hijos seguir\u00e1n el ejemplo de los padres, es por eso que si un hijo no va al cielo o no se salva, Dios le pedir\u00e1 cuenta a sus padres. \u00bfQu\u00e9 han hecho para educarlos cristianamente? \u00bfQu\u00e9 han hecho para que Cristo sea el centro de sus vidas?<\/p>\n\n\n\n<p>Si no he sido un buen padre o una buena madre, siempre hay tiempo de arrepentirse. Quiz\u00e1s mis hijos sean grandes y yo no tenga la posibilidad de educarlos en la fe, pero puedo hacer algo por ellos y eso es rezar y hacer penitencia por su salvaci\u00f3n eterna. Dios siempre nos da la posibilidad de arrepentirnos, a\u00fan en el \u00faltimo minuto de nuestra vida.<\/p>\n\n\n\n<p>Si mis padres no han sido buenos, debo buscar perdonarlos, ya que Dios me ha dado la gracia de conocer a Jesucristo, y as\u00ed como el Se\u00f1or muri\u00f3 en la Cruz para perdonar mis muchos pecados, yo debo buscar perdonar al pr\u00f3jimo, incluso a mis padres. Tambi\u00e9n puedo aprender del mal ejemplo de ellos para no repetir esos mismos errores con mis hijos.<\/p>\n\n\n\n<p>Si mis padres o mi madre ya no viven, todav\u00eda puedo hacer algo por ellos, y es rezar, ofrecer la Misa por su salvaci\u00f3n eterna, y mantenerlos en mis plegarias todos los d\u00edas de mi vida. Nunca debo perder la esperanza de volver a reencontrarlos en la vida eterna, ya que no est\u00e1n muertos sino que est\u00e1n en las manos de Dios. La esperanza de volver a encontrarlos en la vida eterna nunca debe extinguirse.<\/p>\n\n\n\n<p>Una particular menci\u00f3n merecen las madres que han perdido sus hijos, por el motivo que fuere. No dejan de ser madres, pues Dios tiene en sus manos a sus ni\u00f1os. Es un dolor muy grande la p\u00e9rdida de un hijo, pero siempre despu\u00e9s de la pasi\u00f3n y muerte viene la resurrecci\u00f3n. Nunca pierdan la esperanza de la vida eterna, que es una llama que les ayudar\u00e1 a ser fieles a Dios en \u00f3rden a, si en su misericordia el Se\u00f1or lo permite, volver a reencontrar a sus ni\u00f1os luego de esta vida terrenal. Si Cristo est\u00e1 con nosotros, qui\u00e9n contra nosotros. Nunca dejen de confiar en Aquel que hace nuevas todas las cosas.<\/p>\n\n\n\n<p>Cristo dijo en el Evangelio de hoy: \u201cyo soy el camino, la verdad y la vida\u201d. Queridas madres, que Cristo sea el centro de sus familias, y que la Sagrada Familia de Jes\u00fas, Mar\u00eda y Jos\u00e9 sea el modelo a seguir para cada una de ustedes. Gracias madres, por ser todo lo que son, pero por sobre todas las cosas, por ser madres. Feliz d\u00eda a todas las madres, en especial a la Madre de las Madres, la Madre de Dios y Madre Nuestra, la Sant\u00edsima Virgen Mar\u00eda. Las abrazo a todas con todo mi coraz\u00f3n y les agradezco por haber elegido ser madres, sea biol\u00f3gicas o espirituales, como es el caso de las religiosas.<\/p>\n","protected":false},"excerpt":{"rendered":"<p>Queridos hermanos, me gustar\u00eda empezar este serm\u00f3n, hablando de las madres. \u00bfQu\u00e9 es lo que es una madre? Yo creo que aunque reuni\u00e9semos todo lo que sobre ella se ha escrito, nos quedar\u00edamos cortos al describirla. Voy a contarles una an\u00e9cdota de mi mam\u00e1, que yo no me la acuerdo, pero ella siempre me la [&hellip;]<\/p>\n","protected":false},"author":1,"featured_media":107,"comment_status":"closed","ping_status":"open","sticky":true,"template":"","format":"standard","meta":{"_et_pb_use_builder":"off","_et_pb_old_content":"","_et_gb_content_width":"","footnotes":""},"categories":[6],"tags":[8,7,9],"class_list":["post-79","post","type-post","status-publish","format-standard","has-post-thumbnail","hentry","category-homilias","tag-catolica","tag-madre","tag-maternidad"],"yoast_head":"<!-- This site is optimized with the Yoast SEO plugin v27.5 - https:\/\/yoast.com\/product\/yoast-seo-wordpress\/ -->\n<title>Lo que es una madre - academiacatolica.com | Hacia la contemplaci\u00f3n de la verdad<\/title>\n<meta name=\"robots\" content=\"index, follow, max-snippet:-1, max-image-preview:large, max-video-preview:-1\" \/>\n<link rel=\"canonical\" href=\"https:\/\/academiacatolica.com\/index.php\/2024\/03\/07\/lo-que-es-una-madre\/\" \/>\n<meta property=\"og:locale\" content=\"es_ES\" \/>\n<meta property=\"og:type\" content=\"article\" \/>\n<meta property=\"og:title\" content=\"Lo que es una madre - academiacatolica.com | Hacia la contemplaci\u00f3n de la verdad\" \/>\n<meta property=\"og:description\" content=\"Queridos hermanos, me gustar\u00eda empezar este serm\u00f3n, hablando de las madres. \u00bfQu\u00e9 es lo que es una madre? Yo creo que aunque reuni\u00e9semos todo lo que sobre ella se ha escrito, nos quedar\u00edamos cortos al describirla. Voy a contarles una an\u00e9cdota de mi mam\u00e1, que yo no me la acuerdo, pero ella siempre me la [&hellip;]\" \/>\n<meta property=\"og:url\" content=\"https:\/\/academiacatolica.com\/index.php\/2024\/03\/07\/lo-que-es-una-madre\/\" \/>\n<meta property=\"og:site_name\" content=\"academiacatolica.com | Hacia la contemplaci\u00f3n de la verdad\" \/>\n<meta property=\"article:published_time\" content=\"2024-03-07T21:06:45+00:00\" \/>\n<meta property=\"article:modified_time\" content=\"2025-01-01T16:28:33+00:00\" \/>\n<meta property=\"og:image\" content=\"https:\/\/academiacatolica.com\/wp-content\/uploads\/2024\/03\/lo-que-es-una-madre-1024x614.png\" \/>\n\t<meta property=\"og:image:width\" content=\"1024\" \/>\n\t<meta property=\"og:image:height\" content=\"614\" \/>\n\t<meta property=\"og:image:type\" content=\"image\/png\" \/>\n<meta name=\"author\" content=\"academiacatolica.com\" \/>\n<meta name=\"twitter:card\" content=\"summary_large_image\" \/>\n<meta name=\"twitter:label1\" content=\"Escrito por\" \/>\n\t<meta name=\"twitter:data1\" content=\"academiacatolica.com\" \/>\n\t<meta name=\"twitter:label2\" content=\"Tiempo de lectura\" \/>\n\t<meta name=\"twitter:data2\" content=\"10 minutos\" \/>\n<script type=\"application\/ld+json\" class=\"yoast-schema-graph\">{\"@context\":\"https:\\\/\\\/schema.org\",\"@graph\":[{\"@type\":\"Article\",\"@id\":\"https:\\\/\\\/academiacatolica.com\\\/index.php\\\/2024\\\/03\\\/07\\\/lo-que-es-una-madre\\\/#article\",\"isPartOf\":{\"@id\":\"https:\\\/\\\/academiacatolica.com\\\/index.php\\\/2024\\\/03\\\/07\\\/lo-que-es-una-madre\\\/\"},\"author\":{\"name\":\"academiacatolica.com\",\"@id\":\"https:\\\/\\\/academiacatolica.com\\\/#\\\/schema\\\/person\\\/5be95da788414a993cef27f151ffd640\"},\"headline\":\"Lo que es una madre\",\"datePublished\":\"2024-03-07T21:06:45+00:00\",\"dateModified\":\"2025-01-01T16:28:33+00:00\",\"mainEntityOfPage\":{\"@id\":\"https:\\\/\\\/academiacatolica.com\\\/index.php\\\/2024\\\/03\\\/07\\\/lo-que-es-una-madre\\\/\"},\"wordCount\":1912,\"image\":{\"@id\":\"https:\\\/\\\/academiacatolica.com\\\/index.php\\\/2024\\\/03\\\/07\\\/lo-que-es-una-madre\\\/#primaryimage\"},\"thumbnailUrl\":\"https:\\\/\\\/academiacatolica.com\\\/wp-content\\\/uploads\\\/2024\\\/03\\\/lo-que-es-una-madre.png\",\"keywords\":[\"catolica\",\"madre\",\"maternidad\"],\"articleSection\":[\"Homilias\"],\"inLanguage\":\"es\"},{\"@type\":\"WebPage\",\"@id\":\"https:\\\/\\\/academiacatolica.com\\\/index.php\\\/2024\\\/03\\\/07\\\/lo-que-es-una-madre\\\/\",\"url\":\"https:\\\/\\\/academiacatolica.com\\\/index.php\\\/2024\\\/03\\\/07\\\/lo-que-es-una-madre\\\/\",\"name\":\"Lo que es una madre - academiacatolica.com | Hacia la contemplaci\u00f3n de la verdad\",\"isPartOf\":{\"@id\":\"https:\\\/\\\/academiacatolica.com\\\/#website\"},\"primaryImageOfPage\":{\"@id\":\"https:\\\/\\\/academiacatolica.com\\\/index.php\\\/2024\\\/03\\\/07\\\/lo-que-es-una-madre\\\/#primaryimage\"},\"image\":{\"@id\":\"https:\\\/\\\/academiacatolica.com\\\/index.php\\\/2024\\\/03\\\/07\\\/lo-que-es-una-madre\\\/#primaryimage\"},\"thumbnailUrl\":\"https:\\\/\\\/academiacatolica.com\\\/wp-content\\\/uploads\\\/2024\\\/03\\\/lo-que-es-una-madre.png\",\"datePublished\":\"2024-03-07T21:06:45+00:00\",\"dateModified\":\"2025-01-01T16:28:33+00:00\",\"author\":{\"@id\":\"https:\\\/\\\/academiacatolica.com\\\/#\\\/schema\\\/person\\\/5be95da788414a993cef27f151ffd640\"},\"breadcrumb\":{\"@id\":\"https:\\\/\\\/academiacatolica.com\\\/index.php\\\/2024\\\/03\\\/07\\\/lo-que-es-una-madre\\\/#breadcrumb\"},\"inLanguage\":\"es\",\"potentialAction\":[{\"@type\":\"ReadAction\",\"target\":[\"https:\\\/\\\/academiacatolica.com\\\/index.php\\\/2024\\\/03\\\/07\\\/lo-que-es-una-madre\\\/\"]}]},{\"@type\":\"ImageObject\",\"inLanguage\":\"es\",\"@id\":\"https:\\\/\\\/academiacatolica.com\\\/index.php\\\/2024\\\/03\\\/07\\\/lo-que-es-una-madre\\\/#primaryimage\",\"url\":\"https:\\\/\\\/academiacatolica.com\\\/wp-content\\\/uploads\\\/2024\\\/03\\\/lo-que-es-una-madre.png\",\"contentUrl\":\"https:\\\/\\\/academiacatolica.com\\\/wp-content\\\/uploads\\\/2024\\\/03\\\/lo-que-es-una-madre.png\",\"width\":2500,\"height\":1500,\"caption\":\"@simeonchatzilidis maternidad, mother\"},{\"@type\":\"BreadcrumbList\",\"@id\":\"https:\\\/\\\/academiacatolica.com\\\/index.php\\\/2024\\\/03\\\/07\\\/lo-que-es-una-madre\\\/#breadcrumb\",\"itemListElement\":[{\"@type\":\"ListItem\",\"position\":1,\"name\":\"Home\",\"item\":\"https:\\\/\\\/academiacatolica.com\\\/\"},{\"@type\":\"ListItem\",\"position\":2,\"name\":\"Lo que es una madre\"}]},{\"@type\":\"WebSite\",\"@id\":\"https:\\\/\\\/academiacatolica.com\\\/#website\",\"url\":\"https:\\\/\\\/academiacatolica.com\\\/\",\"name\":\"academiacatolica.com | Hacia la contemplaci\u00f3n de la verdad\",\"description\":\"P\u00e1gina Web Oficial del P. Tom\u00e1s Agust\u00edn Beroch - Catequesis digital\",\"potentialAction\":[{\"@type\":\"SearchAction\",\"target\":{\"@type\":\"EntryPoint\",\"urlTemplate\":\"https:\\\/\\\/academiacatolica.com\\\/?s={search_term_string}\"},\"query-input\":{\"@type\":\"PropertyValueSpecification\",\"valueRequired\":true,\"valueName\":\"search_term_string\"}}],\"inLanguage\":\"es\"},{\"@type\":\"Person\",\"@id\":\"https:\\\/\\\/academiacatolica.com\\\/#\\\/schema\\\/person\\\/5be95da788414a993cef27f151ffd640\",\"name\":\"academiacatolica.com\",\"image\":{\"@type\":\"ImageObject\",\"inLanguage\":\"es\",\"@id\":\"https:\\\/\\\/secure.gravatar.com\\\/avatar\\\/b171d0886bae1524505616fe9b8ccc140215749d2de00d9eaf9288f17d5be9d4?s=96&d=mm&r=g\",\"url\":\"https:\\\/\\\/secure.gravatar.com\\\/avatar\\\/b171d0886bae1524505616fe9b8ccc140215749d2de00d9eaf9288f17d5be9d4?s=96&d=mm&r=g\",\"contentUrl\":\"https:\\\/\\\/secure.gravatar.com\\\/avatar\\\/b171d0886bae1524505616fe9b8ccc140215749d2de00d9eaf9288f17d5be9d4?s=96&d=mm&r=g\",\"caption\":\"academiacatolica.com\"},\"sameAs\":[\"https:\\\/\\\/academiacatolica.com\"],\"url\":\"https:\\\/\\\/academiacatolica.com\\\/index.php\\\/author\\\/academiacatolica-com\\\/\"}]}<\/script>\n<!-- \/ Yoast SEO plugin. -->","yoast_head_json":{"title":"Lo que es una madre - academiacatolica.com | Hacia la contemplaci\u00f3n de la verdad","robots":{"index":"index","follow":"follow","max-snippet":"max-snippet:-1","max-image-preview":"max-image-preview:large","max-video-preview":"max-video-preview:-1"},"canonical":"https:\/\/academiacatolica.com\/index.php\/2024\/03\/07\/lo-que-es-una-madre\/","og_locale":"es_ES","og_type":"article","og_title":"Lo que es una madre - academiacatolica.com | Hacia la contemplaci\u00f3n de la verdad","og_description":"Queridos hermanos, me gustar\u00eda empezar este serm\u00f3n, hablando de las madres. \u00bfQu\u00e9 es lo que es una madre? Yo creo que aunque reuni\u00e9semos todo lo que sobre ella se ha escrito, nos quedar\u00edamos cortos al describirla. Voy a contarles una an\u00e9cdota de mi mam\u00e1, que yo no me la acuerdo, pero ella siempre me la [&hellip;]","og_url":"https:\/\/academiacatolica.com\/index.php\/2024\/03\/07\/lo-que-es-una-madre\/","og_site_name":"academiacatolica.com | Hacia la contemplaci\u00f3n de la verdad","article_published_time":"2024-03-07T21:06:45+00:00","article_modified_time":"2025-01-01T16:28:33+00:00","og_image":[{"width":1024,"height":614,"url":"https:\/\/academiacatolica.com\/wp-content\/uploads\/2024\/03\/lo-que-es-una-madre-1024x614.png","type":"image\/png"}],"author":"academiacatolica.com","twitter_card":"summary_large_image","twitter_misc":{"Escrito por":"academiacatolica.com","Tiempo de lectura":"10 minutos"},"schema":{"@context":"https:\/\/schema.org","@graph":[{"@type":"Article","@id":"https:\/\/academiacatolica.com\/index.php\/2024\/03\/07\/lo-que-es-una-madre\/#article","isPartOf":{"@id":"https:\/\/academiacatolica.com\/index.php\/2024\/03\/07\/lo-que-es-una-madre\/"},"author":{"name":"academiacatolica.com","@id":"https:\/\/academiacatolica.com\/#\/schema\/person\/5be95da788414a993cef27f151ffd640"},"headline":"Lo que es una madre","datePublished":"2024-03-07T21:06:45+00:00","dateModified":"2025-01-01T16:28:33+00:00","mainEntityOfPage":{"@id":"https:\/\/academiacatolica.com\/index.php\/2024\/03\/07\/lo-que-es-una-madre\/"},"wordCount":1912,"image":{"@id":"https:\/\/academiacatolica.com\/index.php\/2024\/03\/07\/lo-que-es-una-madre\/#primaryimage"},"thumbnailUrl":"https:\/\/academiacatolica.com\/wp-content\/uploads\/2024\/03\/lo-que-es-una-madre.png","keywords":["catolica","madre","maternidad"],"articleSection":["Homilias"],"inLanguage":"es"},{"@type":"WebPage","@id":"https:\/\/academiacatolica.com\/index.php\/2024\/03\/07\/lo-que-es-una-madre\/","url":"https:\/\/academiacatolica.com\/index.php\/2024\/03\/07\/lo-que-es-una-madre\/","name":"Lo que es una madre - academiacatolica.com | Hacia la contemplaci\u00f3n de la verdad","isPartOf":{"@id":"https:\/\/academiacatolica.com\/#website"},"primaryImageOfPage":{"@id":"https:\/\/academiacatolica.com\/index.php\/2024\/03\/07\/lo-que-es-una-madre\/#primaryimage"},"image":{"@id":"https:\/\/academiacatolica.com\/index.php\/2024\/03\/07\/lo-que-es-una-madre\/#primaryimage"},"thumbnailUrl":"https:\/\/academiacatolica.com\/wp-content\/uploads\/2024\/03\/lo-que-es-una-madre.png","datePublished":"2024-03-07T21:06:45+00:00","dateModified":"2025-01-01T16:28:33+00:00","author":{"@id":"https:\/\/academiacatolica.com\/#\/schema\/person\/5be95da788414a993cef27f151ffd640"},"breadcrumb":{"@id":"https:\/\/academiacatolica.com\/index.php\/2024\/03\/07\/lo-que-es-una-madre\/#breadcrumb"},"inLanguage":"es","potentialAction":[{"@type":"ReadAction","target":["https:\/\/academiacatolica.com\/index.php\/2024\/03\/07\/lo-que-es-una-madre\/"]}]},{"@type":"ImageObject","inLanguage":"es","@id":"https:\/\/academiacatolica.com\/index.php\/2024\/03\/07\/lo-que-es-una-madre\/#primaryimage","url":"https:\/\/academiacatolica.com\/wp-content\/uploads\/2024\/03\/lo-que-es-una-madre.png","contentUrl":"https:\/\/academiacatolica.com\/wp-content\/uploads\/2024\/03\/lo-que-es-una-madre.png","width":2500,"height":1500,"caption":"@simeonchatzilidis maternidad, mother"},{"@type":"BreadcrumbList","@id":"https:\/\/academiacatolica.com\/index.php\/2024\/03\/07\/lo-que-es-una-madre\/#breadcrumb","itemListElement":[{"@type":"ListItem","position":1,"name":"Home","item":"https:\/\/academiacatolica.com\/"},{"@type":"ListItem","position":2,"name":"Lo que es una madre"}]},{"@type":"WebSite","@id":"https:\/\/academiacatolica.com\/#website","url":"https:\/\/academiacatolica.com\/","name":"academiacatolica.com | Hacia la contemplaci\u00f3n de la verdad","description":"P\u00e1gina Web Oficial del P. Tom\u00e1s Agust\u00edn Beroch - Catequesis digital","potentialAction":[{"@type":"SearchAction","target":{"@type":"EntryPoint","urlTemplate":"https:\/\/academiacatolica.com\/?s={search_term_string}"},"query-input":{"@type":"PropertyValueSpecification","valueRequired":true,"valueName":"search_term_string"}}],"inLanguage":"es"},{"@type":"Person","@id":"https:\/\/academiacatolica.com\/#\/schema\/person\/5be95da788414a993cef27f151ffd640","name":"academiacatolica.com","image":{"@type":"ImageObject","inLanguage":"es","@id":"https:\/\/secure.gravatar.com\/avatar\/b171d0886bae1524505616fe9b8ccc140215749d2de00d9eaf9288f17d5be9d4?s=96&d=mm&r=g","url":"https:\/\/secure.gravatar.com\/avatar\/b171d0886bae1524505616fe9b8ccc140215749d2de00d9eaf9288f17d5be9d4?s=96&d=mm&r=g","contentUrl":"https:\/\/secure.gravatar.com\/avatar\/b171d0886bae1524505616fe9b8ccc140215749d2de00d9eaf9288f17d5be9d4?s=96&d=mm&r=g","caption":"academiacatolica.com"},"sameAs":["https:\/\/academiacatolica.com"],"url":"https:\/\/academiacatolica.com\/index.php\/author\/academiacatolica-com\/"}]}},"_links":{"self":[{"href":"https:\/\/academiacatolica.com\/index.php\/wp-json\/wp\/v2\/posts\/79","targetHints":{"allow":["GET"]}}],"collection":[{"href":"https:\/\/academiacatolica.com\/index.php\/wp-json\/wp\/v2\/posts"}],"about":[{"href":"https:\/\/academiacatolica.com\/index.php\/wp-json\/wp\/v2\/types\/post"}],"author":[{"embeddable":true,"href":"https:\/\/academiacatolica.com\/index.php\/wp-json\/wp\/v2\/users\/1"}],"replies":[{"embeddable":true,"href":"https:\/\/academiacatolica.com\/index.php\/wp-json\/wp\/v2\/comments?post=79"}],"version-history":[{"count":3,"href":"https:\/\/academiacatolica.com\/index.php\/wp-json\/wp\/v2\/posts\/79\/revisions"}],"predecessor-version":[{"id":82,"href":"https:\/\/academiacatolica.com\/index.php\/wp-json\/wp\/v2\/posts\/79\/revisions\/82"}],"wp:featuredmedia":[{"embeddable":true,"href":"https:\/\/academiacatolica.com\/index.php\/wp-json\/wp\/v2\/media\/107"}],"wp:attachment":[{"href":"https:\/\/academiacatolica.com\/index.php\/wp-json\/wp\/v2\/media?parent=79"}],"wp:term":[{"taxonomy":"category","embeddable":true,"href":"https:\/\/academiacatolica.com\/index.php\/wp-json\/wp\/v2\/categories?post=79"},{"taxonomy":"post_tag","embeddable":true,"href":"https:\/\/academiacatolica.com\/index.php\/wp-json\/wp\/v2\/tags?post=79"}],"curies":[{"name":"wp","href":"https:\/\/api.w.org\/{rel}","templated":true}]}}