{"id":86,"date":"2024-03-07T16:32:30","date_gmt":"2024-03-07T21:32:30","guid":{"rendered":"https:\/\/academiacatolica.com\/?p=86"},"modified":"2025-01-01T11:28:33","modified_gmt":"2025-01-01T16:28:33","slug":"homilia-de-reflexion-sobre-la-parabola-del-sembrador","status":"publish","type":"post","link":"https:\/\/academiacatolica.com\/index.php\/2024\/03\/07\/homilia-de-reflexion-sobre-la-parabola-del-sembrador\/","title":{"rendered":"Homilia de Reflexi\u00f3n sobre la par\u00e1bola del sembrador"},"content":{"rendered":"\n<p>Cuando hablamos de la par\u00e1bola del sembrador, podr\u00edamos decir muchas cosas. Como no podemos predicar por dos horas, vamos a concentrarnos en la parte del Evangelio que nos habla de la palabra de Dios que es sembrada entre las espinas. El sembrador es Jesucristo, y \u00e9l siembra su palabra. Pero la palabra que es sembrada entre las espinas son aquellas personas que est\u00e1n m\u00e1s preocupadas por el dinero, por los bienes materiales, por el poder, por las cosas de la vida y nunca se acuerdan de Dios. Esas personas siempre tienen tiempo para todo, menos para el Se\u00f1or.<\/p>\n\n\n\n<p>Recuerdo una vez en Italia que un padre vino llorando a hablar conmigo. Me dijo que su hijo le hab\u00eda roto el coraz\u00f3n porque le remarc\u00f3 que lo que hab\u00eda aprendido de \u00e9l era solo lo que no deb\u00eda ser como padre, ya que, seg\u00fan su hijo, \u00e9l era uno de los peores padres sobre la faz de la tierra. De hecho, el hombre me dijo que cuando su ni\u00f1o era peque\u00f1o, \u00e9l siempre estaba ocupado. Su hijo le dec\u00eda: \u201cpap\u00e1, \u00bfpodemos jugar al f\u00fatbol?\u201d y su respuesta era \u201cno hijo, estoy ocupado con mi trabajo\u201d.\u201dPap\u00e1, \u00bfpuedes ayudarme con la tarea de la escuela?\u201d \u201cNo hijo, tengo una reuni\u00f3n ahorita\u201d. \u201cPap\u00e1, \u00bfpodemos cenar juntos esta noche?\u201d \u201cNo hijo, debo ocuparme de mis amigos\u201d. Este hombre siempre ten\u00eda un pero o una excusa para no pasar tiempo con su familia y con su hijo. De hecho, perdi\u00f3 todo, perdi\u00f3 sus hijos y su esposa, y este hijo ni siquiera lo invit\u00f3 a la boda.<\/p>\n\n\n\n<p>Esto es un ejemplo de la actitud que nosotros podemos tener con Dios. Hoy mucha gente no va a Misa porque est\u00e1 con miedo por el COVID19. El tema es que mientras no vamos a la iglesia, si vamos a fiestas y restaurantes, que a veces toman menos medidas de seguridad de las que tomamos nosotros aqu\u00ed. Aqu\u00ed en la iglesia adem\u00e1s est\u00e1 Jes\u00fas que nos cuida y protege, y \u00e9l puede realizar muchos milagros en nuestras vidas si confiamos en su misericordia. Pero si no venimos a la iglesia por estar preocupados por el coronavirus, tampoco deber\u00edamos ir a fiestas o restaurantes. Tenemos que ser coherentes con la fe que profesamos, y Dios debe ser puesto en primer lugar.<\/p>\n\n\n\n<p>Algunas personas tampoco salen de su casa porque solo salen para cosas esenciales. Ellos dicen que lo esencial es la comida y la medicina. Sin embargo, \u00bfqu\u00e9 hay de la confesi\u00f3n? \u00bfpensamos que eso no es esencial? La confesi\u00f3n es tan esencial como la comida y la bebida o la medicina, porque ese sacramento es la medicina de Dios para nuestra alma. Si no nos arrepentimos de nuestros pecados no podemos vivir en gracia, y aqu\u00ed la confesi\u00f3n se hace de modo seguro, ya que es abajo del pabell\u00f3n del colegio y al aire libre. Si no consideramos la confesi\u00f3n de nuestros pecados algo esencial, entonces no entendemos lo que realmente es importante en nuestras vidas, y tendr\u00edamos una noci\u00f3n muy errada de las prioridades de nuestra vida.<\/p>\n\n\n\n<p>En nuestras vidas podemos olvidarnos de muchas cosas, pero nunca jam\u00e1s nos tenemos que olvidar de Dios. \u00bfQu\u00e9 sucede si nos morimos el d\u00eda de ma\u00f1ana y el Se\u00f1or nos pregunta porqu\u00e9 deber\u00eda dejarnos entrar en el reino de los cielo? \u00bfVamos a responderle \u201cSe\u00f1or, yo no fui a Misa, ni rec\u00e9 ni me confes\u00e9, pero fui un buen hombre. No mate ni robe ni le hice da\u00f1o a nadie\u201d? Jesucristo puede respondernos: \u201csi eres bueno, es porque yo te hice participar de mi bondad. Yo te d\u00ed todo lo que tienes, tu esposa, tus hijos, tu familia, tu trabajo, tu dinero, todo. Tambi\u00e9n me hice hombre y mor\u00ed en la cruz por ti. T\u00fa antes de irte a dormir te la pasaste mirando televisi\u00f3n y gastaste mucho tiempo en las redes sociales. No obstante, no fuiste capaz de rezar ni siquiera un Ave Mar\u00eda ni ocupar un minuto de tu tiempo en mi presencia. Cuando no estaba el problema con el COVID19 decidiste no ir a Misa por mirar un partido de f\u00fatbol, y durante el problema del COVID19 dijiste que no ibas a Misa porque ten\u00edas miedo del virus, pero no tuviste ning\u00fan problema en ir a fiestas o restaurantes. No me diste prioridad en tu vida, por lo que no veo porque yo deba dejarte entrar en el reino de los cielos.<\/p>\n\n\n\n<p>Queridos hermanos\/as, si no hemos recordado al Se\u00f1or durante toda nuestra vida, todav\u00eda tenemos tiempo de hacerlo. El Se\u00f1or es misericordioso y \u00e9l nos perdona inclusive en el \u00faltimo minuto de nuestra vida. Pero debemos empezar ahora, no debemos esperar hasta el d\u00eda de ma\u00f1ana, porque puede ser muy tarde. El Se\u00f1or nos ama y quiere que todos nos salvemos, pero debemos tambi\u00e9n corresponder a su amor con nuestras palabras y obras. En nuestro coraz\u00f3n hay un solo lugar, y le pertenece a Dios o al demonio. Si queremos darle ese lugar a Jesucristo, debemos probarlo con nuestras palabras pero tambi\u00e9n con nuestras obras.<\/p>\n\n\n\n<p>Que la Virgen Mar\u00eda nos ayude y nos de la gracia de permitirle a Jesucristo entrar en nuestros corazones y almas. Que \u00e9l sea nuestro Dios y Se\u00f1or, y el due\u00f1o de nuestras vidas.<\/p>\n","protected":false},"excerpt":{"rendered":"<p>Cuando hablamos de la par\u00e1bola del sembrador, podr\u00edamos decir muchas cosas. Como no podemos predicar por dos horas, vamos a concentrarnos en la parte del Evangelio que nos habla de la palabra de Dios que es sembrada entre las espinas. El sembrador es Jesucristo, y \u00e9l siembra su palabra. Pero la palabra que es sembrada [&hellip;]<\/p>\n","protected":false},"author":1,"featured_media":0,"comment_status":"closed","ping_status":"open","sticky":false,"template":"","format":"standard","meta":{"_et_pb_use_builder":"off","_et_pb_old_content":"","_et_gb_content_width":"","footnotes":""},"categories":[6],"tags":[],"class_list":["post-86","post","type-post","status-publish","format-standard","hentry","category-homilias"],"yoast_head":"<!-- This site is optimized with the Yoast SEO plugin v27.5 - https:\/\/yoast.com\/product\/yoast-seo-wordpress\/ -->\n<title>Homilia de Reflexi\u00f3n sobre la par\u00e1bola del sembrador - academiacatolica.com | Hacia la contemplaci\u00f3n de la verdad<\/title>\n<meta name=\"robots\" content=\"index, follow, max-snippet:-1, max-image-preview:large, max-video-preview:-1\" \/>\n<link rel=\"canonical\" href=\"https:\/\/academiacatolica.com\/index.php\/2024\/03\/07\/homilia-de-reflexion-sobre-la-parabola-del-sembrador\/\" \/>\n<meta property=\"og:locale\" content=\"es_ES\" \/>\n<meta property=\"og:type\" content=\"article\" \/>\n<meta property=\"og:title\" content=\"Homilia de Reflexi\u00f3n sobre la par\u00e1bola del sembrador - academiacatolica.com | Hacia la contemplaci\u00f3n de la verdad\" \/>\n<meta property=\"og:description\" content=\"Cuando hablamos de la par\u00e1bola del sembrador, podr\u00edamos decir muchas cosas. Como no podemos predicar por dos horas, vamos a concentrarnos en la parte del Evangelio que nos habla de la palabra de Dios que es sembrada entre las espinas. El sembrador es Jesucristo, y \u00e9l siembra su palabra. Pero la palabra que es sembrada [&hellip;]\" \/>\n<meta property=\"og:url\" content=\"https:\/\/academiacatolica.com\/index.php\/2024\/03\/07\/homilia-de-reflexion-sobre-la-parabola-del-sembrador\/\" \/>\n<meta property=\"og:site_name\" content=\"academiacatolica.com | Hacia la contemplaci\u00f3n de la verdad\" \/>\n<meta property=\"article:published_time\" content=\"2024-03-07T21:32:30+00:00\" \/>\n<meta property=\"article:modified_time\" content=\"2025-01-01T16:28:33+00:00\" \/>\n<meta name=\"author\" content=\"academiacatolica.com\" \/>\n<meta name=\"twitter:card\" content=\"summary_large_image\" \/>\n<meta name=\"twitter:label1\" content=\"Escrito por\" \/>\n\t<meta name=\"twitter:data1\" content=\"academiacatolica.com\" \/>\n\t<meta name=\"twitter:label2\" content=\"Tiempo de lectura\" \/>\n\t<meta name=\"twitter:data2\" content=\"5 minutos\" \/>\n<script type=\"application\/ld+json\" class=\"yoast-schema-graph\">{\"@context\":\"https:\\\/\\\/schema.org\",\"@graph\":[{\"@type\":\"Article\",\"@id\":\"https:\\\/\\\/academiacatolica.com\\\/index.php\\\/2024\\\/03\\\/07\\\/homilia-de-reflexion-sobre-la-parabola-del-sembrador\\\/#article\",\"isPartOf\":{\"@id\":\"https:\\\/\\\/academiacatolica.com\\\/index.php\\\/2024\\\/03\\\/07\\\/homilia-de-reflexion-sobre-la-parabola-del-sembrador\\\/\"},\"author\":{\"name\":\"academiacatolica.com\",\"@id\":\"https:\\\/\\\/academiacatolica.com\\\/#\\\/schema\\\/person\\\/5be95da788414a993cef27f151ffd640\"},\"headline\":\"Homilia de Reflexi\u00f3n sobre la par\u00e1bola del sembrador\",\"datePublished\":\"2024-03-07T21:32:30+00:00\",\"dateModified\":\"2025-01-01T16:28:33+00:00\",\"mainEntityOfPage\":{\"@id\":\"https:\\\/\\\/academiacatolica.com\\\/index.php\\\/2024\\\/03\\\/07\\\/homilia-de-reflexion-sobre-la-parabola-del-sembrador\\\/\"},\"wordCount\":935,\"articleSection\":[\"Homilias\"],\"inLanguage\":\"es\"},{\"@type\":\"WebPage\",\"@id\":\"https:\\\/\\\/academiacatolica.com\\\/index.php\\\/2024\\\/03\\\/07\\\/homilia-de-reflexion-sobre-la-parabola-del-sembrador\\\/\",\"url\":\"https:\\\/\\\/academiacatolica.com\\\/index.php\\\/2024\\\/03\\\/07\\\/homilia-de-reflexion-sobre-la-parabola-del-sembrador\\\/\",\"name\":\"Homilia de Reflexi\u00f3n sobre la par\u00e1bola del sembrador - academiacatolica.com | Hacia la contemplaci\u00f3n de la verdad\",\"isPartOf\":{\"@id\":\"https:\\\/\\\/academiacatolica.com\\\/#website\"},\"datePublished\":\"2024-03-07T21:32:30+00:00\",\"dateModified\":\"2025-01-01T16:28:33+00:00\",\"author\":{\"@id\":\"https:\\\/\\\/academiacatolica.com\\\/#\\\/schema\\\/person\\\/5be95da788414a993cef27f151ffd640\"},\"breadcrumb\":{\"@id\":\"https:\\\/\\\/academiacatolica.com\\\/index.php\\\/2024\\\/03\\\/07\\\/homilia-de-reflexion-sobre-la-parabola-del-sembrador\\\/#breadcrumb\"},\"inLanguage\":\"es\",\"potentialAction\":[{\"@type\":\"ReadAction\",\"target\":[\"https:\\\/\\\/academiacatolica.com\\\/index.php\\\/2024\\\/03\\\/07\\\/homilia-de-reflexion-sobre-la-parabola-del-sembrador\\\/\"]}]},{\"@type\":\"BreadcrumbList\",\"@id\":\"https:\\\/\\\/academiacatolica.com\\\/index.php\\\/2024\\\/03\\\/07\\\/homilia-de-reflexion-sobre-la-parabola-del-sembrador\\\/#breadcrumb\",\"itemListElement\":[{\"@type\":\"ListItem\",\"position\":1,\"name\":\"Home\",\"item\":\"https:\\\/\\\/academiacatolica.com\\\/\"},{\"@type\":\"ListItem\",\"position\":2,\"name\":\"Homilia de Reflexi\u00f3n sobre la par\u00e1bola del sembrador\"}]},{\"@type\":\"WebSite\",\"@id\":\"https:\\\/\\\/academiacatolica.com\\\/#website\",\"url\":\"https:\\\/\\\/academiacatolica.com\\\/\",\"name\":\"academiacatolica.com | Hacia la contemplaci\u00f3n de la verdad\",\"description\":\"P\u00e1gina Web Oficial del P. Tom\u00e1s Agust\u00edn Beroch - Catequesis digital\",\"potentialAction\":[{\"@type\":\"SearchAction\",\"target\":{\"@type\":\"EntryPoint\",\"urlTemplate\":\"https:\\\/\\\/academiacatolica.com\\\/?s={search_term_string}\"},\"query-input\":{\"@type\":\"PropertyValueSpecification\",\"valueRequired\":true,\"valueName\":\"search_term_string\"}}],\"inLanguage\":\"es\"},{\"@type\":\"Person\",\"@id\":\"https:\\\/\\\/academiacatolica.com\\\/#\\\/schema\\\/person\\\/5be95da788414a993cef27f151ffd640\",\"name\":\"academiacatolica.com\",\"image\":{\"@type\":\"ImageObject\",\"inLanguage\":\"es\",\"@id\":\"https:\\\/\\\/secure.gravatar.com\\\/avatar\\\/b171d0886bae1524505616fe9b8ccc140215749d2de00d9eaf9288f17d5be9d4?s=96&d=mm&r=g\",\"url\":\"https:\\\/\\\/secure.gravatar.com\\\/avatar\\\/b171d0886bae1524505616fe9b8ccc140215749d2de00d9eaf9288f17d5be9d4?s=96&d=mm&r=g\",\"contentUrl\":\"https:\\\/\\\/secure.gravatar.com\\\/avatar\\\/b171d0886bae1524505616fe9b8ccc140215749d2de00d9eaf9288f17d5be9d4?s=96&d=mm&r=g\",\"caption\":\"academiacatolica.com\"},\"sameAs\":[\"https:\\\/\\\/academiacatolica.com\"],\"url\":\"https:\\\/\\\/academiacatolica.com\\\/index.php\\\/author\\\/academiacatolica-com\\\/\"}]}<\/script>\n<!-- \/ Yoast SEO plugin. -->","yoast_head_json":{"title":"Homilia de Reflexi\u00f3n sobre la par\u00e1bola del sembrador - academiacatolica.com | Hacia la contemplaci\u00f3n de la verdad","robots":{"index":"index","follow":"follow","max-snippet":"max-snippet:-1","max-image-preview":"max-image-preview:large","max-video-preview":"max-video-preview:-1"},"canonical":"https:\/\/academiacatolica.com\/index.php\/2024\/03\/07\/homilia-de-reflexion-sobre-la-parabola-del-sembrador\/","og_locale":"es_ES","og_type":"article","og_title":"Homilia de Reflexi\u00f3n sobre la par\u00e1bola del sembrador - academiacatolica.com | Hacia la contemplaci\u00f3n de la verdad","og_description":"Cuando hablamos de la par\u00e1bola del sembrador, podr\u00edamos decir muchas cosas. Como no podemos predicar por dos horas, vamos a concentrarnos en la parte del Evangelio que nos habla de la palabra de Dios que es sembrada entre las espinas. El sembrador es Jesucristo, y \u00e9l siembra su palabra. Pero la palabra que es sembrada [&hellip;]","og_url":"https:\/\/academiacatolica.com\/index.php\/2024\/03\/07\/homilia-de-reflexion-sobre-la-parabola-del-sembrador\/","og_site_name":"academiacatolica.com | Hacia la contemplaci\u00f3n de la verdad","article_published_time":"2024-03-07T21:32:30+00:00","article_modified_time":"2025-01-01T16:28:33+00:00","author":"academiacatolica.com","twitter_card":"summary_large_image","twitter_misc":{"Escrito por":"academiacatolica.com","Tiempo de lectura":"5 minutos"},"schema":{"@context":"https:\/\/schema.org","@graph":[{"@type":"Article","@id":"https:\/\/academiacatolica.com\/index.php\/2024\/03\/07\/homilia-de-reflexion-sobre-la-parabola-del-sembrador\/#article","isPartOf":{"@id":"https:\/\/academiacatolica.com\/index.php\/2024\/03\/07\/homilia-de-reflexion-sobre-la-parabola-del-sembrador\/"},"author":{"name":"academiacatolica.com","@id":"https:\/\/academiacatolica.com\/#\/schema\/person\/5be95da788414a993cef27f151ffd640"},"headline":"Homilia de Reflexi\u00f3n sobre la par\u00e1bola del sembrador","datePublished":"2024-03-07T21:32:30+00:00","dateModified":"2025-01-01T16:28:33+00:00","mainEntityOfPage":{"@id":"https:\/\/academiacatolica.com\/index.php\/2024\/03\/07\/homilia-de-reflexion-sobre-la-parabola-del-sembrador\/"},"wordCount":935,"articleSection":["Homilias"],"inLanguage":"es"},{"@type":"WebPage","@id":"https:\/\/academiacatolica.com\/index.php\/2024\/03\/07\/homilia-de-reflexion-sobre-la-parabola-del-sembrador\/","url":"https:\/\/academiacatolica.com\/index.php\/2024\/03\/07\/homilia-de-reflexion-sobre-la-parabola-del-sembrador\/","name":"Homilia de Reflexi\u00f3n sobre la par\u00e1bola del sembrador - academiacatolica.com | Hacia la contemplaci\u00f3n de la verdad","isPartOf":{"@id":"https:\/\/academiacatolica.com\/#website"},"datePublished":"2024-03-07T21:32:30+00:00","dateModified":"2025-01-01T16:28:33+00:00","author":{"@id":"https:\/\/academiacatolica.com\/#\/schema\/person\/5be95da788414a993cef27f151ffd640"},"breadcrumb":{"@id":"https:\/\/academiacatolica.com\/index.php\/2024\/03\/07\/homilia-de-reflexion-sobre-la-parabola-del-sembrador\/#breadcrumb"},"inLanguage":"es","potentialAction":[{"@type":"ReadAction","target":["https:\/\/academiacatolica.com\/index.php\/2024\/03\/07\/homilia-de-reflexion-sobre-la-parabola-del-sembrador\/"]}]},{"@type":"BreadcrumbList","@id":"https:\/\/academiacatolica.com\/index.php\/2024\/03\/07\/homilia-de-reflexion-sobre-la-parabola-del-sembrador\/#breadcrumb","itemListElement":[{"@type":"ListItem","position":1,"name":"Home","item":"https:\/\/academiacatolica.com\/"},{"@type":"ListItem","position":2,"name":"Homilia de Reflexi\u00f3n sobre la par\u00e1bola del sembrador"}]},{"@type":"WebSite","@id":"https:\/\/academiacatolica.com\/#website","url":"https:\/\/academiacatolica.com\/","name":"academiacatolica.com | Hacia la contemplaci\u00f3n de la verdad","description":"P\u00e1gina Web Oficial del P. Tom\u00e1s Agust\u00edn Beroch - Catequesis digital","potentialAction":[{"@type":"SearchAction","target":{"@type":"EntryPoint","urlTemplate":"https:\/\/academiacatolica.com\/?s={search_term_string}"},"query-input":{"@type":"PropertyValueSpecification","valueRequired":true,"valueName":"search_term_string"}}],"inLanguage":"es"},{"@type":"Person","@id":"https:\/\/academiacatolica.com\/#\/schema\/person\/5be95da788414a993cef27f151ffd640","name":"academiacatolica.com","image":{"@type":"ImageObject","inLanguage":"es","@id":"https:\/\/secure.gravatar.com\/avatar\/b171d0886bae1524505616fe9b8ccc140215749d2de00d9eaf9288f17d5be9d4?s=96&d=mm&r=g","url":"https:\/\/secure.gravatar.com\/avatar\/b171d0886bae1524505616fe9b8ccc140215749d2de00d9eaf9288f17d5be9d4?s=96&d=mm&r=g","contentUrl":"https:\/\/secure.gravatar.com\/avatar\/b171d0886bae1524505616fe9b8ccc140215749d2de00d9eaf9288f17d5be9d4?s=96&d=mm&r=g","caption":"academiacatolica.com"},"sameAs":["https:\/\/academiacatolica.com"],"url":"https:\/\/academiacatolica.com\/index.php\/author\/academiacatolica-com\/"}]}},"_links":{"self":[{"href":"https:\/\/academiacatolica.com\/index.php\/wp-json\/wp\/v2\/posts\/86","targetHints":{"allow":["GET"]}}],"collection":[{"href":"https:\/\/academiacatolica.com\/index.php\/wp-json\/wp\/v2\/posts"}],"about":[{"href":"https:\/\/academiacatolica.com\/index.php\/wp-json\/wp\/v2\/types\/post"}],"author":[{"embeddable":true,"href":"https:\/\/academiacatolica.com\/index.php\/wp-json\/wp\/v2\/users\/1"}],"replies":[{"embeddable":true,"href":"https:\/\/academiacatolica.com\/index.php\/wp-json\/wp\/v2\/comments?post=86"}],"version-history":[{"count":1,"href":"https:\/\/academiacatolica.com\/index.php\/wp-json\/wp\/v2\/posts\/86\/revisions"}],"predecessor-version":[{"id":87,"href":"https:\/\/academiacatolica.com\/index.php\/wp-json\/wp\/v2\/posts\/86\/revisions\/87"}],"wp:attachment":[{"href":"https:\/\/academiacatolica.com\/index.php\/wp-json\/wp\/v2\/media?parent=86"}],"wp:term":[{"taxonomy":"category","embeddable":true,"href":"https:\/\/academiacatolica.com\/index.php\/wp-json\/wp\/v2\/categories?post=86"},{"taxonomy":"post_tag","embeddable":true,"href":"https:\/\/academiacatolica.com\/index.php\/wp-json\/wp\/v2\/tags?post=86"}],"curies":[{"name":"wp","href":"https:\/\/api.w.org\/{rel}","templated":true}]}}