{"id":88,"date":"2024-03-07T16:36:17","date_gmt":"2024-03-07T21:36:17","guid":{"rendered":"https:\/\/academiacatolica.com\/?p=88"},"modified":"2025-01-01T11:28:33","modified_gmt":"2025-01-01T16:28:33","slug":"domingo-de-las-palmas-pasion-de-nuestro-senor-jesucristo","status":"publish","type":"post","link":"https:\/\/academiacatolica.com\/index.php\/2024\/03\/07\/domingo-de-las-palmas-pasion-de-nuestro-senor-jesucristo\/","title":{"rendered":"Domingo de las palmas: Pasi\u00f3n de Nuestro Se\u00f1or Jesucristo"},"content":{"rendered":"\n<p>Este domingo de las Palmas est\u00e1 formado por dos frases. La primera es \u201cHosanna\u201d que fue dicho al inicio de la Misa. \u201cHosanna el Hijo de David\u201d. Bendito quien viene en el nombre del Se\u00f1or. La segunda frase es \u201cCrucif\u00edcalo\u201d, esta frase fue gritada por los jud\u00edos delante de Poncio Pilatos. Hosanna y Crucif\u00edcalo. Estas dos expresiones, a una primera vista, podr\u00edan parecer opuestas. Sin embargo, a los ojos de la fe, no son opuestas sino que se complementan.<\/p>\n\n\n\n<p>Cristo entr\u00f3 montado en un burro a Jerusal\u00e9n. Todos los alababan y adulaban. Sin embargo, Cristo, libremente renunci\u00f3 a todas esas alabanzas y adulaciones, y se subi\u00f3 al trono de la Cruz. La Cruz es un signo de humillaci\u00f3n e ignominia en contraste con las palmas que representan gloria y honor. Sin embargo, a trav\u00e9s de del glorioso \u00c1rbol de la Cruz se cumpli\u00f3 la promesa de Salvaci\u00f3n. Gracias a la Cruz, Dios perdon\u00f3 a los hombres sus pecados y se dio inicio al reino mesi\u00e1nico que no tendr\u00e1 fin ni acabar\u00e1 jam\u00e1s.<\/p>\n\n\n\n<p>Queridos hermanos, jam\u00e1s podremos entender la Semana Santa y la Pascua si no reconocemos en ella algo m\u00e1s que un evento hist\u00f3rico. La Semana Santa y la Pascua son m\u00e1s que un evento hist\u00f3rico, podemos decir que son una historia viviente que nos invita a meternos dentro de ella y a vernos completamente reflejados.<\/p>\n\n\n\n<p>Cuando David cometi\u00f3 adulterio con Betsab\u00e9, esta qued\u00f3 embarazada. Luego, el Rey mata a su marido Ur\u00edas injustamente y se casa con ella (ustedes conocen la historia, no hace falta detenerse mucho). David cometi\u00f3 un doble crimen: adulterio y homicidio. Dios manda al profeta Nat\u00e1n para amonestarlo y hacerle entender a David que si no se arrepiente de lo que hizo, ser\u00e1 castigado severamente. Nat\u00e1n, cuando est\u00e1 delante del rey, le cuenta la historia de dos hombres: un que era muy rico y ten\u00eda muchas ovejas y ganado. El otro solo ten\u00eda una oveja a la cual hab\u00eda criado y era para \u00e9l como una hija. Cuando el hombre rico tuvo que recibir en su casa a un hu\u00e9sped, en vez de matar una oveja de su ganado, mata la \u00fanica oveja de este hombre pobre dej\u00e1ndolo sin nada. Ah\u00ed termina la par\u00e1bola contada por el profeta Nat\u00e1n. El rey David se enoja y dice: \u201c!El hombre que hizo esto debe morir! Deber\u00e1 pagar 4 veces m\u00e1s el da\u00f1o que hizo\u201d. Es ah\u00ed cuando el profeta Nat\u00e1n le dice: \u201cTu eres ese hombre\u201d. Y lo rega\u00f1a por el pecado cometido.<\/p>\n\n\n\n<p>Cuando nosotros leemos la Pasi\u00f3n de Nuestro Se\u00f1or Jesucristo, quiz\u00e1s permanezcamos indignados con los personajes como Judas, Poncio Pilatos, el Ap\u00f3stol San Pedro, Herodes, los soldados romanos y dem\u00e1s personajes que crucificaron al Se\u00f1or. Sin embargo, Dios nos responde con las mismas palabras que us\u00f3 el profeta Nat\u00e1n para responderle a David: \u201cTu eres ese hombre\u201d. Tu, yo, \u00e9l, ella, nosotros, vosotros, ellos, todos nosotros somos ese hombre. Todos nosotros, hombres pecadores, somos Judas, somos Pedro (cuando no era Santo), somos Poncio Pilatos, somos los soldados romanos, todos nosotros crucificamos al Se\u00f1or porque Cristo subi\u00f3 a la cruz gracias a nuestros pecados. Cada vez que hemos mentido, Cristo muri\u00f3 en la cruz por cada una de nuestras mentiras. Cada vez que un hombre traiciona a su mujer, cada vez que alguien no es capaz de perdonar, cada vez que un hombre roba, mata, falta a la Misa el Domingo, no se confiesa, no reza, no perdona ni busca la santidad, cada vez que un hombre peca y no se arrepiente ni se acerca al Sacramento de la confesi\u00f3n, cada vez que un hombre peca en cualquier modo posible se convierte en Judas, Pilatos, Pedro o los soldados romanos. \u201cT\u00fa eres ese hombre\u201d nos dice Dios a nosotros. Cuando escuchamos la historia de Judas, de Pilatos, de Pedro o de los soldados romanos, escuchamos nuestra historia.<\/p>\n\n\n\n<p>Pero nosotros no solamente somos Poncio Pilatos, Judas, Herodes o los soldados Romanos. Tambi\u00e9n debemos vernos reflejados en Mar\u00eda Magdalena, Sim\u00f3n de Cirene, el Centuri\u00f3n Romano. Dios tambi\u00e9n nos dice, \u201cTu eres ese hombre\u201d. Nosotros somos tambi\u00e9n Mar\u00eda Magdalena, a quien el Se\u00f1or perdon\u00f3 todos sus pecados dici\u00e9ndole: \u201cYo tampoco te condeno. Vete y de ahora en m\u00e1s no peques m\u00e1s\u201d. En la figura de Mar\u00eda Magdalena el Se\u00f1or nos dice que cada vez que pecamos debemos arrepentirnos, confesarnos y hacer el prop\u00f3sito de no pecar m\u00e1s (recordemos que el tiempo de cuaresma y sobre todo la semana santa es un tiempo propicio para acercarse al Sacramento de la confesi\u00f3n). Somos tambi\u00e9n Sim\u00f3n de Cirene, el cual ayudamos al Se\u00f1or a cargar su cruz. Todas las veces que sufrimos alguna dificultad en nuestra vida y ofrecemos nuestros dolores, ayudamos al Se\u00f1or a cargar su cruz porque nos unimos a su Pasi\u00f3n, como lo hizo Sim\u00f3n de Cirene, y el Se\u00f1or no dejar\u00e1 de recompensar nuestra generosidad, como recompens\u00f3 a Sim\u00f3n de Cirene d\u00e1ndole el don de la fe y convirti\u00e9ndolo a \u00e9l y a toda su familia al cristianismo. Somos tambi\u00e9n Juan Evangelista, a quien el Se\u00f1or don\u00f3 como Madre a su propia Madre, la Sant\u00edsima Virgen Mar\u00eda. Somos tambi\u00e9n el Centuri\u00f3n Romano, que proclama a Jes\u00fas como el Verdadero Hijo de Dios y se arrepiente de sus pecados.<\/p>\n\n\n\n<p>Para finalizar, hay que decir que Dios Padre nos dice a cada uno de nosotros, se\u00f1alando la cruz de su Hijo: \u201cTu eres ese hombre\u201d. \u00a1Esto significa que cada uno de nosotros somos otros cristos y esta es una realidad incre\u00edble! Nosotros, pecadores miserables, somos otros cristos. En nosotros se cumplen los dos gritos de los cuales hemos hablado al inicio de la Misa. En nosotros se cumple el grito que dice: \u201cHosanna el Hijo de David, Bendito el que viene en nombre del Se\u00f1or\u201d. Somos benditos hijos de Dios, porque siendo pecadores, Jesucristo con su sangre nos purific\u00f3 y lav\u00f3 todos nuestros pecados, reconcili\u00e1ndonos con el Padre. Y tambi\u00e9n en nosotros, se cumple el grito de la multitud delante de Pilatos: \u201cCrucif\u00edcalo\u201d. Jesucristo ha dicho que quien quiera ser su disc\u00edpulo debe cargar su cruz y seguirlo. Como Jesucristo ha subido a la cruz para salvarnos y redimirnos de nuestros pecados, nosotros tambi\u00e9n debemos subir a la cruz. Debemos morir a nosotros mismos, a nuestro ego\u00edsmo, a nuestros deseos. Como Cristo ofreci\u00f3 sus sufrimientos para la redenci\u00f3n del g\u00e9nero humano, nosotros debemos ofrecerle a Dios los nuestros. Nuestros sufrimientos pueden ser una enfermedad, un trabajo, nuestro propio car\u00e1cter, la enfermedad de un familiar, etc, etc. Debemos ofrec\u00e9rselos al Se\u00f1or, sabiendo que quien muere con Cristo resucitar\u00e1 tambi\u00e9n junto con \u00c9l. Luego de la muerte en Cruz viene la resurrecci\u00f3n. Si nosotros ofrecemos al Se\u00f1or nuestras cruces y dolores, el Se\u00f1or nos recompensar\u00e1, quiz\u00e1s en esta vida, pero por sobre todas las cosas, en la vida eterna d\u00e1ndonos la Gloria de los hijos de Dios, que es el para\u00edso.<\/p>\n\n\n\n<p>Nosotros en este momento estamos participando de la Santa Misa, que es nada m\u00e1s y nada menos que el Santo Sacrificio de Cristo en la cruz. Por eso, en esta Santa Eucarist\u00eda pid\u00e1mosle a la Sant\u00edsima Virgen Mar\u00eda, Madre de Cristo Crucificado, la gracia de unirnos a la Pasi\u00f3n de Nuestro Se\u00f1or Jesucristo, unir nuestros dolores y sufrimientos a los suyos, sabiendo que quien muere con Cristo resucita tambi\u00e9n con \u00c9l y quien sufre con el Se\u00f1or gozar\u00e1 eternamente en los cielos con \u00c9l.<\/p>\n","protected":false},"excerpt":{"rendered":"<p>Este domingo de las Palmas est\u00e1 formado por dos frases. La primera es \u201cHosanna\u201d que fue dicho al inicio de la Misa. \u201cHosanna el Hijo de David\u201d. Bendito quien viene en el nombre del Se\u00f1or. La segunda frase es \u201cCrucif\u00edcalo\u201d, esta frase fue gritada por los jud\u00edos delante de Poncio Pilatos. Hosanna y Crucif\u00edcalo. Estas [&hellip;]<\/p>\n","protected":false},"author":1,"featured_media":0,"comment_status":"closed","ping_status":"open","sticky":false,"template":"","format":"standard","meta":{"_et_pb_use_builder":"off","_et_pb_old_content":"","_et_gb_content_width":"","footnotes":""},"categories":[6],"tags":[],"class_list":["post-88","post","type-post","status-publish","format-standard","hentry","category-homilias"],"yoast_head":"<!-- This site is optimized with the Yoast SEO plugin v27.5 - https:\/\/yoast.com\/product\/yoast-seo-wordpress\/ -->\n<title>Domingo de las palmas: Pasi\u00f3n de Nuestro Se\u00f1or Jesucristo - academiacatolica.com | Hacia la contemplaci\u00f3n de la verdad<\/title>\n<meta name=\"robots\" content=\"index, follow, max-snippet:-1, max-image-preview:large, max-video-preview:-1\" \/>\n<link rel=\"canonical\" href=\"https:\/\/academiacatolica.com\/index.php\/2024\/03\/07\/domingo-de-las-palmas-pasion-de-nuestro-senor-jesucristo\/\" \/>\n<meta property=\"og:locale\" content=\"es_ES\" \/>\n<meta property=\"og:type\" content=\"article\" \/>\n<meta property=\"og:title\" content=\"Domingo de las palmas: Pasi\u00f3n de Nuestro Se\u00f1or Jesucristo - academiacatolica.com | Hacia la contemplaci\u00f3n de la verdad\" \/>\n<meta property=\"og:description\" content=\"Este domingo de las Palmas est\u00e1 formado por dos frases. La primera es \u201cHosanna\u201d que fue dicho al inicio de la Misa. \u201cHosanna el Hijo de David\u201d. Bendito quien viene en el nombre del Se\u00f1or. La segunda frase es \u201cCrucif\u00edcalo\u201d, esta frase fue gritada por los jud\u00edos delante de Poncio Pilatos. Hosanna y Crucif\u00edcalo. Estas [&hellip;]\" \/>\n<meta property=\"og:url\" content=\"https:\/\/academiacatolica.com\/index.php\/2024\/03\/07\/domingo-de-las-palmas-pasion-de-nuestro-senor-jesucristo\/\" \/>\n<meta property=\"og:site_name\" content=\"academiacatolica.com | Hacia la contemplaci\u00f3n de la verdad\" \/>\n<meta property=\"article:published_time\" content=\"2024-03-07T21:36:17+00:00\" \/>\n<meta property=\"article:modified_time\" content=\"2025-01-01T16:28:33+00:00\" \/>\n<meta name=\"author\" content=\"academiacatolica.com\" \/>\n<meta name=\"twitter:card\" content=\"summary_large_image\" \/>\n<meta name=\"twitter:label1\" content=\"Escrito por\" \/>\n\t<meta name=\"twitter:data1\" content=\"academiacatolica.com\" \/>\n\t<meta name=\"twitter:label2\" content=\"Tiempo de lectura\" \/>\n\t<meta name=\"twitter:data2\" content=\"7 minutos\" \/>\n<script type=\"application\/ld+json\" class=\"yoast-schema-graph\">{\"@context\":\"https:\\\/\\\/schema.org\",\"@graph\":[{\"@type\":\"Article\",\"@id\":\"https:\\\/\\\/academiacatolica.com\\\/index.php\\\/2024\\\/03\\\/07\\\/domingo-de-las-palmas-pasion-de-nuestro-senor-jesucristo\\\/#article\",\"isPartOf\":{\"@id\":\"https:\\\/\\\/academiacatolica.com\\\/index.php\\\/2024\\\/03\\\/07\\\/domingo-de-las-palmas-pasion-de-nuestro-senor-jesucristo\\\/\"},\"author\":{\"name\":\"academiacatolica.com\",\"@id\":\"https:\\\/\\\/academiacatolica.com\\\/#\\\/schema\\\/person\\\/5be95da788414a993cef27f151ffd640\"},\"headline\":\"Domingo de las palmas: Pasi\u00f3n de Nuestro Se\u00f1or Jesucristo\",\"datePublished\":\"2024-03-07T21:36:17+00:00\",\"dateModified\":\"2025-01-01T16:28:33+00:00\",\"mainEntityOfPage\":{\"@id\":\"https:\\\/\\\/academiacatolica.com\\\/index.php\\\/2024\\\/03\\\/07\\\/domingo-de-las-palmas-pasion-de-nuestro-senor-jesucristo\\\/\"},\"wordCount\":1335,\"articleSection\":[\"Homilias\"],\"inLanguage\":\"es\"},{\"@type\":\"WebPage\",\"@id\":\"https:\\\/\\\/academiacatolica.com\\\/index.php\\\/2024\\\/03\\\/07\\\/domingo-de-las-palmas-pasion-de-nuestro-senor-jesucristo\\\/\",\"url\":\"https:\\\/\\\/academiacatolica.com\\\/index.php\\\/2024\\\/03\\\/07\\\/domingo-de-las-palmas-pasion-de-nuestro-senor-jesucristo\\\/\",\"name\":\"Domingo de las palmas: Pasi\u00f3n de Nuestro Se\u00f1or Jesucristo - academiacatolica.com | Hacia la contemplaci\u00f3n de la verdad\",\"isPartOf\":{\"@id\":\"https:\\\/\\\/academiacatolica.com\\\/#website\"},\"datePublished\":\"2024-03-07T21:36:17+00:00\",\"dateModified\":\"2025-01-01T16:28:33+00:00\",\"author\":{\"@id\":\"https:\\\/\\\/academiacatolica.com\\\/#\\\/schema\\\/person\\\/5be95da788414a993cef27f151ffd640\"},\"breadcrumb\":{\"@id\":\"https:\\\/\\\/academiacatolica.com\\\/index.php\\\/2024\\\/03\\\/07\\\/domingo-de-las-palmas-pasion-de-nuestro-senor-jesucristo\\\/#breadcrumb\"},\"inLanguage\":\"es\",\"potentialAction\":[{\"@type\":\"ReadAction\",\"target\":[\"https:\\\/\\\/academiacatolica.com\\\/index.php\\\/2024\\\/03\\\/07\\\/domingo-de-las-palmas-pasion-de-nuestro-senor-jesucristo\\\/\"]}]},{\"@type\":\"BreadcrumbList\",\"@id\":\"https:\\\/\\\/academiacatolica.com\\\/index.php\\\/2024\\\/03\\\/07\\\/domingo-de-las-palmas-pasion-de-nuestro-senor-jesucristo\\\/#breadcrumb\",\"itemListElement\":[{\"@type\":\"ListItem\",\"position\":1,\"name\":\"Home\",\"item\":\"https:\\\/\\\/academiacatolica.com\\\/\"},{\"@type\":\"ListItem\",\"position\":2,\"name\":\"Domingo de las palmas: Pasi\u00f3n de Nuestro Se\u00f1or Jesucristo\"}]},{\"@type\":\"WebSite\",\"@id\":\"https:\\\/\\\/academiacatolica.com\\\/#website\",\"url\":\"https:\\\/\\\/academiacatolica.com\\\/\",\"name\":\"academiacatolica.com | Hacia la contemplaci\u00f3n de la verdad\",\"description\":\"P\u00e1gina Web Oficial del P. Tom\u00e1s Agust\u00edn Beroch - Catequesis digital\",\"potentialAction\":[{\"@type\":\"SearchAction\",\"target\":{\"@type\":\"EntryPoint\",\"urlTemplate\":\"https:\\\/\\\/academiacatolica.com\\\/?s={search_term_string}\"},\"query-input\":{\"@type\":\"PropertyValueSpecification\",\"valueRequired\":true,\"valueName\":\"search_term_string\"}}],\"inLanguage\":\"es\"},{\"@type\":\"Person\",\"@id\":\"https:\\\/\\\/academiacatolica.com\\\/#\\\/schema\\\/person\\\/5be95da788414a993cef27f151ffd640\",\"name\":\"academiacatolica.com\",\"image\":{\"@type\":\"ImageObject\",\"inLanguage\":\"es\",\"@id\":\"https:\\\/\\\/secure.gravatar.com\\\/avatar\\\/b171d0886bae1524505616fe9b8ccc140215749d2de00d9eaf9288f17d5be9d4?s=96&d=mm&r=g\",\"url\":\"https:\\\/\\\/secure.gravatar.com\\\/avatar\\\/b171d0886bae1524505616fe9b8ccc140215749d2de00d9eaf9288f17d5be9d4?s=96&d=mm&r=g\",\"contentUrl\":\"https:\\\/\\\/secure.gravatar.com\\\/avatar\\\/b171d0886bae1524505616fe9b8ccc140215749d2de00d9eaf9288f17d5be9d4?s=96&d=mm&r=g\",\"caption\":\"academiacatolica.com\"},\"sameAs\":[\"https:\\\/\\\/academiacatolica.com\"],\"url\":\"https:\\\/\\\/academiacatolica.com\\\/index.php\\\/author\\\/academiacatolica-com\\\/\"}]}<\/script>\n<!-- \/ Yoast SEO plugin. -->","yoast_head_json":{"title":"Domingo de las palmas: Pasi\u00f3n de Nuestro Se\u00f1or Jesucristo - academiacatolica.com | Hacia la contemplaci\u00f3n de la verdad","robots":{"index":"index","follow":"follow","max-snippet":"max-snippet:-1","max-image-preview":"max-image-preview:large","max-video-preview":"max-video-preview:-1"},"canonical":"https:\/\/academiacatolica.com\/index.php\/2024\/03\/07\/domingo-de-las-palmas-pasion-de-nuestro-senor-jesucristo\/","og_locale":"es_ES","og_type":"article","og_title":"Domingo de las palmas: Pasi\u00f3n de Nuestro Se\u00f1or Jesucristo - academiacatolica.com | Hacia la contemplaci\u00f3n de la verdad","og_description":"Este domingo de las Palmas est\u00e1 formado por dos frases. La primera es \u201cHosanna\u201d que fue dicho al inicio de la Misa. \u201cHosanna el Hijo de David\u201d. Bendito quien viene en el nombre del Se\u00f1or. La segunda frase es \u201cCrucif\u00edcalo\u201d, esta frase fue gritada por los jud\u00edos delante de Poncio Pilatos. Hosanna y Crucif\u00edcalo. Estas [&hellip;]","og_url":"https:\/\/academiacatolica.com\/index.php\/2024\/03\/07\/domingo-de-las-palmas-pasion-de-nuestro-senor-jesucristo\/","og_site_name":"academiacatolica.com | Hacia la contemplaci\u00f3n de la verdad","article_published_time":"2024-03-07T21:36:17+00:00","article_modified_time":"2025-01-01T16:28:33+00:00","author":"academiacatolica.com","twitter_card":"summary_large_image","twitter_misc":{"Escrito por":"academiacatolica.com","Tiempo de lectura":"7 minutos"},"schema":{"@context":"https:\/\/schema.org","@graph":[{"@type":"Article","@id":"https:\/\/academiacatolica.com\/index.php\/2024\/03\/07\/domingo-de-las-palmas-pasion-de-nuestro-senor-jesucristo\/#article","isPartOf":{"@id":"https:\/\/academiacatolica.com\/index.php\/2024\/03\/07\/domingo-de-las-palmas-pasion-de-nuestro-senor-jesucristo\/"},"author":{"name":"academiacatolica.com","@id":"https:\/\/academiacatolica.com\/#\/schema\/person\/5be95da788414a993cef27f151ffd640"},"headline":"Domingo de las palmas: Pasi\u00f3n de Nuestro Se\u00f1or Jesucristo","datePublished":"2024-03-07T21:36:17+00:00","dateModified":"2025-01-01T16:28:33+00:00","mainEntityOfPage":{"@id":"https:\/\/academiacatolica.com\/index.php\/2024\/03\/07\/domingo-de-las-palmas-pasion-de-nuestro-senor-jesucristo\/"},"wordCount":1335,"articleSection":["Homilias"],"inLanguage":"es"},{"@type":"WebPage","@id":"https:\/\/academiacatolica.com\/index.php\/2024\/03\/07\/domingo-de-las-palmas-pasion-de-nuestro-senor-jesucristo\/","url":"https:\/\/academiacatolica.com\/index.php\/2024\/03\/07\/domingo-de-las-palmas-pasion-de-nuestro-senor-jesucristo\/","name":"Domingo de las palmas: Pasi\u00f3n de Nuestro Se\u00f1or Jesucristo - academiacatolica.com | Hacia la contemplaci\u00f3n de la verdad","isPartOf":{"@id":"https:\/\/academiacatolica.com\/#website"},"datePublished":"2024-03-07T21:36:17+00:00","dateModified":"2025-01-01T16:28:33+00:00","author":{"@id":"https:\/\/academiacatolica.com\/#\/schema\/person\/5be95da788414a993cef27f151ffd640"},"breadcrumb":{"@id":"https:\/\/academiacatolica.com\/index.php\/2024\/03\/07\/domingo-de-las-palmas-pasion-de-nuestro-senor-jesucristo\/#breadcrumb"},"inLanguage":"es","potentialAction":[{"@type":"ReadAction","target":["https:\/\/academiacatolica.com\/index.php\/2024\/03\/07\/domingo-de-las-palmas-pasion-de-nuestro-senor-jesucristo\/"]}]},{"@type":"BreadcrumbList","@id":"https:\/\/academiacatolica.com\/index.php\/2024\/03\/07\/domingo-de-las-palmas-pasion-de-nuestro-senor-jesucristo\/#breadcrumb","itemListElement":[{"@type":"ListItem","position":1,"name":"Home","item":"https:\/\/academiacatolica.com\/"},{"@type":"ListItem","position":2,"name":"Domingo de las palmas: Pasi\u00f3n de Nuestro Se\u00f1or Jesucristo"}]},{"@type":"WebSite","@id":"https:\/\/academiacatolica.com\/#website","url":"https:\/\/academiacatolica.com\/","name":"academiacatolica.com | Hacia la contemplaci\u00f3n de la verdad","description":"P\u00e1gina Web Oficial del P. Tom\u00e1s Agust\u00edn Beroch - Catequesis digital","potentialAction":[{"@type":"SearchAction","target":{"@type":"EntryPoint","urlTemplate":"https:\/\/academiacatolica.com\/?s={search_term_string}"},"query-input":{"@type":"PropertyValueSpecification","valueRequired":true,"valueName":"search_term_string"}}],"inLanguage":"es"},{"@type":"Person","@id":"https:\/\/academiacatolica.com\/#\/schema\/person\/5be95da788414a993cef27f151ffd640","name":"academiacatolica.com","image":{"@type":"ImageObject","inLanguage":"es","@id":"https:\/\/secure.gravatar.com\/avatar\/b171d0886bae1524505616fe9b8ccc140215749d2de00d9eaf9288f17d5be9d4?s=96&d=mm&r=g","url":"https:\/\/secure.gravatar.com\/avatar\/b171d0886bae1524505616fe9b8ccc140215749d2de00d9eaf9288f17d5be9d4?s=96&d=mm&r=g","contentUrl":"https:\/\/secure.gravatar.com\/avatar\/b171d0886bae1524505616fe9b8ccc140215749d2de00d9eaf9288f17d5be9d4?s=96&d=mm&r=g","caption":"academiacatolica.com"},"sameAs":["https:\/\/academiacatolica.com"],"url":"https:\/\/academiacatolica.com\/index.php\/author\/academiacatolica-com\/"}]}},"_links":{"self":[{"href":"https:\/\/academiacatolica.com\/index.php\/wp-json\/wp\/v2\/posts\/88","targetHints":{"allow":["GET"]}}],"collection":[{"href":"https:\/\/academiacatolica.com\/index.php\/wp-json\/wp\/v2\/posts"}],"about":[{"href":"https:\/\/academiacatolica.com\/index.php\/wp-json\/wp\/v2\/types\/post"}],"author":[{"embeddable":true,"href":"https:\/\/academiacatolica.com\/index.php\/wp-json\/wp\/v2\/users\/1"}],"replies":[{"embeddable":true,"href":"https:\/\/academiacatolica.com\/index.php\/wp-json\/wp\/v2\/comments?post=88"}],"version-history":[{"count":1,"href":"https:\/\/academiacatolica.com\/index.php\/wp-json\/wp\/v2\/posts\/88\/revisions"}],"predecessor-version":[{"id":89,"href":"https:\/\/academiacatolica.com\/index.php\/wp-json\/wp\/v2\/posts\/88\/revisions\/89"}],"wp:attachment":[{"href":"https:\/\/academiacatolica.com\/index.php\/wp-json\/wp\/v2\/media?parent=88"}],"wp:term":[{"taxonomy":"category","embeddable":true,"href":"https:\/\/academiacatolica.com\/index.php\/wp-json\/wp\/v2\/categories?post=88"},{"taxonomy":"post_tag","embeddable":true,"href":"https:\/\/academiacatolica.com\/index.php\/wp-json\/wp\/v2\/tags?post=88"}],"curies":[{"name":"wp","href":"https:\/\/api.w.org\/{rel}","templated":true}]}}