{"id":91,"date":"2024-03-07T16:44:02","date_gmt":"2024-03-07T21:44:02","guid":{"rendered":"https:\/\/academiacatolica.com\/?p=91"},"modified":"2025-01-01T11:28:33","modified_gmt":"2025-01-01T16:28:33","slug":"breve-reflexion-sobre-miercoles-de-ceniza-2024","status":"publish","type":"post","link":"https:\/\/academiacatolica.com\/index.php\/2024\/03\/07\/breve-reflexion-sobre-miercoles-de-ceniza-2024\/","title":{"rendered":"Breve reflexi\u00f3n sobre mi\u00e9rcoles de ceniza 2024"},"content":{"rendered":"\n<p>Queridos amigos:<\/p>\n\n\n\n<p>En tiempos de Cuaresma me limitar\u00e9 solo a mis catequesis de los domingos (en ingl\u00e9s) y los lunes (en espa\u00f1ol). Si el tiempo me lo permite, aprovechar\u00e9 para rezar el rosario con ustedes los mi\u00e9rcoles.<\/p>\n\n\n\n<p>Para m\u00ed dejar las redes sociales no es penitencia, porque la verdad es que no me cuesta nada dejarlas. Estar\u00eda fuera de las redes sociales con much\u00edsimo gusto si no fuese porque veo que la voluntad de Dios es que siga haciendo mi apostolado por las mismas. <a><\/a>La raz\u00f3n por la cual me limitar\u00e9 solo a las catequesis no es por penitencia (estas, de hecho, deben ser privadas) sino porque creo que yo tambi\u00e9n necesito este tiempo para dedicarme m\u00e1s a la oraci\u00f3n y la contemplaci\u00f3n de la Pasi\u00f3n de Nuestro Se\u00f1or Jesucristo.<\/p>\n\n\n\n<p>No nos olvidemos que ma\u00f1ana es mi\u00e9rcoles de cenizas. He escuchado alg\u00fan sacerdote que dijo: \u00abno hay que ayunar tanto de comida, sino de murmuraci\u00f3n, del mal uso de la lengua, etc\u00bb. En realidad a este padre yo lo quiero mucho y somos grandes amigos, pero respetuosamente tengo otro punto de vista con respecto a eso. El \u00abayuno de la murmuraci\u00f3n\u00bb y del \u00abmal uso de la lengua\u00bb hay que hacerlo todo el a\u00f1o, ya que cuando uno hace estas cosas peca. Del pecado hay que abstenerse siempre; no es que durante el a\u00f1o nos est\u00e1 permitido ser chismosos y en cuaresma no. No hay que ser chismosos, ni murmuradores, ni dar lugar al odio y al rencor porque esas cosas son pecados. No hacer esto no es penitencia, sino nuestra obligaci\u00f3n moral como cat\u00f3licos, ya que como dec\u00eda Santo Domingo Sabio: hay que preferir morir que pecar.<\/p>\n\n\n\n<p>La penitencia debe ser renuncia a cosas leg\u00edtimas y buenas. Por ejemplo: no es pecado tomar vino mientras no me emborrache, pero si me encanta tomarme una copita todos los d\u00edas y como penitencia por mis pecados (o pidiendo por la conversi\u00f3n de un familiar) decido no tomar vino durante toda la cuaresma, eso es, en concreto, un sacrificio ofrecido al Se\u00f1or. Eso por poner un ejemplo. La penitencia debe ser renunciar a algo leg\u00edtimo que me guste hacer, o hacer algo leg\u00edtimo que no me guste. En definitiva, la penitencia tiene como fin unirnos a la Pasi\u00f3n de Cristo, que inmol\u00f3 su vida por nuestra salvaci\u00f3n eterna. Cada uno r\u00e9cele al Esp\u00edritu Santo y preg\u00fantele que penitencia deben ofrecerle a Jesucristo. Hagamos la penitencia que Cristo quiera que hagamos.<\/p>\n\n\n\n<p>Recuerden que semana santa no es un tiempo de vacaciones. Es un tiempo de penitencia, oraci\u00f3n y conversi\u00f3n. Aprovechemos este tiempo cuaresmal para unirnos m\u00e1s la cruz del Se\u00f1or y para buscar de modo m\u00e1s profundo la salvaci\u00f3n de nuestras almas.<\/p>\n\n\n\n<p>Ma\u00f1ana, los mayores de 16 a\u00f1os deben abstenerse de carne y saltar una de las comidas (o el almuerzo o la cena). Obviamente que los enfermos no est\u00e1n obligados a cumplir con estas prescripciones, pero los que estamos sanos y fuertes s\u00ed. Aunque no es d\u00eda de precepto, es altamente recomendable participar de la Misa, ya que recibir las cenizas es recibir gracias de parte de Dios para nuestra conversi\u00f3n personal. No desaprovechemos esa oportunidad de recibir las bendiciones que Dios nos da durante este tiempo tan importante del a\u00f1o.<\/p>\n\n\n\n<p>Finalmente, recordemos que aunque hay que confesarse todo el a\u00f1o, el tiempo de cuaresma es un tiempo muy especial para acercarse al Sacramento de la Reconciliaci\u00f3n. No dejemos de confesarnos y pedirle perd\u00f3n a Dios por nuestras faltas.<\/p>\n\n\n\n<p>Recordemos tambi\u00e9n las palabras del Padre Nuestro: \u00abperdona nuestras ofensas, como tambi\u00e9n nosotros perdonamos a los que nos ofenden\u00bb. No podemos ser perdonados si no perdonamos a quienes nos han ofendido. Al menos recemos y pidamos por la conversi\u00f3n de aquellos que nos han hecho da\u00f1o, aunque no tengamos m\u00e1s trato con ellos. Pero recordemos que estamos viviendo un tiempo especial de reconciliaci\u00f3n con Dios y con el pr\u00f3jimo. Ergo, no dejemos de acercarnos a la confesi\u00f3n, y tambi\u00e9n pid\u00e1mosle a la Virgen que nos de la gracia de perdonar a quienes nos hayan hecho da\u00f1o.<\/p>\n\n\n\n<p>Buen inicio de la cuaresma para todos, y nos veremos en nuestras catequesis de los domingos y lunes, y quiz\u00e1s en alg\u00fan rosario durante la semana (muy probablemente los mi\u00e9rcoles).<\/p>\n","protected":false},"excerpt":{"rendered":"<p>Queridos amigos: En tiempos de Cuaresma me limitar\u00e9 solo a mis catequesis de los domingos (en ingl\u00e9s) y los lunes (en espa\u00f1ol). Si el tiempo me lo permite, aprovechar\u00e9 para rezar el rosario con ustedes los mi\u00e9rcoles. Para m\u00ed dejar las redes sociales no es penitencia, porque la verdad es que no me cuesta nada [&hellip;]<\/p>\n","protected":false},"author":1,"featured_media":104,"comment_status":"closed","ping_status":"open","sticky":false,"template":"","format":"standard","meta":{"_et_pb_use_builder":"off","_et_pb_old_content":"<!-- wp:paragraph -->\n<p>Queridos amigos:<\/p>\n<!-- \/wp:paragraph -->\n\n<!-- wp:paragraph -->\n<p>En tiempos de Cuaresma me limitar\u00e9 solo a mis catequesis de los domingos (en ingl\u00e9s) y los lunes (en espa\u00f1ol). Si el tiempo me lo permite, aprovechar\u00e9 para rezar el rosario con ustedes los mi\u00e9rcoles.<\/p>\n<!-- \/wp:paragraph -->\n\n<!-- wp:paragraph -->\n<p>Para m\u00ed dejar las redes sociales no es penitencia, porque la verdad es que no me cuesta nada dejarlas. Estar\u00eda fuera de las redes sociales con much\u00edsimo gusto si no fuese porque veo que la voluntad de Dios es que siga haciendo mi apostolado por las mismas. <a><\/a>La raz\u00f3n por la cual me limitar\u00e9 solo a las catequesis no es por penitencia (estas, de hecho, deben ser privadas) sino porque creo que yo tambi\u00e9n necesito este tiempo para dedicarme m\u00e1s a la oraci\u00f3n y la contemplaci\u00f3n de la Pasi\u00f3n de Nuestro Se\u00f1or Jesucristo.<\/p>\n<!-- \/wp:paragraph -->\n\n<!-- wp:paragraph -->\n<p>No nos olvidemos que ma\u00f1ana es mi\u00e9rcoles de cenizas. He escuchado alg\u00fan sacerdote que dijo: \"no hay que ayunar tanto de comida, sino de murmuraci\u00f3n, del mal uso de la lengua, etc\". En realidad a este padre yo lo quiero mucho y somos grandes amigos, pero respetuosamente tengo otro punto de vista con respecto a eso. El \"ayuno de la murmuraci\u00f3n\" y del \"mal uso de la lengua\" hay que hacerlo todo el a\u00f1o, ya que cuando uno hace estas cosas peca. Del pecado hay que abstenerse siempre; no es que durante el a\u00f1o nos est\u00e1 permitido ser chismosos y en cuaresma no. No hay que ser chismosos, ni murmuradores, ni dar lugar al odio y al rencor porque esas cosas son pecados. No hacer esto no es penitencia, sino nuestra obligaci\u00f3n moral como cat\u00f3licos, ya que como dec\u00eda Santo Domingo Sabio: hay que preferir morir que pecar.<\/p>\n<!-- \/wp:paragraph -->\n\n<!-- wp:paragraph -->\n<p>La penitencia debe ser renuncia a cosas leg\u00edtimas y buenas. Por ejemplo: no es pecado tomar vino mientras no me emborrache, pero si me encanta tomarme una copita todos los d\u00edas y como penitencia por mis pecados (o pidiendo por la conversi\u00f3n de un familiar) decido no tomar vino durante toda la cuaresma, eso es, en concreto, un sacrificio ofrecido al Se\u00f1or. Eso por poner un ejemplo. La penitencia debe ser renunciar a algo leg\u00edtimo que me guste hacer, o hacer algo leg\u00edtimo que no me guste. En definitiva, la penitencia tiene como fin unirnos a la Pasi\u00f3n de Cristo, que inmol\u00f3 su vida por nuestra salvaci\u00f3n eterna. Cada uno r\u00e9cele al Esp\u00edritu Santo y preg\u00fantele que penitencia deben ofrecerle a Jesucristo. Hagamos la penitencia que Cristo quiera que hagamos.<\/p>\n<!-- \/wp:paragraph -->\n\n<!-- wp:paragraph -->\n<p>Recuerden que semana santa no es un tiempo de vacaciones. Es un tiempo de penitencia, oraci\u00f3n y conversi\u00f3n. Aprovechemos este tiempo cuaresmal para unirnos m\u00e1s la cruz del Se\u00f1or y para buscar de modo m\u00e1s profundo la salvaci\u00f3n de nuestras almas.<\/p>\n<!-- \/wp:paragraph -->\n\n<!-- wp:paragraph -->\n<p>Ma\u00f1ana, los mayores de 16 a\u00f1os deben abstenerse de carne y saltar una de las comidas (o el almuerzo o la cena). Obviamente que los enfermos no est\u00e1n obligados a cumplir con estas prescripciones, pero los que estamos sanos y fuertes s\u00ed. Aunque no es d\u00eda de precepto, es altamente recomendable participar de la Misa, ya que recibir las cenizas es recibir gracias de parte de Dios para nuestra conversi\u00f3n personal. No desaprovechemos esa oportunidad de recibir las bendiciones que Dios nos da durante este tiempo tan importante del a\u00f1o.<\/p>\n<!-- \/wp:paragraph -->\n\n<!-- wp:paragraph -->\n<p>Finalmente, recordemos que aunque hay que confesarse todo el a\u00f1o, el tiempo de cuaresma es un tiempo muy especial para acercarse al Sacramento de la Reconciliaci\u00f3n. No dejemos de confesarnos y pedirle perd\u00f3n a Dios por nuestras faltas.<\/p>\n<!-- \/wp:paragraph -->\n\n<!-- wp:paragraph -->\n<p>Recordemos tambi\u00e9n las palabras del Padre Nuestro: \"perdona nuestras ofensas, como tambi\u00e9n nosotros perdonamos a los que nos ofenden\". No podemos ser perdonados si no perdonamos a quienes nos han ofendido. Al menos recemos y pidamos por la conversi\u00f3n de aquellos que nos han hecho da\u00f1o, aunque no tengamos m\u00e1s trato con ellos. Pero recordemos que estamos viviendo un tiempo especial de reconciliaci\u00f3n con Dios y con el pr\u00f3jimo. Ergo, no dejemos de acercarnos a la confesi\u00f3n, y tambi\u00e9n pid\u00e1mosle a la Virgen que nos de la gracia de perdonar a quienes nos hayan hecho da\u00f1o.<\/p>\n<!-- \/wp:paragraph -->\n\n<!-- wp:paragraph -->\n<p>Buen inicio de la cuaresma para todos, y nos veremos en nuestras catequesis de los domingos y lunes, y quiz\u00e1s en alg\u00fan rosario durante la semana (muy probablemente los mi\u00e9rcoles).<\/p>\n<!-- \/wp:paragraph -->","_et_gb_content_width":"","footnotes":""},"categories":[10],"tags":[],"class_list":["post-91","post","type-post","status-publish","format-standard","has-post-thumbnail","hentry","category-articulos"],"yoast_head":"<!-- This site is optimized with the Yoast SEO plugin v27.5 - https:\/\/yoast.com\/product\/yoast-seo-wordpress\/ -->\n<title>Breve reflexi\u00f3n sobre mi\u00e9rcoles de ceniza 2024 - academiacatolica.com | Hacia la contemplaci\u00f3n de la verdad<\/title>\n<meta name=\"robots\" content=\"index, follow, max-snippet:-1, max-image-preview:large, max-video-preview:-1\" \/>\n<link rel=\"canonical\" href=\"https:\/\/academiacatolica.com\/index.php\/2024\/03\/07\/breve-reflexion-sobre-miercoles-de-ceniza-2024\/\" \/>\n<meta property=\"og:locale\" content=\"es_ES\" \/>\n<meta property=\"og:type\" content=\"article\" \/>\n<meta property=\"og:title\" content=\"Breve reflexi\u00f3n sobre mi\u00e9rcoles de ceniza 2024 - academiacatolica.com | Hacia la contemplaci\u00f3n de la verdad\" \/>\n<meta property=\"og:description\" content=\"Queridos amigos: En tiempos de Cuaresma me limitar\u00e9 solo a mis catequesis de los domingos (en ingl\u00e9s) y los lunes (en espa\u00f1ol). Si el tiempo me lo permite, aprovechar\u00e9 para rezar el rosario con ustedes los mi\u00e9rcoles. Para m\u00ed dejar las redes sociales no es penitencia, porque la verdad es que no me cuesta nada [&hellip;]\" \/>\n<meta property=\"og:url\" content=\"https:\/\/academiacatolica.com\/index.php\/2024\/03\/07\/breve-reflexion-sobre-miercoles-de-ceniza-2024\/\" \/>\n<meta property=\"og:site_name\" content=\"academiacatolica.com | Hacia la contemplaci\u00f3n de la verdad\" \/>\n<meta property=\"article:published_time\" content=\"2024-03-07T21:44:02+00:00\" \/>\n<meta property=\"article:modified_time\" content=\"2025-01-01T16:28:33+00:00\" \/>\n<meta property=\"og:image\" content=\"https:\/\/academiacatolica.com\/wp-content\/uploads\/2024\/03\/Academia-catolica-clases-de-diseno-web-1024x614.png\" \/>\n\t<meta property=\"og:image:width\" content=\"1024\" \/>\n\t<meta property=\"og:image:height\" content=\"614\" \/>\n\t<meta property=\"og:image:type\" content=\"image\/png\" \/>\n<meta name=\"author\" content=\"academiacatolica.com\" \/>\n<meta name=\"twitter:card\" content=\"summary_large_image\" \/>\n<meta name=\"twitter:label1\" content=\"Escrito por\" \/>\n\t<meta name=\"twitter:data1\" content=\"academiacatolica.com\" \/>\n\t<meta name=\"twitter:label2\" content=\"Tiempo de lectura\" \/>\n\t<meta name=\"twitter:data2\" content=\"4 minutos\" \/>\n<script type=\"application\/ld+json\" class=\"yoast-schema-graph\">{\"@context\":\"https:\\\/\\\/schema.org\",\"@graph\":[{\"@type\":\"Article\",\"@id\":\"https:\\\/\\\/academiacatolica.com\\\/index.php\\\/2024\\\/03\\\/07\\\/breve-reflexion-sobre-miercoles-de-ceniza-2024\\\/#article\",\"isPartOf\":{\"@id\":\"https:\\\/\\\/academiacatolica.com\\\/index.php\\\/2024\\\/03\\\/07\\\/breve-reflexion-sobre-miercoles-de-ceniza-2024\\\/\"},\"author\":{\"name\":\"academiacatolica.com\",\"@id\":\"https:\\\/\\\/academiacatolica.com\\\/#\\\/schema\\\/person\\\/5be95da788414a993cef27f151ffd640\"},\"headline\":\"Breve reflexi\u00f3n sobre mi\u00e9rcoles de ceniza 2024\",\"datePublished\":\"2024-03-07T21:44:02+00:00\",\"dateModified\":\"2025-01-01T16:28:33+00:00\",\"mainEntityOfPage\":{\"@id\":\"https:\\\/\\\/academiacatolica.com\\\/index.php\\\/2024\\\/03\\\/07\\\/breve-reflexion-sobre-miercoles-de-ceniza-2024\\\/\"},\"wordCount\":772,\"image\":{\"@id\":\"https:\\\/\\\/academiacatolica.com\\\/index.php\\\/2024\\\/03\\\/07\\\/breve-reflexion-sobre-miercoles-de-ceniza-2024\\\/#primaryimage\"},\"thumbnailUrl\":\"https:\\\/\\\/academiacatolica.com\\\/wp-content\\\/uploads\\\/2024\\\/03\\\/Academia-catolica-clases-de-diseno-web.png\",\"articleSection\":[\"Art\u00edculos\"],\"inLanguage\":\"es\"},{\"@type\":\"WebPage\",\"@id\":\"https:\\\/\\\/academiacatolica.com\\\/index.php\\\/2024\\\/03\\\/07\\\/breve-reflexion-sobre-miercoles-de-ceniza-2024\\\/\",\"url\":\"https:\\\/\\\/academiacatolica.com\\\/index.php\\\/2024\\\/03\\\/07\\\/breve-reflexion-sobre-miercoles-de-ceniza-2024\\\/\",\"name\":\"Breve reflexi\u00f3n sobre mi\u00e9rcoles de ceniza 2024 - academiacatolica.com | Hacia la contemplaci\u00f3n de la verdad\",\"isPartOf\":{\"@id\":\"https:\\\/\\\/academiacatolica.com\\\/#website\"},\"primaryImageOfPage\":{\"@id\":\"https:\\\/\\\/academiacatolica.com\\\/index.php\\\/2024\\\/03\\\/07\\\/breve-reflexion-sobre-miercoles-de-ceniza-2024\\\/#primaryimage\"},\"image\":{\"@id\":\"https:\\\/\\\/academiacatolica.com\\\/index.php\\\/2024\\\/03\\\/07\\\/breve-reflexion-sobre-miercoles-de-ceniza-2024\\\/#primaryimage\"},\"thumbnailUrl\":\"https:\\\/\\\/academiacatolica.com\\\/wp-content\\\/uploads\\\/2024\\\/03\\\/Academia-catolica-clases-de-diseno-web.png\",\"datePublished\":\"2024-03-07T21:44:02+00:00\",\"dateModified\":\"2025-01-01T16:28:33+00:00\",\"author\":{\"@id\":\"https:\\\/\\\/academiacatolica.com\\\/#\\\/schema\\\/person\\\/5be95da788414a993cef27f151ffd640\"},\"breadcrumb\":{\"@id\":\"https:\\\/\\\/academiacatolica.com\\\/index.php\\\/2024\\\/03\\\/07\\\/breve-reflexion-sobre-miercoles-de-ceniza-2024\\\/#breadcrumb\"},\"inLanguage\":\"es\",\"potentialAction\":[{\"@type\":\"ReadAction\",\"target\":[\"https:\\\/\\\/academiacatolica.com\\\/index.php\\\/2024\\\/03\\\/07\\\/breve-reflexion-sobre-miercoles-de-ceniza-2024\\\/\"]}]},{\"@type\":\"ImageObject\",\"inLanguage\":\"es\",\"@id\":\"https:\\\/\\\/academiacatolica.com\\\/index.php\\\/2024\\\/03\\\/07\\\/breve-reflexion-sobre-miercoles-de-ceniza-2024\\\/#primaryimage\",\"url\":\"https:\\\/\\\/academiacatolica.com\\\/wp-content\\\/uploads\\\/2024\\\/03\\\/Academia-catolica-clases-de-diseno-web.png\",\"contentUrl\":\"https:\\\/\\\/academiacatolica.com\\\/wp-content\\\/uploads\\\/2024\\\/03\\\/Academia-catolica-clases-de-diseno-web.png\",\"width\":2500,\"height\":1500,\"caption\":\"Mi\u00e9rcoles de ceniza\"},{\"@type\":\"BreadcrumbList\",\"@id\":\"https:\\\/\\\/academiacatolica.com\\\/index.php\\\/2024\\\/03\\\/07\\\/breve-reflexion-sobre-miercoles-de-ceniza-2024\\\/#breadcrumb\",\"itemListElement\":[{\"@type\":\"ListItem\",\"position\":1,\"name\":\"Home\",\"item\":\"https:\\\/\\\/academiacatolica.com\\\/\"},{\"@type\":\"ListItem\",\"position\":2,\"name\":\"Breve reflexi\u00f3n sobre mi\u00e9rcoles de ceniza 2024\"}]},{\"@type\":\"WebSite\",\"@id\":\"https:\\\/\\\/academiacatolica.com\\\/#website\",\"url\":\"https:\\\/\\\/academiacatolica.com\\\/\",\"name\":\"academiacatolica.com | Hacia la contemplaci\u00f3n de la verdad\",\"description\":\"P\u00e1gina Web Oficial del P. Tom\u00e1s Agust\u00edn Beroch - Catequesis digital\",\"potentialAction\":[{\"@type\":\"SearchAction\",\"target\":{\"@type\":\"EntryPoint\",\"urlTemplate\":\"https:\\\/\\\/academiacatolica.com\\\/?s={search_term_string}\"},\"query-input\":{\"@type\":\"PropertyValueSpecification\",\"valueRequired\":true,\"valueName\":\"search_term_string\"}}],\"inLanguage\":\"es\"},{\"@type\":\"Person\",\"@id\":\"https:\\\/\\\/academiacatolica.com\\\/#\\\/schema\\\/person\\\/5be95da788414a993cef27f151ffd640\",\"name\":\"academiacatolica.com\",\"image\":{\"@type\":\"ImageObject\",\"inLanguage\":\"es\",\"@id\":\"https:\\\/\\\/secure.gravatar.com\\\/avatar\\\/b171d0886bae1524505616fe9b8ccc140215749d2de00d9eaf9288f17d5be9d4?s=96&d=mm&r=g\",\"url\":\"https:\\\/\\\/secure.gravatar.com\\\/avatar\\\/b171d0886bae1524505616fe9b8ccc140215749d2de00d9eaf9288f17d5be9d4?s=96&d=mm&r=g\",\"contentUrl\":\"https:\\\/\\\/secure.gravatar.com\\\/avatar\\\/b171d0886bae1524505616fe9b8ccc140215749d2de00d9eaf9288f17d5be9d4?s=96&d=mm&r=g\",\"caption\":\"academiacatolica.com\"},\"sameAs\":[\"https:\\\/\\\/academiacatolica.com\"],\"url\":\"https:\\\/\\\/academiacatolica.com\\\/index.php\\\/author\\\/academiacatolica-com\\\/\"}]}<\/script>\n<!-- \/ Yoast SEO plugin. -->","yoast_head_json":{"title":"Breve reflexi\u00f3n sobre mi\u00e9rcoles de ceniza 2024 - academiacatolica.com | Hacia la contemplaci\u00f3n de la verdad","robots":{"index":"index","follow":"follow","max-snippet":"max-snippet:-1","max-image-preview":"max-image-preview:large","max-video-preview":"max-video-preview:-1"},"canonical":"https:\/\/academiacatolica.com\/index.php\/2024\/03\/07\/breve-reflexion-sobre-miercoles-de-ceniza-2024\/","og_locale":"es_ES","og_type":"article","og_title":"Breve reflexi\u00f3n sobre mi\u00e9rcoles de ceniza 2024 - academiacatolica.com | Hacia la contemplaci\u00f3n de la verdad","og_description":"Queridos amigos: En tiempos de Cuaresma me limitar\u00e9 solo a mis catequesis de los domingos (en ingl\u00e9s) y los lunes (en espa\u00f1ol). Si el tiempo me lo permite, aprovechar\u00e9 para rezar el rosario con ustedes los mi\u00e9rcoles. Para m\u00ed dejar las redes sociales no es penitencia, porque la verdad es que no me cuesta nada [&hellip;]","og_url":"https:\/\/academiacatolica.com\/index.php\/2024\/03\/07\/breve-reflexion-sobre-miercoles-de-ceniza-2024\/","og_site_name":"academiacatolica.com | Hacia la contemplaci\u00f3n de la verdad","article_published_time":"2024-03-07T21:44:02+00:00","article_modified_time":"2025-01-01T16:28:33+00:00","og_image":[{"width":1024,"height":614,"url":"https:\/\/academiacatolica.com\/wp-content\/uploads\/2024\/03\/Academia-catolica-clases-de-diseno-web-1024x614.png","type":"image\/png"}],"author":"academiacatolica.com","twitter_card":"summary_large_image","twitter_misc":{"Escrito por":"academiacatolica.com","Tiempo de lectura":"4 minutos"},"schema":{"@context":"https:\/\/schema.org","@graph":[{"@type":"Article","@id":"https:\/\/academiacatolica.com\/index.php\/2024\/03\/07\/breve-reflexion-sobre-miercoles-de-ceniza-2024\/#article","isPartOf":{"@id":"https:\/\/academiacatolica.com\/index.php\/2024\/03\/07\/breve-reflexion-sobre-miercoles-de-ceniza-2024\/"},"author":{"name":"academiacatolica.com","@id":"https:\/\/academiacatolica.com\/#\/schema\/person\/5be95da788414a993cef27f151ffd640"},"headline":"Breve reflexi\u00f3n sobre mi\u00e9rcoles de ceniza 2024","datePublished":"2024-03-07T21:44:02+00:00","dateModified":"2025-01-01T16:28:33+00:00","mainEntityOfPage":{"@id":"https:\/\/academiacatolica.com\/index.php\/2024\/03\/07\/breve-reflexion-sobre-miercoles-de-ceniza-2024\/"},"wordCount":772,"image":{"@id":"https:\/\/academiacatolica.com\/index.php\/2024\/03\/07\/breve-reflexion-sobre-miercoles-de-ceniza-2024\/#primaryimage"},"thumbnailUrl":"https:\/\/academiacatolica.com\/wp-content\/uploads\/2024\/03\/Academia-catolica-clases-de-diseno-web.png","articleSection":["Art\u00edculos"],"inLanguage":"es"},{"@type":"WebPage","@id":"https:\/\/academiacatolica.com\/index.php\/2024\/03\/07\/breve-reflexion-sobre-miercoles-de-ceniza-2024\/","url":"https:\/\/academiacatolica.com\/index.php\/2024\/03\/07\/breve-reflexion-sobre-miercoles-de-ceniza-2024\/","name":"Breve reflexi\u00f3n sobre mi\u00e9rcoles de ceniza 2024 - academiacatolica.com | Hacia la contemplaci\u00f3n de la verdad","isPartOf":{"@id":"https:\/\/academiacatolica.com\/#website"},"primaryImageOfPage":{"@id":"https:\/\/academiacatolica.com\/index.php\/2024\/03\/07\/breve-reflexion-sobre-miercoles-de-ceniza-2024\/#primaryimage"},"image":{"@id":"https:\/\/academiacatolica.com\/index.php\/2024\/03\/07\/breve-reflexion-sobre-miercoles-de-ceniza-2024\/#primaryimage"},"thumbnailUrl":"https:\/\/academiacatolica.com\/wp-content\/uploads\/2024\/03\/Academia-catolica-clases-de-diseno-web.png","datePublished":"2024-03-07T21:44:02+00:00","dateModified":"2025-01-01T16:28:33+00:00","author":{"@id":"https:\/\/academiacatolica.com\/#\/schema\/person\/5be95da788414a993cef27f151ffd640"},"breadcrumb":{"@id":"https:\/\/academiacatolica.com\/index.php\/2024\/03\/07\/breve-reflexion-sobre-miercoles-de-ceniza-2024\/#breadcrumb"},"inLanguage":"es","potentialAction":[{"@type":"ReadAction","target":["https:\/\/academiacatolica.com\/index.php\/2024\/03\/07\/breve-reflexion-sobre-miercoles-de-ceniza-2024\/"]}]},{"@type":"ImageObject","inLanguage":"es","@id":"https:\/\/academiacatolica.com\/index.php\/2024\/03\/07\/breve-reflexion-sobre-miercoles-de-ceniza-2024\/#primaryimage","url":"https:\/\/academiacatolica.com\/wp-content\/uploads\/2024\/03\/Academia-catolica-clases-de-diseno-web.png","contentUrl":"https:\/\/academiacatolica.com\/wp-content\/uploads\/2024\/03\/Academia-catolica-clases-de-diseno-web.png","width":2500,"height":1500,"caption":"Mi\u00e9rcoles de ceniza"},{"@type":"BreadcrumbList","@id":"https:\/\/academiacatolica.com\/index.php\/2024\/03\/07\/breve-reflexion-sobre-miercoles-de-ceniza-2024\/#breadcrumb","itemListElement":[{"@type":"ListItem","position":1,"name":"Home","item":"https:\/\/academiacatolica.com\/"},{"@type":"ListItem","position":2,"name":"Breve reflexi\u00f3n sobre mi\u00e9rcoles de ceniza 2024"}]},{"@type":"WebSite","@id":"https:\/\/academiacatolica.com\/#website","url":"https:\/\/academiacatolica.com\/","name":"academiacatolica.com | Hacia la contemplaci\u00f3n de la verdad","description":"P\u00e1gina Web Oficial del P. Tom\u00e1s Agust\u00edn Beroch - Catequesis digital","potentialAction":[{"@type":"SearchAction","target":{"@type":"EntryPoint","urlTemplate":"https:\/\/academiacatolica.com\/?s={search_term_string}"},"query-input":{"@type":"PropertyValueSpecification","valueRequired":true,"valueName":"search_term_string"}}],"inLanguage":"es"},{"@type":"Person","@id":"https:\/\/academiacatolica.com\/#\/schema\/person\/5be95da788414a993cef27f151ffd640","name":"academiacatolica.com","image":{"@type":"ImageObject","inLanguage":"es","@id":"https:\/\/secure.gravatar.com\/avatar\/b171d0886bae1524505616fe9b8ccc140215749d2de00d9eaf9288f17d5be9d4?s=96&d=mm&r=g","url":"https:\/\/secure.gravatar.com\/avatar\/b171d0886bae1524505616fe9b8ccc140215749d2de00d9eaf9288f17d5be9d4?s=96&d=mm&r=g","contentUrl":"https:\/\/secure.gravatar.com\/avatar\/b171d0886bae1524505616fe9b8ccc140215749d2de00d9eaf9288f17d5be9d4?s=96&d=mm&r=g","caption":"academiacatolica.com"},"sameAs":["https:\/\/academiacatolica.com"],"url":"https:\/\/academiacatolica.com\/index.php\/author\/academiacatolica-com\/"}]}},"_links":{"self":[{"href":"https:\/\/academiacatolica.com\/index.php\/wp-json\/wp\/v2\/posts\/91","targetHints":{"allow":["GET"]}}],"collection":[{"href":"https:\/\/academiacatolica.com\/index.php\/wp-json\/wp\/v2\/posts"}],"about":[{"href":"https:\/\/academiacatolica.com\/index.php\/wp-json\/wp\/v2\/types\/post"}],"author":[{"embeddable":true,"href":"https:\/\/academiacatolica.com\/index.php\/wp-json\/wp\/v2\/users\/1"}],"replies":[{"embeddable":true,"href":"https:\/\/academiacatolica.com\/index.php\/wp-json\/wp\/v2\/comments?post=91"}],"version-history":[{"count":3,"href":"https:\/\/academiacatolica.com\/index.php\/wp-json\/wp\/v2\/posts\/91\/revisions"}],"predecessor-version":[{"id":106,"href":"https:\/\/academiacatolica.com\/index.php\/wp-json\/wp\/v2\/posts\/91\/revisions\/106"}],"wp:featuredmedia":[{"embeddable":true,"href":"https:\/\/academiacatolica.com\/index.php\/wp-json\/wp\/v2\/media\/104"}],"wp:attachment":[{"href":"https:\/\/academiacatolica.com\/index.php\/wp-json\/wp\/v2\/media?parent=91"}],"wp:term":[{"taxonomy":"category","embeddable":true,"href":"https:\/\/academiacatolica.com\/index.php\/wp-json\/wp\/v2\/categories?post=91"},{"taxonomy":"post_tag","embeddable":true,"href":"https:\/\/academiacatolica.com\/index.php\/wp-json\/wp\/v2\/tags?post=91"}],"curies":[{"name":"wp","href":"https:\/\/api.w.org\/{rel}","templated":true}]}}