{"id":3,"name":"Padre Tomas","url":"","description":"","link":"https:\/\/academiacatolica.com\/index.php\/author\/padretbtritten\/","slug":"padretbtritten","avatar_urls":{"24":"https:\/\/secure.gravatar.com\/avatar\/debde11d0a08b0b82264c47a07e753310d506ab41f79e6193e661b3fd9a12ca9?s=24&d=mm&r=g","48":"https:\/\/secure.gravatar.com\/avatar\/debde11d0a08b0b82264c47a07e753310d506ab41f79e6193e661b3fd9a12ca9?s=48&d=mm&r=g","96":"https:\/\/secure.gravatar.com\/avatar\/debde11d0a08b0b82264c47a07e753310d506ab41f79e6193e661b3fd9a12ca9?s=96&d=mm&r=g"},"meta":[],"yoast_head":"<!-- This site is optimized with the Yoast SEO plugin v27.5 - https:\/\/yoast.com\/product\/yoast-seo-wordpress\/ -->\n<title>Padre Tomas, Author at academiacatolica.com | Hacia la contemplaci\u00f3n de la verdad<\/title>\n<meta name=\"robots\" content=\"index, follow, max-snippet:-1, max-image-preview:large, max-video-preview:-1\" \/>\n<link rel=\"canonical\" href=\"https:\/\/academiacatolica.com\/index.php\/author\/padretbtritten\/\" \/>\n<meta property=\"og:locale\" content=\"es_ES\" \/>\n<meta property=\"og:type\" content=\"profile\" \/>\n<meta property=\"og:title\" content=\"Padre Tomas, Author at academiacatolica.com | Hacia la contemplaci\u00f3n de la verdad\" \/>\n<meta property=\"og:url\" content=\"https:\/\/academiacatolica.com\/index.php\/author\/padretbtritten\/\" \/>\n<meta property=\"og:site_name\" content=\"academiacatolica.com | Hacia la contemplaci\u00f3n de la verdad\" \/>\n<meta property=\"og:image\" content=\"https:\/\/secure.gravatar.com\/avatar\/46b5e4856d1b6912c30ca4a31cbb1740?s=500&d=mm&r=g\" \/>\n<meta name=\"twitter:card\" content=\"summary_large_image\" \/>\n<script type=\"application\/ld+json\" class=\"yoast-schema-graph\">{\"@context\":\"https:\\\/\\\/schema.org\",\"@graph\":[{\"@type\":\"ProfilePage\",\"@id\":\"https:\\\/\\\/academiacatolica.com\\\/index.php\\\/author\\\/padretbtritten\\\/\",\"url\":\"https:\\\/\\\/academiacatolica.com\\\/index.php\\\/author\\\/padretbtritten\\\/\",\"name\":\"Padre Tomas, Author at academiacatolica.com | Hacia la contemplaci\u00f3n de la verdad\",\"isPartOf\":{\"@id\":\"https:\\\/\\\/academiacatolica.com\\\/#website\"},\"breadcrumb\":{\"@id\":\"https:\\\/\\\/academiacatolica.com\\\/index.php\\\/author\\\/padretbtritten\\\/#breadcrumb\"},\"inLanguage\":\"es\",\"potentialAction\":[{\"@type\":\"ReadAction\",\"target\":[\"https:\\\/\\\/academiacatolica.com\\\/index.php\\\/author\\\/padretbtritten\\\/\"]}]},{\"@type\":\"BreadcrumbList\",\"@id\":\"https:\\\/\\\/academiacatolica.com\\\/index.php\\\/author\\\/padretbtritten\\\/#breadcrumb\",\"itemListElement\":[{\"@type\":\"ListItem\",\"position\":1,\"name\":\"Home\",\"item\":\"https:\\\/\\\/academiacatolica.com\\\/\"},{\"@type\":\"ListItem\",\"position\":2,\"name\":\"Archives for Padre Tomas\"}]},{\"@type\":\"WebSite\",\"@id\":\"https:\\\/\\\/academiacatolica.com\\\/#website\",\"url\":\"https:\\\/\\\/academiacatolica.com\\\/\",\"name\":\"academiacatolica.com | Hacia la contemplaci\u00f3n de la verdad\",\"description\":\"P\u00e1gina Web Oficial del P. Tom\u00e1s Agust\u00edn Beroch - Catequesis digital\",\"potentialAction\":[{\"@type\":\"SearchAction\",\"target\":{\"@type\":\"EntryPoint\",\"urlTemplate\":\"https:\\\/\\\/academiacatolica.com\\\/?s={search_term_string}\"},\"query-input\":{\"@type\":\"PropertyValueSpecification\",\"valueRequired\":true,\"valueName\":\"search_term_string\"}}],\"inLanguage\":\"es\"},{\"@type\":\"Person\",\"@id\":\"https:\\\/\\\/academiacatolica.com\\\/#\\\/schema\\\/person\\\/1f3028bcc7fdbccc6999ea19a0c9fc36\",\"name\":\"Padre Tomas\",\"image\":{\"@type\":\"ImageObject\",\"inLanguage\":\"es\",\"@id\":\"https:\\\/\\\/secure.gravatar.com\\\/avatar\\\/debde11d0a08b0b82264c47a07e753310d506ab41f79e6193e661b3fd9a12ca9?s=96&d=mm&r=g\",\"url\":\"https:\\\/\\\/secure.gravatar.com\\\/avatar\\\/debde11d0a08b0b82264c47a07e753310d506ab41f79e6193e661b3fd9a12ca9?s=96&d=mm&r=g\",\"contentUrl\":\"https:\\\/\\\/secure.gravatar.com\\\/avatar\\\/debde11d0a08b0b82264c47a07e753310d506ab41f79e6193e661b3fd9a12ca9?s=96&d=mm&r=g\",\"caption\":\"Padre Tomas\"},\"mainEntityOfPage\":{\"@id\":\"https:\\\/\\\/academiacatolica.com\\\/index.php\\\/author\\\/padretbtritten\\\/\"}}]}<\/script>\n<!-- \/ Yoast SEO plugin. -->","yoast_head_json":{"title":"Padre Tomas, Author at academiacatolica.com | Hacia la contemplaci\u00f3n de la verdad","robots":{"index":"index","follow":"follow","max-snippet":"max-snippet:-1","max-image-preview":"max-image-preview:large","max-video-preview":"max-video-preview:-1"},"canonical":"https:\/\/academiacatolica.com\/index.php\/author\/padretbtritten\/","og_locale":"es_ES","og_type":"profile","og_title":"Padre Tomas, Author at academiacatolica.com | Hacia la contemplaci\u00f3n de la verdad","og_url":"https:\/\/academiacatolica.com\/index.php\/author\/padretbtritten\/","og_site_name":"academiacatolica.com | Hacia la contemplaci\u00f3n de la verdad","og_image":[{"url":"https:\/\/secure.gravatar.com\/avatar\/46b5e4856d1b6912c30ca4a31cbb1740?s=500&d=mm&r=g","type":"","width":"","height":""}],"twitter_card":"summary_large_image","schema":{"@context":"https:\/\/schema.org","@graph":[{"@type":"ProfilePage","@id":"https:\/\/academiacatolica.com\/index.php\/author\/padretbtritten\/","url":"https:\/\/academiacatolica.com\/index.php\/author\/padretbtritten\/","name":"Padre Tomas, Author at academiacatolica.com | Hacia la contemplaci\u00f3n de la verdad","isPartOf":{"@id":"https:\/\/academiacatolica.com\/#website"},"breadcrumb":{"@id":"https:\/\/academiacatolica.com\/index.php\/author\/padretbtritten\/#breadcrumb"},"inLanguage":"es","potentialAction":[{"@type":"ReadAction","target":["https:\/\/academiacatolica.com\/index.php\/author\/padretbtritten\/"]}]},{"@type":"BreadcrumbList","@id":"https:\/\/academiacatolica.com\/index.php\/author\/padretbtritten\/#breadcrumb","itemListElement":[{"@type":"ListItem","position":1,"name":"Home","item":"https:\/\/academiacatolica.com\/"},{"@type":"ListItem","position":2,"name":"Archives for Padre Tomas"}]},{"@type":"WebSite","@id":"https:\/\/academiacatolica.com\/#website","url":"https:\/\/academiacatolica.com\/","name":"academiacatolica.com | Hacia la contemplaci\u00f3n de la verdad","description":"P\u00e1gina Web Oficial del P. Tom\u00e1s Agust\u00edn Beroch - Catequesis digital","potentialAction":[{"@type":"SearchAction","target":{"@type":"EntryPoint","urlTemplate":"https:\/\/academiacatolica.com\/?s={search_term_string}"},"query-input":{"@type":"PropertyValueSpecification","valueRequired":true,"valueName":"search_term_string"}}],"inLanguage":"es"},{"@type":"Person","@id":"https:\/\/academiacatolica.com\/#\/schema\/person\/1f3028bcc7fdbccc6999ea19a0c9fc36","name":"Padre Tomas","image":{"@type":"ImageObject","inLanguage":"es","@id":"https:\/\/secure.gravatar.com\/avatar\/debde11d0a08b0b82264c47a07e753310d506ab41f79e6193e661b3fd9a12ca9?s=96&d=mm&r=g","url":"https:\/\/secure.gravatar.com\/avatar\/debde11d0a08b0b82264c47a07e753310d506ab41f79e6193e661b3fd9a12ca9?s=96&d=mm&r=g","contentUrl":"https:\/\/secure.gravatar.com\/avatar\/debde11d0a08b0b82264c47a07e753310d506ab41f79e6193e661b3fd9a12ca9?s=96&d=mm&r=g","caption":"Padre Tomas"},"mainEntityOfPage":{"@id":"https:\/\/academiacatolica.com\/index.php\/author\/padretbtritten\/"}}]}},"_links":{"self":[{"href":"https:\/\/academiacatolica.com\/index.php\/wp-json\/wp\/v2\/users\/3","targetHints":{"allow":["GET"]}}],"collection":[{"href":"https:\/\/academiacatolica.com\/index.php\/wp-json\/wp\/v2\/users"}]}}